{"id":34505,"date":"2025-05-01T06:35:22","date_gmt":"2025-05-01T05:35:22","guid":{"rendered":"https:\/\/ostrowskatv.pl\/?p=34505"},"modified":"2025-05-01T06:35:22","modified_gmt":"2025-05-01T05:35:22","slug":"chcesz-zeby-twoje-dziecko-mialo-trepanacje-czaszki-nie-dawaj-mu-kasku","status":"publish","type":"post","link":"https:\/\/ostrowskatv.pl\/?p=34505","title":{"rendered":"Chcesz, \u017ceby twoje dziecko mia\u0142o trepanacj\u0119 czaszki? Nie dawaj mu kasku!"},"content":{"rendered":"<p><strong>Rozpocz\u0105\u0142 si\u0119 d\u0142ugo wyczekiwany d\u0142ugi weekend majowy. Pogoda zapowiada si\u0119 s\u0142onecznie i sprzyjaj\u0105co do sp\u0119dzania czasu na \u015bwie\u017cym powietrzu. W miastach, miasteczkach i parkach znowu t\u0142umnie pojawi\u0105 si\u0119 u\u017cytkownicy hulajn\u00f3g elektrycznych \u2013 coraz popularniejszego \u015brodka transportu w\u015br\u00f3d m\u0142odzie\u017cy i doros\u0142ych. Niestety, wraz z t\u0105 popularno\u015bci\u0105 ro\u015bnie te\u017c liczba wypadk\u00f3w.<\/strong><\/p>\n<h3>Policja ruszy\u0142a z kontrolami<\/h3>\n<p class=\"\" data-start=\"833\" data-end=\"903\">Jak informuje <strong data-start=\"847\" data-end=\"870\">Ewa Goli\u0144ska-Jurasz<\/strong>, rzecznik ostrowskiej policji:<\/p>\n<blockquote data-start=\"904\" data-end=\"1138\">\n<p class=\"\" data-start=\"906\" data-end=\"1138\">\u2013 W ostatnim czasie na terenie powiatu ostrowskiego zauwa\u017cyli\u015bmy znacz\u0105cy wzrost zdarze\u0144 drogowych z udzia\u0142em u\u017cytkownik\u00f3w hulajn\u00f3g elektrycznych. Niestety, cz\u0119sto ko\u0144cz\u0105 si\u0119 one hospitalizacj\u0105, a nawet bardzo powa\u017cnymi obra\u017ceniami.<\/p>\n<\/blockquote>\n<p class=\"\" data-start=\"1140\" data-end=\"1560\">W odpowiedzi na pogarszaj\u0105c\u0105 si\u0119 sytuacj\u0119 policja prowadzi <strong data-start=\"1199\" data-end=\"1247\">kontrole u\u017cytkownik\u00f3w hulajn\u00f3g elektrycznych<\/strong>, zwracaj\u0105c szczeg\u00f3ln\u0105 uwag\u0119 na to, <strong data-start=\"1283\" data-end=\"1356\">czy pojazd nie przekracza maksymalnej dopuszczalnej pr\u0119dko\u015bci 20 km\/h<\/strong>. Funkcjonariusze przypominaj\u0105 te\u017c, \u017ce w wyj\u0105tkowych przypadkach jazda po chodniku jest dozwolona, ale tylko przy <strong data-start=\"1470\" data-end=\"1505\">pr\u0119dko\u015bci zbli\u017conej do pieszego<\/strong> i z obowi\u0105zkiem <strong data-start=\"1522\" data-end=\"1559\">ust\u0119powania pierwsze\u0144stwa pieszym<\/strong>.<\/p>\n<p class=\"\" data-start=\"1562\" data-end=\"1734\">\u2013 <strong data-start=\"1564\" data-end=\"1642\">Kieruj\u0105cy hulajnog\u0105 elektryczn\u0105 nie mo\u017ce porusza\u0107 si\u0119 pod wp\u0142ywem alkoholu<\/strong>, a urz\u0105dzenie to jest przeznaczone <strong data-start=\"1678\" data-end=\"1708\">wy\u0142\u0105cznie dla jednej osoby<\/strong> \u2013 dodaje Goli\u0144ska-Jurasz.<\/p>\n<h3 class=\"\" data-start=\"1736\" data-end=\"1803\">Lekarze alarmuj\u0105: najwi\u0119cej poszkodowanych to dzieci bez kask\u00f3w<\/h3>\n<p class=\"\" data-start=\"1805\" data-end=\"1995\">W ostrowskim szpitalu regularnie pojawiaj\u0105 si\u0119 m\u0142odzi pacjenci z urazami g\u0142owy po wypadkach na hulajnogach. <strong data-start=\"1913\" data-end=\"1935\">Witold Mia\u015bkiewicz<\/strong>, lekarz pracuj\u0105cy w szpitalu, nie ukrywa swojego niepokoju:<\/p>\n<blockquote data-start=\"1997\" data-end=\"2235\">\n<p class=\"\" data-start=\"1999\" data-end=\"2235\">\u2013 <strong data-start=\"2001\" data-end=\"2101\">Pacjenci, kt\u00f3rzy do nas trafiaj\u0105, to cz\u0119sto dzieci. I niestety, wi\u0119kszo\u015b\u0107 z nich nie nosi kask\u00f3w<\/strong>. O ile na rowerach obowi\u0105zuj\u0105 przepisy dotycz\u0105ce ochrony g\u0142owy, o tyle hulajnogi elektryczne pozostaj\u0105 w tym zakresie nieuregulowane.<\/p>\n<\/blockquote>\n<blockquote data-start=\"2237\" data-end=\"2466\">\n<p class=\"\" data-start=\"2239\" data-end=\"2466\">\u2013 Mieli\u015bmy ju\u017c przypadki dzieci, kt\u00f3re wymaga\u0142y <strong data-start=\"2287\" data-end=\"2316\">pilnej trepanacji czaszki<\/strong>. Inni mieli st\u0142uczenia m\u00f3zgu, krwiaki wewn\u0105trzczaszkowe \u2013 to bardzo powa\u017cne urazy, kt\u00f3re mog\u0105 mie\u0107 konsekwencje neurologiczne na ca\u0142e \u017cycie \u2013 dodaje.<\/p>\n<\/blockquote>\n<blockquote data-start=\"2468\" data-end=\"2689\">\n<p class=\"\" data-start=\"2470\" data-end=\"2689\">\u2013 Zdarza si\u0119, \u017ce podczas jednego dy\u017curu przyjmujemy dwoje, troje dzieci z podobnymi obra\u017ceniami. To nie s\u0105 jednostkowe przypadki. To <strong data-start=\"2603\" data-end=\"2628\">systematyczny problem<\/strong>, kt\u00f3ry b\u0119dzie narasta\u0107, zw\u0142aszcza w cieplejszych miesi\u0105cach.<\/p>\n<\/blockquote>\n<p>Grupa ratownicza \u201eGotowi do Ratowania\u201d co roku podkre\u015bla te same zagro\u017cenia:<\/p>\n<p> \u2013 POSZKODOWANI URAZOWI \u2013 urazy g\u0142owy, czaszki, twarzoczaszki, z\u0142amania, wstrz\u0105\u015bnienia, krwotoki wewn\u0105trzczaszkowe&#8230;<br \/>\n\u2757\ufe0f Kask poch\u0142ania nawet do 70% energii uderzenia. To znacz\u0105co zmniejsza ryzyko uraz\u00f3w.<br \/>\n\u2757\ufe0f Brak kasku mo\u017ce skutkowa\u0107 z\u0142amaniem czaszki, krwotokami, uszkodzeniem m\u00f3zgu.<br \/>\n\u26a0\ufe0f Kask zak\u0142adamy niezale\u017cnie od wieku \u2013 to zasada, kt\u00f3ra powinna obowi\u0105zywa\u0107 ka\u017cdego.<\/p>\n<p>Rodzice cz\u0119sto t\u0142umacz\u0105 si\u0119: <strong>\u201edziecko nie chcia\u0142o\u201d,<\/strong> <strong>\u201enie wiedzia\u0142em, \u017ce to niebezpieczne\u201d.<\/strong> Ale niestety, skutki mog\u0105 by\u0107 dramatyczne. Uderzenie w g\u0142ow\u0119 przy pr\u0119dko\u015bci 30 km\/h \u2013 a takie pr\u0119dko\u015bci s\u0105 mo\u017cliwe, gdy sprz\u0119t nie jest ograniczony \u2013 mo\u017ce sko\u0144czy\u0107 si\u0119 \u015bmierci\u0105 lub trwa\u0142ym kalectwem.<\/p>\n<p>Dlatego ten d\u0142ugi weekend to nie tylko czas odpoczynku. To r\u00f3wnie\u017c czas odpowiedzialno\u015bci \u2013 za siebie, za dzieci, za innych uczestnik\u00f3w ruchu. Wybieraj\u0105c si\u0119 na hulajnog\u0119, za\u0142\u00f3\u017c kask. To niewielki gest, kt\u00f3ry mo\u017ce uratowa\u0107 \u017cycie.<\/p>\n<p>Ci\u0105g dalszy artyku\u0142u pod zdj\u0119ciami:<\/p>\n<p><img loading=\"lazy\" decoding=\"async\" class=\"alignnone size-full wp-image-34515\" src=\"https:\/\/ostrowskatv.pl\/wp-content\/uploads\/2025\/05\/hulajnogi01.png\" alt=\"\" width=\"1750\" height=\"984\" srcset=\"https:\/\/ostrowskatv.pl\/wp-content\/uploads\/2025\/05\/hulajnogi01.png 1750w, https:\/\/ostrowskatv.pl\/wp-content\/uploads\/2025\/05\/hulajnogi01-300x169.png 300w, https:\/\/ostrowskatv.pl\/wp-content\/uploads\/2025\/05\/hulajnogi01-1333x750.png 1333w, https:\/\/ostrowskatv.pl\/wp-content\/uploads\/2025\/05\/hulajnogi01-1536x864.png 1536w\" sizes=\"auto, (max-width: 1750px) 100vw, 1750px\" \/><\/p>\n<p><img loading=\"lazy\" decoding=\"async\" class=\"alignnone size-full wp-image-34516\" src=\"https:\/\/ostrowskatv.pl\/wp-content\/uploads\/2025\/05\/hulajnogi02.png\" alt=\"\" width=\"1138\" height=\"559\" srcset=\"https:\/\/ostrowskatv.pl\/wp-content\/uploads\/2025\/05\/hulajnogi02.png 1138w, https:\/\/ostrowskatv.pl\/wp-content\/uploads\/2025\/05\/hulajnogi02-300x147.png 300w\" sizes=\"auto, (max-width: 1138px) 100vw, 1138px\" \/><\/p>\n<p>&nbsp;<\/p>\n<p><img loading=\"lazy\" decoding=\"async\" class=\"alignnone size-full wp-image-34518\" src=\"https:\/\/ostrowskatv.pl\/wp-content\/uploads\/2025\/05\/hulajnogi04.png\" alt=\"\" width=\"1920\" height=\"1080\" srcset=\"https:\/\/ostrowskatv.pl\/wp-content\/uploads\/2025\/05\/hulajnogi04.png 1920w, https:\/\/ostrowskatv.pl\/wp-content\/uploads\/2025\/05\/hulajnogi04-300x169.png 300w, https:\/\/ostrowskatv.pl\/wp-content\/uploads\/2025\/05\/hulajnogi04-1333x750.png 1333w, https:\/\/ostrowskatv.pl\/wp-content\/uploads\/2025\/05\/hulajnogi04-1536x864.png 1536w\" sizes=\"auto, (max-width: 1920px) 100vw, 1920px\" \/><\/p>\n<p><img loading=\"lazy\" decoding=\"async\" class=\"alignnone size-full wp-image-34519\" src=\"https:\/\/ostrowskatv.pl\/wp-content\/uploads\/2025\/05\/hulajnogi05.png\" alt=\"\" width=\"1512\" height=\"851\" srcset=\"https:\/\/ostrowskatv.pl\/wp-content\/uploads\/2025\/05\/hulajnogi05.png 1512w, https:\/\/ostrowskatv.pl\/wp-content\/uploads\/2025\/05\/hulajnogi05-300x169.png 300w, https:\/\/ostrowskatv.pl\/wp-content\/uploads\/2025\/05\/hulajnogi05-1333x750.png 1333w\" sizes=\"auto, (max-width: 1512px) 100vw, 1512px\" \/><\/p>\n<p><img loading=\"lazy\" decoding=\"async\" class=\"alignnone size-full wp-image-34520\" src=\"https:\/\/ostrowskatv.pl\/wp-content\/uploads\/2025\/05\/hulajnogi06.png\" alt=\"\" width=\"1206\" height=\"1080\" srcset=\"https:\/\/ostrowskatv.pl\/wp-content\/uploads\/2025\/05\/hulajnogi06.png 1206w, https:\/\/ostrowskatv.pl\/wp-content\/uploads\/2025\/05\/hulajnogi06-300x269.png 300w\" sizes=\"auto, (max-width: 1206px) 100vw, 1206px\" \/><\/p>\n<p><img loading=\"lazy\" decoding=\"async\" class=\"alignnone size-full wp-image-34521\" src=\"https:\/\/ostrowskatv.pl\/wp-content\/uploads\/2025\/05\/hulajnogi07.png\" alt=\"\" width=\"1596\" height=\"1080\" srcset=\"https:\/\/ostrowskatv.pl\/wp-content\/uploads\/2025\/05\/hulajnogi07.png 1596w, https:\/\/ostrowskatv.pl\/wp-content\/uploads\/2025\/05\/hulajnogi07-300x203.png 300w, https:\/\/ostrowskatv.pl\/wp-content\/uploads\/2025\/05\/hulajnogi07-1333x902.png 1333w, https:\/\/ostrowskatv.pl\/wp-content\/uploads\/2025\/05\/hulajnogi07-1536x1039.png 1536w\" sizes=\"auto, (max-width: 1596px) 100vw, 1596px\" \/><\/p>\n<p><img loading=\"lazy\" decoding=\"async\" class=\"alignnone size-full wp-image-34522\" src=\"https:\/\/ostrowskatv.pl\/wp-content\/uploads\/2025\/05\/hulajnogi08.png\" alt=\"\" width=\"1617\" height=\"1080\" srcset=\"https:\/\/ostrowskatv.pl\/wp-content\/uploads\/2025\/05\/hulajnogi08.png 1617w, https:\/\/ostrowskatv.pl\/wp-content\/uploads\/2025\/05\/hulajnogi08-300x200.png 300w, https:\/\/ostrowskatv.pl\/wp-content\/uploads\/2025\/05\/hulajnogi08-1333x890.png 1333w, https:\/\/ostrowskatv.pl\/wp-content\/uploads\/2025\/05\/hulajnogi08-1536x1026.png 1536w\" sizes=\"auto, (max-width: 1617px) 100vw, 1617px\" \/><\/p>\n<div id=\"fb-root\"><\/div>\n<p><script async defer crossorigin=\"anonymous\" src=\"https:\/\/connect.facebook.net\/pl_PL\/sdk.js#xfbml=1&#038;version=v19.0\" nonce=\"abc123\"><\/script><\/p>\n<div class=\"fb-post\" data-href=\"https:\/\/www.facebook.com\/GotowiDoRatowania\/posts\/pfbid0248x8GEfdXMDtGHd5bDetsaZ7xopLep9qmXW7f7U9Rk59ZZjRcmazMboEUJtnaPJYl\" data-width=\"500\" data-show-text=\"true\"><\/div>\n","protected":false},"excerpt":{"rendered":"Rozpocz\u0105\u0142 si\u0119 d\u0142ugo wyczekiwany d\u0142ugi weekend majowy. Pogoda zapowiada si\u0119 s\u0142onecznie i sprzyjaj\u0105co do sp\u0119dzania czasu na \u015bwie\u017cym powietrzu. W miastach, miasteczkach i \n<a class=\"moretag\" href=\"https:\/\/ostrowskatv.pl\/?p=34505\"> [...]<\/a>","protected":false},"author":1,"featured_media":34518,"comment_status":"open","ping_status":"closed","sticky":false,"template":"","format":"standard","meta":{"footnotes":""},"categories":[1],"tags":[244],"class_list":["post-34505","post","type-post","status-publish","format-standard","has-post-thumbnail","hentry","category-news","tag-hulajnoga"],"_links":{"self":[{"href":"https:\/\/ostrowskatv.pl\/index.php?rest_route=\/wp\/v2\/posts\/34505","targetHints":{"allow":["GET"]}}],"collection":[{"href":"https:\/\/ostrowskatv.pl\/index.php?rest_route=\/wp\/v2\/posts"}],"about":[{"href":"https:\/\/ostrowskatv.pl\/index.php?rest_route=\/wp\/v2\/types\/post"}],"author":[{"embeddable":true,"href":"https:\/\/ostrowskatv.pl\/index.php?rest_route=\/wp\/v2\/users\/1"}],"replies":[{"embeddable":true,"href":"https:\/\/ostrowskatv.pl\/index.php?rest_route=%2Fwp%2Fv2%2Fcomments&post=34505"}],"version-history":[{"count":1,"href":"https:\/\/ostrowskatv.pl\/index.php?rest_route=\/wp\/v2\/posts\/34505\/revisions"}],"predecessor-version":[{"id":34523,"href":"https:\/\/ostrowskatv.pl\/index.php?rest_route=\/wp\/v2\/posts\/34505\/revisions\/34523"}],"wp:featuredmedia":[{"embeddable":true,"href":"https:\/\/ostrowskatv.pl\/index.php?rest_route=\/wp\/v2\/media\/34518"}],"wp:attachment":[{"href":"https:\/\/ostrowskatv.pl\/index.php?rest_route=%2Fwp%2Fv2%2Fmedia&parent=34505"}],"wp:term":[{"taxonomy":"category","embeddable":true,"href":"https:\/\/ostrowskatv.pl\/index.php?rest_route=%2Fwp%2Fv2%2Fcategories&post=34505"},{"taxonomy":"post_tag","embeddable":true,"href":"https:\/\/ostrowskatv.pl\/index.php?rest_route=%2Fwp%2Fv2%2Ftags&post=34505"}],"curies":[{"name":"wp","href":"https:\/\/api.w.org\/{rel}","templated":true}]}}