{"id":3440,"date":"2017-03-30T10:38:40","date_gmt":"2017-03-30T09:38:40","guid":{"rendered":"http:\/\/ostrowska.tv\/?p=3440"},"modified":"2017-03-30T10:38:40","modified_gmt":"2017-03-30T09:38:40","slug":"45-latek-w-ciezkim-stanie-po-wypadku-w-wysocku-wlk","status":"publish","type":"post","link":"https:\/\/ostrowskatv.pl\/?p=3440","title":{"rendered":"45-latek w ci\u0119\u017ckim stanie po wypadku w Wysocku Wlk."},"content":{"rendered":"<p><strong>Na st\u00f3j operacyjny trafi\u0142 45-letni m\u0119\u017cczyzna w wyniku wypadku, do kt\u00f3rego dosz\u0142o w czwartkowy poranek. Ze wst\u0119pnych ustale\u0144 wynika, \u017ce zderzy\u0142 si\u0119 motorowerzysta z dwoma samochodami osobowymi.<\/strong><\/p>\n<p>Jak relacjonowali kierowcy aut, kierowca bia\u0142ego Daewoo Matiza w\u0142\u0105czy\u0142 kierunkowskaz i zatrzyma\u0142 si\u0119 przy prawej kraw\u0119dzi jezdni chc\u0105c zabra\u0107 koleg\u0119 z pracy. Jad\u0105cy za nim motorowerzysta w ostatniej chwili mia\u0142 wykona\u0107 gwa\u0142towny manewr skr\u0119tu w lewo &#8211; by\u0107 mo\u017ce w celu omini\u0119cia Matiza &#8211; przez co wyjecha\u0142 na lewy pas i zderzy\u0142 si\u0119 z Audi A3. Po uderzeniu w Audi, odbi\u0142 si\u0119 i uderzy\u0142 w bok Matiza.<\/p>\n<p>Do wypadku dosz\u0142o na ul. Ko\u015bcielnej w Wysocku Wielkim. 45-letniego motorowerzyst\u0119 zabrano do ostrowskiego szpitala, gdzie od razu trafi\u0142 na st\u00f3\u0142 operacyjny. Kierowcy aut byli trze\u017awi, a od poszkodowanego pobrano krew do bada\u0144. Wst\u0119pnie stan poszkodowanego okre\u015bla si\u0119 jako bardzo ci\u0119\u017cko &#8211; wielonarz\u0105dowy.<\/p>\n<div id='gallery-1' class='gallery galleryid-3440 gallery-columns-3 gallery-size-thumbnail'><figure class='gallery-item'>\n\t\t\t<div class='gallery-icon portrait'>\n\t\t\t\t<a href='https:\/\/ostrowskatv.pl\/?attachment_id=3441'><img loading=\"lazy\" decoding=\"async\" width=\"150\" height=\"150\" src=\"https:\/\/ostrowskatv.pl\/wp-content\/uploads\/2017\/03\/20170330_081513-150x150.jpg\" class=\"attachment-thumbnail size-thumbnail\" alt=\"\" \/><\/a>\n\t\t\t<\/div><\/figure><figure class='gallery-item'>\n\t\t\t<div class='gallery-icon landscape'>\n\t\t\t\t<a href='https:\/\/ostrowskatv.pl\/?attachment_id=3442'><img loading=\"lazy\" decoding=\"async\" width=\"150\" height=\"150\" src=\"https:\/\/ostrowskatv.pl\/wp-content\/uploads\/2017\/03\/20170330_081238-150x150.jpg\" class=\"attachment-thumbnail size-thumbnail\" alt=\"\" \/><\/a>\n\t\t\t<\/div><\/figure><figure class='gallery-item'>\n\t\t\t<div class='gallery-icon landscape'>\n\t\t\t\t<a href='https:\/\/ostrowskatv.pl\/?attachment_id=3443'><img loading=\"lazy\" decoding=\"async\" width=\"150\" height=\"150\" src=\"https:\/\/ostrowskatv.pl\/wp-content\/uploads\/2017\/03\/20170330_081226-150x150.jpg\" class=\"attachment-thumbnail size-thumbnail\" alt=\"\" \/><\/a>\n\t\t\t<\/div><\/figure><figure class='gallery-item'>\n\t\t\t<div class='gallery-icon landscape'>\n\t\t\t\t<a href='https:\/\/ostrowskatv.pl\/?attachment_id=3444'><img loading=\"lazy\" decoding=\"async\" width=\"150\" height=\"150\" src=\"https:\/\/ostrowskatv.pl\/wp-content\/uploads\/2017\/03\/20170330_081213-150x150.jpg\" class=\"attachment-thumbnail size-thumbnail\" alt=\"\" \/><\/a>\n\t\t\t<\/div><\/figure><figure class='gallery-item'>\n\t\t\t<div class='gallery-icon landscape'>\n\t\t\t\t<a href='https:\/\/ostrowskatv.pl\/?attachment_id=3445'><img loading=\"lazy\" decoding=\"async\" width=\"150\" height=\"150\" src=\"https:\/\/ostrowskatv.pl\/wp-content\/uploads\/2017\/03\/20170330_081159-150x150.jpg\" class=\"attachment-thumbnail size-thumbnail\" alt=\"\" \/><\/a>\n\t\t\t<\/div><\/figure>\n\t\t<\/div>\n\n","protected":false},"excerpt":{"rendered":"Na st\u00f3j operacyjny trafi\u0142 45-letni m\u0119\u017cczyzna w wyniku wypadku, do kt\u00f3rego dosz\u0142o w czwartkowy poranek. Ze wst\u0119pnych ustale\u0144 wynika, \u017ce zderzy\u0142 si\u0119 motorowerzysta \n<a class=\"moretag\" href=\"https:\/\/ostrowskatv.pl\/?p=3440\"> [...]<\/a>","protected":false},"author":1,"featured_media":3443,"comment_status":"open","ping_status":"open","sticky":false,"template":"","format":"standard","meta":{"footnotes":""},"categories":[1],"tags":[99],"class_list":["post-3440","post","type-post","status-publish","format-standard","has-post-thumbnail","hentry","category-news","tag-wysocko-wielkie"],"_links":{"self":[{"href":"https:\/\/ostrowskatv.pl\/index.php?rest_route=\/wp\/v2\/posts\/3440","targetHints":{"allow":["GET"]}}],"collection":[{"href":"https:\/\/ostrowskatv.pl\/index.php?rest_route=\/wp\/v2\/posts"}],"about":[{"href":"https:\/\/ostrowskatv.pl\/index.php?rest_route=\/wp\/v2\/types\/post"}],"author":[{"embeddable":true,"href":"https:\/\/ostrowskatv.pl\/index.php?rest_route=\/wp\/v2\/users\/1"}],"replies":[{"embeddable":true,"href":"https:\/\/ostrowskatv.pl\/index.php?rest_route=%2Fwp%2Fv2%2Fcomments&post=3440"}],"version-history":[{"count":0,"href":"https:\/\/ostrowskatv.pl\/index.php?rest_route=\/wp\/v2\/posts\/3440\/revisions"}],"wp:featuredmedia":[{"embeddable":true,"href":"https:\/\/ostrowskatv.pl\/index.php?rest_route=\/wp\/v2\/media\/3443"}],"wp:attachment":[{"href":"https:\/\/ostrowskatv.pl\/index.php?rest_route=%2Fwp%2Fv2%2Fmedia&parent=3440"}],"wp:term":[{"taxonomy":"category","embeddable":true,"href":"https:\/\/ostrowskatv.pl\/index.php?rest_route=%2Fwp%2Fv2%2Fcategories&post=3440"},{"taxonomy":"post_tag","embeddable":true,"href":"https:\/\/ostrowskatv.pl\/index.php?rest_route=%2Fwp%2Fv2%2Ftags&post=3440"}],"curies":[{"name":"wp","href":"https:\/\/api.w.org\/{rel}","templated":true}]}}