{"id":3434,"date":"2017-03-23T17:22:27","date_gmt":"2017-03-23T16:22:27","guid":{"rendered":"http:\/\/ostrowska.tv\/?p=3434"},"modified":"2017-03-23T17:22:27","modified_gmt":"2017-03-23T16:22:27","slug":"pogryziony-6-latek-wychodzi-ze-szpitala-bedzie-impreza","status":"publish","type":"post","link":"https:\/\/ostrowskatv.pl\/?p=3434","title":{"rendered":"Pogryziony 6-latek wychodzi ze szpitala. B\u0119dzie impreza!"},"content":{"rendered":"<p><strong>6-letni Oliwier w pi\u0105tek opu\u015bci ostrowski szpital. Przypomnijmy, \u017ce ch\u0142opiec zosta\u0142 makabrycznie pogryziony przez psa we wsi Dubin (powiat rawicki). I cho\u0107 przez pierwsze chwile Oliwier walczy\u0142 o \u017cycie, lekarzom uda\u0142o si\u0119 go uratowa\u0107.<\/strong><\/p>\n<p>Pan Wojciech, ojciec Oliwiera powiedzia\u0142, \u017ce na pi\u0105tek przygotowywane jest huczne przyj\u0119cie powitalnie w rodzinnej miejscowo\u015bci. Ojciec wspiera syna na oddziale chirurgii dzieci\u0119cej, a jego mama jest odpowiedzialna za dopilnowanie wszystkich zachcianek ze strony Oliwiera. A te s\u0105 do\u015b\u0107 ciekawe. Ch\u0142opiec za\u017cyczy\u0142 sobie pizz\u0119 i szampana Picollo. \u017byczy\u0142 sobie te\u017c petardy, ale ojciec poinformowa\u0142 go, \u017ce teraz nie mo\u017cna strzela\u0107, bo mog\u0105 si\u0119 wystraszy\u0107 inne psy.Doro\u015bli maj\u0105 natomiast w planach zjedzenie ud\u017aca. W uroczysto\u015bci ma wzi\u0105\u0107 udzia\u0142 a\u017c 40 os\u00f3b!<\/p>\n<p>Sam Oliwier dok\u0142adnie pami\u0119ta to co si\u0119 sta\u0142o. Traktuje to jak wypadek. Pies nale\u017ca\u0142 do szwagra matki dziecka.<br \/>\n&#8211; Pies nawet gdy by\u0142 wypuszczany z kojca, to zawsze by\u0142 przy nim w\u0142a\u015bciciel. Tym razem jednak go nie by\u0142o w czasie wypadku. &#8211; wspomina Wojciech, ojciec Oliwiera.<\/p>\n<p>Pies ma zosta\u0107 oddany do schroniska, bo u\u015bpiony by\u0107 nie mo\u017ce ze wzgl\u0119du na m\u0142ody wiek (2 lata). Zar\u00f3wno w\u015bcieklizny jak i innych chor\u00f3b nie wykryto u czworonoga. Jak wspomina ojciec ch\u0142opca, Oliwier ba\u0142 si\u0119 du\u017cych ps\u00f3w, dlatego te\u017c unika\u0142 psa zza p\u0142otu. Poszkodowany ch\u0142opiec nie chce ju\u017c widzie\u0107 tego psa jak i te\u017c innego od wujka, kt\u00f3ry na niego czasami warcza\u0142.<\/p>\n<p>Oliwier feralnego dnia bawi\u0142 si\u0119 z kuzynem. Mama 6-latka posz\u0142a do swojej siostry. Sz\u0142a dooko\u0142a ulic\u0105 by wej\u015b\u0107 drugimi drzwiami. W tym czasie Oliwier chcia\u0142 wr\u00f3ci\u0107 do domu by obejrze\u0107 bajki. Wybra\u0142 drog\u0119 przez podw\u00f3rko. Matka z synem si\u0119 min\u0119li.<\/p>\n<p>Ojciec poszkodowanego ch\u0142opca jest pod wra\u017ceniem jak znosi to wszystko. 6-latek ma nie odczuwa\u0107 b\u00f3lu. Obecnie ma \u015bci\u0105gane szwy. Jest ich oko\u0142o 100! Najwi\u0119cej ma na twarzy. Pozosta\u0142e s\u0105 na potylicy i pojedyncze na plecach i palcu.<\/p>\n<p>Tata zapyta\u0142 Oliwiera czy chce si\u0119 obejrze\u0107. Ten przytakn\u0105\u0142 i widz\u0105c swoj\u0105 twarz w lusterku &#8211; w czasie zmiany opatrunku -powiedzia\u0142: ooo, krew mam jeszcze na twarzy. To by\u0142y g\u0142\u00f3wnie strupki.<\/p>\n<p>&#8211; Teoretycznie to on nie mia\u0142 cz\u0119\u015bci twarzy. Na szcz\u0119\u015bcie uda\u0142o si\u0119 to wszystko pozszywa\u0107. Niestety brakuje du\u017cej cz\u0119\u015bci ucha. Na szcz\u0119\u015bcie s\u0142uch jest prawid\u0142owy. &#8211; relacjonowa\u0142 Wojciech, ojciec 6-latka.<\/p>\n<p>Leczenie zmierzaj\u0105ce do pe\u0142nego wygojenia potrwa co najmniej 12 tygodni. Dopiero p\u00f3\u017aniej b\u0119dzie mo\u017cna rozwa\u017ca\u0107 kwestie plastyczne.<br \/>\n&#8211; Uwa\u017cam, \u017ce psu odwali\u0142o. Szwagier mia\u0142 tego psa od roku. U szwagra nie mia\u0142 styczno\u015bci z psem, bo by\u0142 g\u0142\u00f3wnie zamkni\u0119ty w kojcu. Wszyscy go omijali &#8211; m\u00f3wi\u0142 ojciec Oliwiera.<\/p>\n<p>Oliwier ma dw\u00f3ch braci, 9-letniego Oskara i 19-miesi\u0119cznego Natana.<\/p>\n","protected":false},"excerpt":{"rendered":"6-letni Oliwier w pi\u0105tek opu\u015bci ostrowski szpital. Przypomnijmy, \u017ce ch\u0142opiec zosta\u0142 makabrycznie pogryziony przez psa we wsi Dubin (powiat rawicki). I cho\u0107 przez \n<a class=\"moretag\" href=\"https:\/\/ostrowskatv.pl\/?p=3434\"> [...]<\/a>","protected":false},"author":1,"featured_media":3354,"comment_status":"open","ping_status":"open","sticky":false,"template":"","format":"standard","meta":{"footnotes":""},"categories":[1],"tags":[2],"class_list":["post-3434","post","type-post","status-publish","format-standard","has-post-thumbnail","hentry","category-news","tag-ostrow-wielkopolski"],"_links":{"self":[{"href":"https:\/\/ostrowskatv.pl\/index.php?rest_route=\/wp\/v2\/posts\/3434","targetHints":{"allow":["GET"]}}],"collection":[{"href":"https:\/\/ostrowskatv.pl\/index.php?rest_route=\/wp\/v2\/posts"}],"about":[{"href":"https:\/\/ostrowskatv.pl\/index.php?rest_route=\/wp\/v2\/types\/post"}],"author":[{"embeddable":true,"href":"https:\/\/ostrowskatv.pl\/index.php?rest_route=\/wp\/v2\/users\/1"}],"replies":[{"embeddable":true,"href":"https:\/\/ostrowskatv.pl\/index.php?rest_route=%2Fwp%2Fv2%2Fcomments&post=3434"}],"version-history":[{"count":0,"href":"https:\/\/ostrowskatv.pl\/index.php?rest_route=\/wp\/v2\/posts\/3434\/revisions"}],"wp:featuredmedia":[{"embeddable":true,"href":"https:\/\/ostrowskatv.pl\/index.php?rest_route=\/wp\/v2\/media\/3354"}],"wp:attachment":[{"href":"https:\/\/ostrowskatv.pl\/index.php?rest_route=%2Fwp%2Fv2%2Fmedia&parent=3434"}],"wp:term":[{"taxonomy":"category","embeddable":true,"href":"https:\/\/ostrowskatv.pl\/index.php?rest_route=%2Fwp%2Fv2%2Fcategories&post=3434"},{"taxonomy":"post_tag","embeddable":true,"href":"https:\/\/ostrowskatv.pl\/index.php?rest_route=%2Fwp%2Fv2%2Ftags&post=3434"}],"curies":[{"name":"wp","href":"https:\/\/api.w.org\/{rel}","templated":true}]}}