{"id":3428,"date":"2017-03-22T16:30:44","date_gmt":"2017-03-22T15:30:44","guid":{"rendered":"http:\/\/ostrowska.tv\/?p=3428"},"modified":"2017-03-22T16:30:44","modified_gmt":"2017-03-22T15:30:44","slug":"zderzenie-przy-wiadukcie-krotoszynskim","status":"publish","type":"post","link":"https:\/\/ostrowskatv.pl\/?p=3428","title":{"rendered":"Zderzenie przy wiadukcie krotoszy\u0144skim"},"content":{"rendered":"<p><strong>W \u015brod\u0119 o godzinie 9:00 dosz\u0142o do zderzenia dw\u00f3ch aut przy wiadukcie krotoszy\u0144skim. W kolizji nikt nie zosta\u0142 ranny, cho\u0107 samochody zosta\u0142y do\u015b\u0107 mocno rozbite.<\/strong><\/p>\n<p>Kierowca Peugeota Partnera wyjecha\u0142 z ulicy Spichrzowej i wymusi\u0142 pierwsze\u0144stwo na Mitsubishi Space Wagon jad\u0105cemu ul. Krotoszy\u0144sk\u0105 w stron\u0119 wiaduktu. Pomimo do\u015b\u0107 sporych uszkodze\u0144 obu aut, \u017caden z m\u0119\u017cczyzn podr\u00f3\u017cuj\u0105cych pojazdami nie uskar\u017ca\u0142 si\u0119 na jakiekolwiek dolegliwo\u015bci.<\/p>\n<p>Do neutralizacji p\u0142yn\u00f3w wezwano stra\u017c po\u017carn\u0105. Utrudnienia w ruchu trwa\u0142y kilkadziesi\u0105t minut.<\/p>\n<div id='gallery-1' class='gallery galleryid-3428 gallery-columns-3 gallery-size-thumbnail'><figure class='gallery-item'>\n\t\t\t<div class='gallery-icon landscape'>\n\t\t\t\t<a href='https:\/\/ostrowskatv.pl\/?attachment_id=3432'><img loading=\"lazy\" decoding=\"async\" width=\"150\" height=\"150\" src=\"https:\/\/ostrowskatv.pl\/wp-content\/uploads\/2017\/03\/20170322_090946-150x150.jpg\" class=\"attachment-thumbnail size-thumbnail\" alt=\"\" \/><\/a>\n\t\t\t<\/div><\/figure><figure class='gallery-item'>\n\t\t\t<div class='gallery-icon landscape'>\n\t\t\t\t<a href='https:\/\/ostrowskatv.pl\/?attachment_id=3429'><img loading=\"lazy\" decoding=\"async\" width=\"150\" height=\"150\" src=\"https:\/\/ostrowskatv.pl\/wp-content\/uploads\/2017\/03\/20170322_091712-150x150.jpg\" class=\"attachment-thumbnail size-thumbnail\" alt=\"\" \/><\/a>\n\t\t\t<\/div><\/figure><figure class='gallery-item'>\n\t\t\t<div class='gallery-icon landscape'>\n\t\t\t\t<a href='https:\/\/ostrowskatv.pl\/?attachment_id=3430'><img loading=\"lazy\" decoding=\"async\" width=\"150\" height=\"150\" src=\"https:\/\/ostrowskatv.pl\/wp-content\/uploads\/2017\/03\/20170322_091040-150x150.jpg\" class=\"attachment-thumbnail size-thumbnail\" alt=\"\" \/><\/a>\n\t\t\t<\/div><\/figure><figure class='gallery-item'>\n\t\t\t<div class='gallery-icon landscape'>\n\t\t\t\t<a href='https:\/\/ostrowskatv.pl\/?attachment_id=3431'><img loading=\"lazy\" decoding=\"async\" width=\"150\" height=\"150\" src=\"https:\/\/ostrowskatv.pl\/wp-content\/uploads\/2017\/03\/20170322_091031-150x150.jpg\" class=\"attachment-thumbnail size-thumbnail\" alt=\"\" \/><\/a>\n\t\t\t<\/div><\/figure>\n\t\t<\/div>\n\n","protected":false},"excerpt":{"rendered":"W \u015brod\u0119 o godzinie 9:00 dosz\u0142o do zderzenia dw\u00f3ch aut przy wiadukcie krotoszy\u0144skim. W kolizji nikt nie zosta\u0142 ranny, cho\u0107 samochody zosta\u0142y do\u015b\u0107 \n<a class=\"moretag\" href=\"https:\/\/ostrowskatv.pl\/?p=3428\"> [...]<\/a>","protected":false},"author":1,"featured_media":3431,"comment_status":"open","ping_status":"open","sticky":false,"template":"","format":"standard","meta":{"footnotes":""},"categories":[1],"tags":[2],"class_list":["post-3428","post","type-post","status-publish","format-standard","has-post-thumbnail","hentry","category-news","tag-ostrow-wielkopolski"],"_links":{"self":[{"href":"https:\/\/ostrowskatv.pl\/index.php?rest_route=\/wp\/v2\/posts\/3428","targetHints":{"allow":["GET"]}}],"collection":[{"href":"https:\/\/ostrowskatv.pl\/index.php?rest_route=\/wp\/v2\/posts"}],"about":[{"href":"https:\/\/ostrowskatv.pl\/index.php?rest_route=\/wp\/v2\/types\/post"}],"author":[{"embeddable":true,"href":"https:\/\/ostrowskatv.pl\/index.php?rest_route=\/wp\/v2\/users\/1"}],"replies":[{"embeddable":true,"href":"https:\/\/ostrowskatv.pl\/index.php?rest_route=%2Fwp%2Fv2%2Fcomments&post=3428"}],"version-history":[{"count":0,"href":"https:\/\/ostrowskatv.pl\/index.php?rest_route=\/wp\/v2\/posts\/3428\/revisions"}],"wp:featuredmedia":[{"embeddable":true,"href":"https:\/\/ostrowskatv.pl\/index.php?rest_route=\/wp\/v2\/media\/3431"}],"wp:attachment":[{"href":"https:\/\/ostrowskatv.pl\/index.php?rest_route=%2Fwp%2Fv2%2Fmedia&parent=3428"}],"wp:term":[{"taxonomy":"category","embeddable":true,"href":"https:\/\/ostrowskatv.pl\/index.php?rest_route=%2Fwp%2Fv2%2Fcategories&post=3428"},{"taxonomy":"post_tag","embeddable":true,"href":"https:\/\/ostrowskatv.pl\/index.php?rest_route=%2Fwp%2Fv2%2Ftags&post=3428"}],"curies":[{"name":"wp","href":"https:\/\/api.w.org\/{rel}","templated":true}]}}