{"id":34259,"date":"2025-04-26T20:14:15","date_gmt":"2025-04-26T19:14:15","guid":{"rendered":"https:\/\/ostrowskatv.pl\/?p=34259"},"modified":"2025-04-26T20:14:15","modified_gmt":"2025-04-26T19:14:15","slug":"pobil-lodowy-rekord-guinnessa","status":"publish","type":"post","link":"https:\/\/ostrowskatv.pl\/?p=34259","title":{"rendered":"Pobi\u0142 lodowy rekord Guinnessa"},"content":{"rendered":"<p><strong><span style=\"font-size: 1rem;\">W sobot\u0119, 26 kwietnia 2025 roku, w Kaliszu odby\u0142o si\u0119 niezwyk\u0142e wydarzenie charytatywne, podczas kt\u00f3rego Wojciech Pru\u0144ski z Gdyni, znany jako &#8222;Cz\u0142owiek z Lodu&#8221;, podj\u0105\u0142 si\u0119 pr\u00f3by pobicia rekordu Guinnessa w najd\u0142u\u017cszym kontakcie ca\u0142ego cia\u0142a z lodem. W specjalnie przygotowanym pojemniku wype\u0142nionym lodem, Pru\u0144ski wytrzyma\u0142 imponuj\u0105ce 4 godziny i 6 minut, ustanawiaj\u0105c nowy rekord \u015bwiata. Poprzedni rekord nale\u017ca\u0142 do Andr\u00e9 Belibi Eloumou, kt\u00f3ry przebywa\u0142 w lodzie przez 4 godziny i 5 minut.<\/span><\/strong><\/p>\n<p>Wydarzenie mia\u0142o na celu wsparcie 4-letniej Laury Jarz\u0119bskiej z Piotrowa w powiecie kaliskim, kt\u00f3ra zmaga si\u0119 z powa\u017cnymi problemami zdrowotnymi po przebytym wylewie w 25. dniu \u017cycia. Doch\u00f3d z imprezy przeznaczono na jej rehabilitacj\u0119 oraz zakup niezb\u0119dnego sprz\u0119tu medycznego.<\/p>\n<p>Podczas imprezy, kt\u00f3ra odby\u0142a si\u0119 na terenie firmy Meringer przy ul. Metalowc\u00f3w 3-11, uczestnicy mogli skorzysta\u0107 z licznych atrakcji:<\/p>\n<ul>\n<li>Skosztowa\u0107 kie\u0142baski z grilla z og\u00f3rkiem oraz naby\u0107 lody.<\/li>\n<li>Zagra\u0107 w pi\u0142karzyki i poskaka\u0107 na dmucha\u0144cu.<\/li>\n<li>Przejecha\u0107 si\u0119 elektrycznymi modelami aut Mercedes klasy G oraz pojazdami chi\u0144skiej marki BYD \u2013 przejazd kosztowa\u0142 minimum 100 z\u0142.<\/li>\n<li>Wzi\u0105\u0107 udzia\u0142 w licytacjach oraz odwiedzi\u0107 stref\u0119 dzieci\u0119c\u0105 z warsztatami manualnymi.<\/li>\n<\/ul>\n<p>Wydarzenie przyci\u0105gn\u0119\u0142o wielu mieszka\u0144c\u00f3w Kalisza i okolic, kt\u00f3rzy wsp\u00f3lnie kibicowali Wojciechowi Pru\u0144skiemu i wspierali Laur\u0119 w jej walce o zdrowie.<\/p>\n<p><img loading=\"lazy\" decoding=\"async\" src=\"https:\/\/ostrowskatv.pl\/wp-content\/uploads\/2025\/04\/1000166107.jpg\" alt=\"\" width=\"1920\" height=\"1081\" class=\"alignnone size-full wp-image-34260\" srcset=\"https:\/\/ostrowskatv.pl\/wp-content\/uploads\/2025\/04\/1000166107.jpg 1920w, https:\/\/ostrowskatv.pl\/wp-content\/uploads\/2025\/04\/1000166107-300x169.jpg 300w, https:\/\/ostrowskatv.pl\/wp-content\/uploads\/2025\/04\/1000166107-1333x751.jpg 1333w, https:\/\/ostrowskatv.pl\/wp-content\/uploads\/2025\/04\/1000166107-1536x865.jpg 1536w\" sizes=\"auto, (max-width: 1920px) 100vw, 1920px\" \/><\/p>\n<p><img loading=\"lazy\" decoding=\"async\" src=\"https:\/\/ostrowskatv.pl\/wp-content\/uploads\/2025\/04\/1000166106.jpg\" alt=\"\" width=\"1081\" height=\"1920\" class=\"alignnone size-full wp-image-34261\" srcset=\"https:\/\/ostrowskatv.pl\/wp-content\/uploads\/2025\/04\/1000166106.jpg 1081w, https:\/\/ostrowskatv.pl\/wp-content\/uploads\/2025\/04\/1000166106-169x300.jpg 169w, https:\/\/ostrowskatv.pl\/wp-content\/uploads\/2025\/04\/1000166106-751x1333.jpg 751w, https:\/\/ostrowskatv.pl\/wp-content\/uploads\/2025\/04\/1000166106-865x1536.jpg 865w\" sizes=\"auto, (max-width: 1081px) 100vw, 1081px\" \/><\/p>\n<p><img loading=\"lazy\" decoding=\"async\" src=\"https:\/\/ostrowskatv.pl\/wp-content\/uploads\/2025\/04\/1000166108.jpg\" alt=\"\" width=\"1920\" height=\"1081\" class=\"alignnone size-full wp-image-34262\" srcset=\"https:\/\/ostrowskatv.pl\/wp-content\/uploads\/2025\/04\/1000166108.jpg 1920w, https:\/\/ostrowskatv.pl\/wp-content\/uploads\/2025\/04\/1000166108-300x169.jpg 300w, https:\/\/ostrowskatv.pl\/wp-content\/uploads\/2025\/04\/1000166108-1333x751.jpg 1333w, https:\/\/ostrowskatv.pl\/wp-content\/uploads\/2025\/04\/1000166108-1536x865.jpg 1536w\" sizes=\"auto, (max-width: 1920px) 100vw, 1920px\" \/><\/p>\n<p><img loading=\"lazy\" decoding=\"async\" src=\"https:\/\/ostrowskatv.pl\/wp-content\/uploads\/2025\/04\/1000166116.jpg\" alt=\"\" width=\"1920\" height=\"1392\" class=\"alignnone size-full wp-image-34263\" srcset=\"https:\/\/ostrowskatv.pl\/wp-content\/uploads\/2025\/04\/1000166116.jpg 1920w, https:\/\/ostrowskatv.pl\/wp-content\/uploads\/2025\/04\/1000166116-300x218.jpg 300w, https:\/\/ostrowskatv.pl\/wp-content\/uploads\/2025\/04\/1000166116-1333x966.jpg 1333w, https:\/\/ostrowskatv.pl\/wp-content\/uploads\/2025\/04\/1000166116-1536x1114.jpg 1536w\" sizes=\"auto, (max-width: 1920px) 100vw, 1920px\" \/><\/p>\n<p><img loading=\"lazy\" decoding=\"async\" src=\"https:\/\/ostrowskatv.pl\/wp-content\/uploads\/2025\/04\/1000166120.jpg\" alt=\"\" width=\"1920\" height=\"1081\" class=\"alignnone size-full wp-image-34264\" srcset=\"https:\/\/ostrowskatv.pl\/wp-content\/uploads\/2025\/04\/1000166120.jpg 1920w, https:\/\/ostrowskatv.pl\/wp-content\/uploads\/2025\/04\/1000166120-300x169.jpg 300w, https:\/\/ostrowskatv.pl\/wp-content\/uploads\/2025\/04\/1000166120-1333x751.jpg 1333w, https:\/\/ostrowskatv.pl\/wp-content\/uploads\/2025\/04\/1000166120-1536x865.jpg 1536w\" sizes=\"auto, (max-width: 1920px) 100vw, 1920px\" \/><\/p>\n<p><img loading=\"lazy\" decoding=\"async\" src=\"https:\/\/ostrowskatv.pl\/wp-content\/uploads\/2025\/04\/1000166122.jpg\" alt=\"\" width=\"1920\" height=\"1081\" class=\"alignnone size-full wp-image-34265\" srcset=\"https:\/\/ostrowskatv.pl\/wp-content\/uploads\/2025\/04\/1000166122.jpg 1920w, https:\/\/ostrowskatv.pl\/wp-content\/uploads\/2025\/04\/1000166122-300x169.jpg 300w, https:\/\/ostrowskatv.pl\/wp-content\/uploads\/2025\/04\/1000166122-1333x751.jpg 1333w, https:\/\/ostrowskatv.pl\/wp-content\/uploads\/2025\/04\/1000166122-1536x865.jpg 1536w\" sizes=\"auto, (max-width: 1920px) 100vw, 1920px\" \/><\/p>\n<p><img loading=\"lazy\" decoding=\"async\" src=\"https:\/\/ostrowskatv.pl\/wp-content\/uploads\/2025\/04\/1000166125.jpg\" alt=\"\" width=\"1920\" height=\"1081\" class=\"alignnone size-full wp-image-34266\" srcset=\"https:\/\/ostrowskatv.pl\/wp-content\/uploads\/2025\/04\/1000166125.jpg 1920w, https:\/\/ostrowskatv.pl\/wp-content\/uploads\/2025\/04\/1000166125-300x169.jpg 300w, https:\/\/ostrowskatv.pl\/wp-content\/uploads\/2025\/04\/1000166125-1333x751.jpg 1333w, https:\/\/ostrowskatv.pl\/wp-content\/uploads\/2025\/04\/1000166125-1536x865.jpg 1536w\" sizes=\"auto, (max-width: 1920px) 100vw, 1920px\" \/><\/p>\n<p><img loading=\"lazy\" decoding=\"async\" src=\"https:\/\/ostrowskatv.pl\/wp-content\/uploads\/2025\/04\/1000166126.jpg\" alt=\"\" width=\"1920\" height=\"1081\" class=\"alignnone size-full wp-image-34267\" srcset=\"https:\/\/ostrowskatv.pl\/wp-content\/uploads\/2025\/04\/1000166126.jpg 1920w, https:\/\/ostrowskatv.pl\/wp-content\/uploads\/2025\/04\/1000166126-300x169.jpg 300w, https:\/\/ostrowskatv.pl\/wp-content\/uploads\/2025\/04\/1000166126-1333x751.jpg 1333w, https:\/\/ostrowskatv.pl\/wp-content\/uploads\/2025\/04\/1000166126-1536x865.jpg 1536w\" sizes=\"auto, (max-width: 1920px) 100vw, 1920px\" \/><\/p>\n<p><img loading=\"lazy\" decoding=\"async\" src=\"https:\/\/ostrowskatv.pl\/wp-content\/uploads\/2025\/04\/1000166130.jpg\" alt=\"\" width=\"1829\" height=\"1920\" class=\"alignnone size-full wp-image-34268\" srcset=\"https:\/\/ostrowskatv.pl\/wp-content\/uploads\/2025\/04\/1000166130.jpg 1829w, https:\/\/ostrowskatv.pl\/wp-content\/uploads\/2025\/04\/1000166130-286x300.jpg 286w, https:\/\/ostrowskatv.pl\/wp-content\/uploads\/2025\/04\/1000166130-1270x1333.jpg 1270w, https:\/\/ostrowskatv.pl\/wp-content\/uploads\/2025\/04\/1000166130-1463x1536.jpg 1463w\" sizes=\"auto, (max-width: 1829px) 100vw, 1829px\" \/><\/p>\n<p><img loading=\"lazy\" decoding=\"async\" src=\"https:\/\/ostrowskatv.pl\/wp-content\/uploads\/2025\/04\/1000166131.jpg\" alt=\"\" width=\"1336\" height=\"1920\" class=\"alignnone size-full wp-image-34269\" srcset=\"https:\/\/ostrowskatv.pl\/wp-content\/uploads\/2025\/04\/1000166131.jpg 1336w, https:\/\/ostrowskatv.pl\/wp-content\/uploads\/2025\/04\/1000166131-209x300.jpg 209w, https:\/\/ostrowskatv.pl\/wp-content\/uploads\/2025\/04\/1000166131-928x1333.jpg 928w, https:\/\/ostrowskatv.pl\/wp-content\/uploads\/2025\/04\/1000166131-1069x1536.jpg 1069w\" sizes=\"auto, (max-width: 1336px) 100vw, 1336px\" \/><\/p>\n","protected":false},"excerpt":{"rendered":"W sobot\u0119, 26 kwietnia 2025 roku, w Kaliszu odby\u0142o si\u0119 niezwyk\u0142e wydarzenie charytatywne, podczas kt\u00f3rego Wojciech Pru\u0144ski z Gdyni, znany jako &#8222;Cz\u0142owiek z \n<a class=\"moretag\" href=\"https:\/\/ostrowskatv.pl\/?p=34259\"> [...]<\/a>","protected":false},"author":1,"featured_media":34265,"comment_status":"open","ping_status":"closed","sticky":false,"template":"","format":"standard","meta":{"footnotes":""},"categories":[1],"tags":[74,175],"class_list":["post-34259","post","type-post","status-publish","format-standard","has-post-thumbnail","hentry","category-news","tag-morsy","tag-powiat-kaliski"],"_links":{"self":[{"href":"https:\/\/ostrowskatv.pl\/index.php?rest_route=\/wp\/v2\/posts\/34259","targetHints":{"allow":["GET"]}}],"collection":[{"href":"https:\/\/ostrowskatv.pl\/index.php?rest_route=\/wp\/v2\/posts"}],"about":[{"href":"https:\/\/ostrowskatv.pl\/index.php?rest_route=\/wp\/v2\/types\/post"}],"author":[{"embeddable":true,"href":"https:\/\/ostrowskatv.pl\/index.php?rest_route=\/wp\/v2\/users\/1"}],"replies":[{"embeddable":true,"href":"https:\/\/ostrowskatv.pl\/index.php?rest_route=%2Fwp%2Fv2%2Fcomments&post=34259"}],"version-history":[{"count":1,"href":"https:\/\/ostrowskatv.pl\/index.php?rest_route=\/wp\/v2\/posts\/34259\/revisions"}],"predecessor-version":[{"id":34270,"href":"https:\/\/ostrowskatv.pl\/index.php?rest_route=\/wp\/v2\/posts\/34259\/revisions\/34270"}],"wp:featuredmedia":[{"embeddable":true,"href":"https:\/\/ostrowskatv.pl\/index.php?rest_route=\/wp\/v2\/media\/34265"}],"wp:attachment":[{"href":"https:\/\/ostrowskatv.pl\/index.php?rest_route=%2Fwp%2Fv2%2Fmedia&parent=34259"}],"wp:term":[{"taxonomy":"category","embeddable":true,"href":"https:\/\/ostrowskatv.pl\/index.php?rest_route=%2Fwp%2Fv2%2Fcategories&post=34259"},{"taxonomy":"post_tag","embeddable":true,"href":"https:\/\/ostrowskatv.pl\/index.php?rest_route=%2Fwp%2Fv2%2Ftags&post=34259"}],"curies":[{"name":"wp","href":"https:\/\/api.w.org\/{rel}","templated":true}]}}