{"id":34159,"date":"2025-04-20T20:26:53","date_gmt":"2025-04-20T19:26:53","guid":{"rendered":"https:\/\/ostrowskatv.pl\/?p=34159"},"modified":"2025-04-20T20:27:23","modified_gmt":"2025-04-20T19:27:23","slug":"34159","status":"publish","type":"post","link":"https:\/\/ostrowskatv.pl\/?p=34159","title":{"rendered":"3 patrole policji i stra\u017c po\u017carna w akcji w wie\u017cowcu"},"content":{"rendered":"<p><span style=\"font-size: 1rem;\">W niedzielny wiecz\u00f3r, tu\u017c przed godzin\u0105 19:00, w jednym z wie\u017cowc\u00f3w przy ulicy Dembi\u0144skiego w Ostrowie Wielkopolskim dosz\u0142o do niepokoj\u0105cego incydentu. Na miejsce skierowano a\u017c trzy radiowozy policyjne oraz jeden zast\u0119p stra\u017cy po\u017carnej. Powodem interwencji by\u0142a gwa\u0142towna k\u0142\u00f3tnia rodzic\u00f3w, kt\u00f3rej \u015bwiadkami by\u0142o dwoje dzieci.<\/span><\/p>\n<p>Zg\u0142oszenie, kt\u00f3re wp\u0142yn\u0119\u0142o do s\u0142u\u017cb, dotyczy\u0142o domowej awantury. Na miejsce najpierw wys\u0142ano dwa patrole prewencji. Funkcjonariusze pr\u00f3bowali skontaktowa\u0107 si\u0119 z mieszka\u0144cami, jednak ci pocz\u0105tkowo nie chcieli otworzy\u0107 drzwi. W obawie o bezpiecze\u0144stwo dzieci, zdecydowano si\u0119 wezwa\u0107 stra\u017c po\u017carn\u0105, by ewentualnie si\u0142owo dosta\u0107 si\u0119 do mieszkania. Kiedy w\u00f3z stra\u017cacki podjecha\u0142 pod budynek, lokatorzy zrezygnowali z oporu \u2013 najpewniej z obawy przed zniszczeniem drzwi \u2013 i dobrowolnie je otworzyli.<\/p>\n<p>Po wej\u015bciu do \u015brodka policjanci zastali dwoje doros\u0142ych oraz dwoje dzieci w wieku 13 i 17 lat. Jak si\u0119 okaza\u0142o, oboje rodzice byli pod wp\u0142ywem alkoholu, co potwierdzi\u0142 trzeci patrol wyposa\u017cony w profesjonalny sprz\u0119t do pomiaru nietrze\u017awo\u015bci.<\/p>\n<p>Tu warto przypomnie\u0107, \u017ce w przypadku mniejszych dzieci, co najmniej jeden z opiekun\u00f3w musi by\u0107 trze\u017awy. Zgodnie z art. 106 Kodeksu wykrocze\u0144: &#8222;Kto, maj\u0105c obowi\u0105zek opieki nad osob\u0105 nieporadn\u0105 ze wzgl\u0119du na wiek, stan psychiczny lub fizyczny, dopuszcza si\u0119 wobec niej zaniedbania lub czynu, kt\u00f3ry mo\u017ce narazi\u0107 j\u0105 na niebezpiecze\u0144stwo utraty \u017cycia lub zdrowia, podlega karze aresztu, ograniczenia wolno\u015bci albo grzywny.&#8221;<\/p>\n<p>Na miejsce wezwano osob\u0119 z rodziny, kt\u00f3ra zadeklarowa\u0142a czasow\u0105 opiek\u0119 nad nastolatkami. Tymczasem oboje nietrze\u017awi rodzice zostali przewiezieni do policyjnej izby wytrze\u017awie\u0144. Dalsze decyzje w sprawie mog\u0105 zosta\u0107 podj\u0119te przez s\u0105d rodzinny lub prokuratur\u0119.<\/p>\n<p>Ca\u0142a sytuacja wzbudzi\u0142a niepok\u00f3j w\u015br\u00f3d mieszka\u0144c\u00f3w osiedla i po raz kolejny zwr\u00f3ci\u0142a uwag\u0119 na problem przemocy domowej oraz odpowiedzialno\u015bci za dzieci w takich sytuacjach.<\/p>\n<p><img loading=\"lazy\" decoding=\"async\" src=\"https:\/\/ostrowskatv.pl\/wp-content\/uploads\/2025\/04\/1000164203.jpg\" alt=\"\" width=\"1920\" height=\"1081\" class=\"alignnone size-full wp-image-34160\" srcset=\"https:\/\/ostrowskatv.pl\/wp-content\/uploads\/2025\/04\/1000164203.jpg 1920w, https:\/\/ostrowskatv.pl\/wp-content\/uploads\/2025\/04\/1000164203-300x169.jpg 300w, https:\/\/ostrowskatv.pl\/wp-content\/uploads\/2025\/04\/1000164203-1333x751.jpg 1333w, https:\/\/ostrowskatv.pl\/wp-content\/uploads\/2025\/04\/1000164203-1536x865.jpg 1536w\" sizes=\"auto, (max-width: 1920px) 100vw, 1920px\" \/><\/p>\n<p><img loading=\"lazy\" decoding=\"async\" src=\"https:\/\/ostrowskatv.pl\/wp-content\/uploads\/2025\/04\/1000164202.jpg\" alt=\"\" width=\"1920\" height=\"1081\" class=\"alignnone size-full wp-image-34161\" srcset=\"https:\/\/ostrowskatv.pl\/wp-content\/uploads\/2025\/04\/1000164202.jpg 1920w, https:\/\/ostrowskatv.pl\/wp-content\/uploads\/2025\/04\/1000164202-300x169.jpg 300w, https:\/\/ostrowskatv.pl\/wp-content\/uploads\/2025\/04\/1000164202-1333x751.jpg 1333w, https:\/\/ostrowskatv.pl\/wp-content\/uploads\/2025\/04\/1000164202-1536x865.jpg 1536w\" sizes=\"auto, (max-width: 1920px) 100vw, 1920px\" \/><\/p>\n<p><img loading=\"lazy\" decoding=\"async\" src=\"https:\/\/ostrowskatv.pl\/wp-content\/uploads\/2025\/04\/1000164201.jpg\" alt=\"\" width=\"1920\" height=\"1081\" class=\"alignnone size-full wp-image-34162\" srcset=\"https:\/\/ostrowskatv.pl\/wp-content\/uploads\/2025\/04\/1000164201.jpg 1920w, https:\/\/ostrowskatv.pl\/wp-content\/uploads\/2025\/04\/1000164201-300x169.jpg 300w, https:\/\/ostrowskatv.pl\/wp-content\/uploads\/2025\/04\/1000164201-1333x751.jpg 1333w, https:\/\/ostrowskatv.pl\/wp-content\/uploads\/2025\/04\/1000164201-1536x865.jpg 1536w\" sizes=\"auto, (max-width: 1920px) 100vw, 1920px\" \/><\/p>\n<p><img loading=\"lazy\" decoding=\"async\" src=\"https:\/\/ostrowskatv.pl\/wp-content\/uploads\/2025\/04\/1000164199.jpg\" alt=\"\" width=\"1920\" height=\"1078\" class=\"alignnone size-full wp-image-34163\" srcset=\"https:\/\/ostrowskatv.pl\/wp-content\/uploads\/2025\/04\/1000164199.jpg 1920w, https:\/\/ostrowskatv.pl\/wp-content\/uploads\/2025\/04\/1000164199-300x168.jpg 300w, https:\/\/ostrowskatv.pl\/wp-content\/uploads\/2025\/04\/1000164199-1333x748.jpg 1333w, https:\/\/ostrowskatv.pl\/wp-content\/uploads\/2025\/04\/1000164199-1536x862.jpg 1536w\" sizes=\"auto, (max-width: 1920px) 100vw, 1920px\" \/><\/p>\n<p><img loading=\"lazy\" decoding=\"async\" src=\"https:\/\/ostrowskatv.pl\/wp-content\/uploads\/2025\/04\/1000164193.jpg\" alt=\"\" width=\"1071\" height=\"1703\" class=\"alignnone size-full wp-image-34164\" srcset=\"https:\/\/ostrowskatv.pl\/wp-content\/uploads\/2025\/04\/1000164193.jpg 1071w, https:\/\/ostrowskatv.pl\/wp-content\/uploads\/2025\/04\/1000164193-189x300.jpg 189w, https:\/\/ostrowskatv.pl\/wp-content\/uploads\/2025\/04\/1000164193-838x1333.jpg 838w, https:\/\/ostrowskatv.pl\/wp-content\/uploads\/2025\/04\/1000164193-966x1536.jpg 966w\" sizes=\"auto, (max-width: 1071px) 100vw, 1071px\" \/><\/p>\n<p><img loading=\"lazy\" decoding=\"async\" src=\"https:\/\/ostrowskatv.pl\/wp-content\/uploads\/2025\/04\/1000164192.jpg\" alt=\"\" width=\"1920\" height=\"1095\" class=\"alignnone size-full wp-image-34165\" srcset=\"https:\/\/ostrowskatv.pl\/wp-content\/uploads\/2025\/04\/1000164192.jpg 1920w, https:\/\/ostrowskatv.pl\/wp-content\/uploads\/2025\/04\/1000164192-300x171.jpg 300w, https:\/\/ostrowskatv.pl\/wp-content\/uploads\/2025\/04\/1000164192-1333x760.jpg 1333w, https:\/\/ostrowskatv.pl\/wp-content\/uploads\/2025\/04\/1000164192-1536x876.jpg 1536w, https:\/\/ostrowskatv.pl\/wp-content\/uploads\/2025\/04\/1000164192-388x220.jpg 388w\" sizes=\"auto, (max-width: 1920px) 100vw, 1920px\" \/><\/p>\n<p><img loading=\"lazy\" decoding=\"async\" src=\"https:\/\/ostrowskatv.pl\/wp-content\/uploads\/2025\/04\/1000164185.jpg\" alt=\"\" width=\"1081\" height=\"1920\" class=\"alignnone size-full wp-image-34166\" srcset=\"https:\/\/ostrowskatv.pl\/wp-content\/uploads\/2025\/04\/1000164185.jpg 1081w, https:\/\/ostrowskatv.pl\/wp-content\/uploads\/2025\/04\/1000164185-169x300.jpg 169w, https:\/\/ostrowskatv.pl\/wp-content\/uploads\/2025\/04\/1000164185-751x1333.jpg 751w, https:\/\/ostrowskatv.pl\/wp-content\/uploads\/2025\/04\/1000164185-865x1536.jpg 865w\" sizes=\"auto, (max-width: 1081px) 100vw, 1081px\" \/><\/p>\n<p><img loading=\"lazy\" decoding=\"async\" src=\"https:\/\/ostrowskatv.pl\/wp-content\/uploads\/2025\/04\/1000164183.jpg\" alt=\"\" width=\"1920\" height=\"1081\" class=\"alignnone size-full wp-image-34167\" srcset=\"https:\/\/ostrowskatv.pl\/wp-content\/uploads\/2025\/04\/1000164183.jpg 1920w, https:\/\/ostrowskatv.pl\/wp-content\/uploads\/2025\/04\/1000164183-300x169.jpg 300w, https:\/\/ostrowskatv.pl\/wp-content\/uploads\/2025\/04\/1000164183-1333x751.jpg 1333w, https:\/\/ostrowskatv.pl\/wp-content\/uploads\/2025\/04\/1000164183-1536x865.jpg 1536w\" sizes=\"auto, (max-width: 1920px) 100vw, 1920px\" \/><\/p>\n","protected":false},"excerpt":{"rendered":"W niedzielny wiecz\u00f3r, tu\u017c przed godzin\u0105 19:00, w jednym z wie\u017cowc\u00f3w przy ulicy Dembi\u0144skiego w Ostrowie Wielkopolskim dosz\u0142o do niepokoj\u0105cego incydentu. Na miejsce \n<a class=\"moretag\" href=\"https:\/\/ostrowskatv.pl\/?p=34159\"> [...]<\/a>","protected":false},"author":1,"featured_media":34161,"comment_status":"open","ping_status":"closed","sticky":false,"template":"","format":"standard","meta":{"footnotes":""},"categories":[1],"tags":[324,2,320,34,188],"class_list":["post-34159","post","type-post","status-publish","format-standard","has-post-thumbnail","hentry","category-news","tag-dembinskiego","tag-ostrow-wielkopolski","tag-pijany","tag-policja","tag-straz-pozarna"],"_links":{"self":[{"href":"https:\/\/ostrowskatv.pl\/index.php?rest_route=\/wp\/v2\/posts\/34159","targetHints":{"allow":["GET"]}}],"collection":[{"href":"https:\/\/ostrowskatv.pl\/index.php?rest_route=\/wp\/v2\/posts"}],"about":[{"href":"https:\/\/ostrowskatv.pl\/index.php?rest_route=\/wp\/v2\/types\/post"}],"author":[{"embeddable":true,"href":"https:\/\/ostrowskatv.pl\/index.php?rest_route=\/wp\/v2\/users\/1"}],"replies":[{"embeddable":true,"href":"https:\/\/ostrowskatv.pl\/index.php?rest_route=%2Fwp%2Fv2%2Fcomments&post=34159"}],"version-history":[{"count":3,"href":"https:\/\/ostrowskatv.pl\/index.php?rest_route=\/wp\/v2\/posts\/34159\/revisions"}],"predecessor-version":[{"id":34170,"href":"https:\/\/ostrowskatv.pl\/index.php?rest_route=\/wp\/v2\/posts\/34159\/revisions\/34170"}],"wp:featuredmedia":[{"embeddable":true,"href":"https:\/\/ostrowskatv.pl\/index.php?rest_route=\/wp\/v2\/media\/34161"}],"wp:attachment":[{"href":"https:\/\/ostrowskatv.pl\/index.php?rest_route=%2Fwp%2Fv2%2Fmedia&parent=34159"}],"wp:term":[{"taxonomy":"category","embeddable":true,"href":"https:\/\/ostrowskatv.pl\/index.php?rest_route=%2Fwp%2Fv2%2Fcategories&post=34159"},{"taxonomy":"post_tag","embeddable":true,"href":"https:\/\/ostrowskatv.pl\/index.php?rest_route=%2Fwp%2Fv2%2Ftags&post=34159"}],"curies":[{"name":"wp","href":"https:\/\/api.w.org\/{rel}","templated":true}]}}