{"id":34139,"date":"2025-04-18T13:31:57","date_gmt":"2025-04-18T12:31:57","guid":{"rendered":"https:\/\/ostrowskatv.pl\/?p=34139"},"modified":"2025-04-18T13:31:57","modified_gmt":"2025-04-18T12:31:57","slug":"mezczyzna-z-wypadku-kolo-przepompowni-uslyszal-zarzut-jest-decyzja-sadu","status":"publish","type":"post","link":"https:\/\/ostrowskatv.pl\/?p=34139","title":{"rendered":"M\u0119\u017cczyzna z wypadku ko\u0142o Przepompowni us\u0142ysza\u0142 zarzut. Jest decyzja s\u0105du"},"content":{"rendered":"<p><strong>Umy\u015blnie naruszy\u0142 zasady w ruchu l\u0105dowym, w ten spos\u00f3b, \u017ce istotnie przekroczy\u0142 pr\u0119dko\u015b\u0107 administracyjn\u0105 wynosz\u0105c\u0105 w tym miejscu 60 km\/h. 19-latek kieruj\u0105c Volvo jecha\u0142 lewym odcinkiem drogi za \u0142ukiem drogi straci\u0142 panowanie nad pojazdem. Z lewego zjecha\u0142 na prawy pas. Tam uderzy\u0142 w kraw\u0119\u017cnik, a nast\u0119pnie odbi\u0142o go na lewy pas, gdzie dosz\u0142o do obr\u00f3cenia auta, w ten spos\u00f3b, \u017ce bok od strony pasa\u017cerki uderzy\u0142 w solidny s\u0142up od sygnalizacji \u015bwietlnej.\u00a0<\/strong><\/p>\n<p>W wyniku wypadku obra\u017cenia cia\u0142a ponios\u0142a pasa\u017cerka Volvo, co spowodowa\u0142o jej zgon.<\/p>\n<p>Dzi\u015b lub jutro ma si\u0119 rozstrzygn\u0105\u0107 jakie \u015brodki zapobiegawcze mog\u0105 zosta\u0107 wdro\u017cone, czyli czy m\u0119\u017cczyzna zostanie aresztowany czy mo\u017ce wystarczy doz\u00f3r policyjny.<\/p>\n<p>Nieoficjalnie wiadomo, \u017ce zdarzenie zarejestrowa\u0142a jedna z kamer.<\/p>\n<p>Aktualizacja<br \/>\nS\u0105d Rejonowy nie zgodzi\u0142 si\u0119 na zastosowanie tymczasowego aresztu. M\u0119\u017cczyzna ma doz\u00f3r policji. Musi przychodzi\u0107 na komend\u0119 policji raz w tygodniu. Ma tak\u017ce zakaz opuszczania Polski. <\/p>\n","protected":false},"excerpt":{"rendered":"Umy\u015blnie naruszy\u0142 zasady w ruchu l\u0105dowym, w ten spos\u00f3b, \u017ce istotnie przekroczy\u0142 pr\u0119dko\u015b\u0107 administracyjn\u0105 wynosz\u0105c\u0105 w tym miejscu 60 km\/h. 19-latek kieruj\u0105c Volvo \n<a class=\"moretag\" href=\"https:\/\/ostrowskatv.pl\/?p=34139\"> [...]<\/a>","protected":false},"author":1,"featured_media":34100,"comment_status":"open","ping_status":"closed","sticky":false,"template":"","format":"standard","meta":{"footnotes":""},"categories":[1],"tags":[],"class_list":["post-34139","post","type-post","status-publish","format-standard","has-post-thumbnail","hentry","category-news"],"_links":{"self":[{"href":"https:\/\/ostrowskatv.pl\/index.php?rest_route=\/wp\/v2\/posts\/34139","targetHints":{"allow":["GET"]}}],"collection":[{"href":"https:\/\/ostrowskatv.pl\/index.php?rest_route=\/wp\/v2\/posts"}],"about":[{"href":"https:\/\/ostrowskatv.pl\/index.php?rest_route=\/wp\/v2\/types\/post"}],"author":[{"embeddable":true,"href":"https:\/\/ostrowskatv.pl\/index.php?rest_route=\/wp\/v2\/users\/1"}],"replies":[{"embeddable":true,"href":"https:\/\/ostrowskatv.pl\/index.php?rest_route=%2Fwp%2Fv2%2Fcomments&post=34139"}],"version-history":[{"count":1,"href":"https:\/\/ostrowskatv.pl\/index.php?rest_route=\/wp\/v2\/posts\/34139\/revisions"}],"predecessor-version":[{"id":34140,"href":"https:\/\/ostrowskatv.pl\/index.php?rest_route=\/wp\/v2\/posts\/34139\/revisions\/34140"}],"wp:featuredmedia":[{"embeddable":true,"href":"https:\/\/ostrowskatv.pl\/index.php?rest_route=\/wp\/v2\/media\/34100"}],"wp:attachment":[{"href":"https:\/\/ostrowskatv.pl\/index.php?rest_route=%2Fwp%2Fv2%2Fmedia&parent=34139"}],"wp:term":[{"taxonomy":"category","embeddable":true,"href":"https:\/\/ostrowskatv.pl\/index.php?rest_route=%2Fwp%2Fv2%2Fcategories&post=34139"},{"taxonomy":"post_tag","embeddable":true,"href":"https:\/\/ostrowskatv.pl\/index.php?rest_route=%2Fwp%2Fv2%2Ftags&post=34139"}],"curies":[{"name":"wp","href":"https:\/\/api.w.org\/{rel}","templated":true}]}}