{"id":34127,"date":"2025-04-18T10:41:40","date_gmt":"2025-04-18T09:41:40","guid":{"rendered":"https:\/\/ostrowskatv.pl\/?p=34127"},"modified":"2025-04-18T10:41:40","modified_gmt":"2025-04-18T09:41:40","slug":"uwaga-na-hulajnogi-wiosenna-pogoda-sprzyja-jezdzie-ale-i-wypadkom","status":"publish","type":"post","link":"https:\/\/ostrowskatv.pl\/?p=34127","title":{"rendered":"Uwaga na hulajnogi! Wiosenna pogoda sprzyja je\u017adzie, ale i wypadkom"},"content":{"rendered":"<p><strong>Wraz z nadej\u015bciem cieplejszych dni na ulicach polskich miast pojawi\u0142o si\u0119 coraz wi\u0119cej u\u017cytkownik\u00f3w hulajn\u00f3g, w tym bardzo popularnych hulajn\u00f3g elektrycznych. Cho\u0107 s\u0105 one wygodnym i szybkim \u015brodkiem transportu, ich rosn\u0105ca obecno\u015b\u0107 wi\u0105\u017ce si\u0119 r\u00f3wnie\u017c z coraz wi\u0119ksz\u0105 liczb\u0105 niebezpiecznych sytuacji.<\/strong><\/p>\n<p>Hulajnogi elektryczne umo\u017cliwiaj\u0105 osi\u0105ganie stosunkowo du\u017cych pr\u0119dko\u015bci, co zwi\u0119ksza ryzyko gro\u017anych upadk\u00f3w czy kolizji z innymi uczestnikami ruchu. Przekonuj\u0105 si\u0119 o tym kolejni u\u017cytkownicy tych pojazd\u00f3w, cz\u0119sto bole\u015bnie.<\/p>\n<p>Do szczeg\u00f3lnie powa\u017cnego zdarzenia dosz\u0142o 28 marca na ulicy Torowej w Ostrowie Wielkopolskim. U\u017cytkownik hulajnogi jad\u0105cy \u015bcie\u017ck\u0105 pieszo-rowerow\u0105 z nieznanych przyczyn upad\u0142. M\u0119\u017cczyzna mia\u0142 za\u0142o\u017cony kask, jednak nie pami\u0119ta, co dok\u0142adnie si\u0119 wydarzy\u0142o. Trafi\u0142 do szpitala z obra\u017ceniami. Policja prowadzi \u015bledztwo i poszukuje \u015bwiadk\u00f3w tego zdarzenia. Osoby posiadaj\u0105ce jakiekolwiek informacje proszone s\u0105 o kontakt z asp. sztab. Bartoszem Ma\u0142kowskim pod numerem telefonu 47 77 54 286, ca\u0142odobowo 47 77 54 211 lub na adres mailowy: <a href=\"mailto:rzecznik.ostrow-wlkp@po.policja.gov.pl\">rzecznik.ostrow-wlkp@po.policja.gov.pl<\/a>.<\/p>\n<p><img loading=\"lazy\" decoding=\"async\" src=\"https:\/\/ostrowskatv.pl\/wp-content\/uploads\/2025\/04\/20250328_155810.jpg\" alt=\"\" width=\"1920\" height=\"1205\" class=\"alignnone size-full wp-image-34137\" srcset=\"https:\/\/ostrowskatv.pl\/wp-content\/uploads\/2025\/04\/20250328_155810.jpg 1920w, https:\/\/ostrowskatv.pl\/wp-content\/uploads\/2025\/04\/20250328_155810-300x188.jpg 300w, https:\/\/ostrowskatv.pl\/wp-content\/uploads\/2025\/04\/20250328_155810-1333x837.jpg 1333w, https:\/\/ostrowskatv.pl\/wp-content\/uploads\/2025\/04\/20250328_155810-1536x964.jpg 1536w\" sizes=\"auto, (max-width: 1920px) 100vw, 1920px\" \/><\/p>\n<p><img loading=\"lazy\" decoding=\"async\" src=\"https:\/\/ostrowskatv.pl\/wp-content\/uploads\/2025\/04\/1000163751.jpg\" alt=\"\" width=\"1919\" height=\"915\" class=\"alignnone size-full wp-image-34136\" srcset=\"https:\/\/ostrowskatv.pl\/wp-content\/uploads\/2025\/04\/1000163751.jpg 1919w, https:\/\/ostrowskatv.pl\/wp-content\/uploads\/2025\/04\/1000163751-300x143.jpg 300w, https:\/\/ostrowskatv.pl\/wp-content\/uploads\/2025\/04\/1000163751-1333x636.jpg 1333w, https:\/\/ostrowskatv.pl\/wp-content\/uploads\/2025\/04\/1000163751-1536x732.jpg 1536w\" sizes=\"auto, (max-width: 1919px) 100vw, 1919px\" \/><\/p>\n<p><img loading=\"lazy\" decoding=\"async\" src=\"https:\/\/ostrowskatv.pl\/wp-content\/uploads\/2025\/04\/1000163752.jpg\" alt=\"\" width=\"1920\" height=\"1081\" class=\"alignnone size-full wp-image-34135\" srcset=\"https:\/\/ostrowskatv.pl\/wp-content\/uploads\/2025\/04\/1000163752.jpg 1920w, https:\/\/ostrowskatv.pl\/wp-content\/uploads\/2025\/04\/1000163752-300x169.jpg 300w, https:\/\/ostrowskatv.pl\/wp-content\/uploads\/2025\/04\/1000163752-1333x751.jpg 1333w, https:\/\/ostrowskatv.pl\/wp-content\/uploads\/2025\/04\/1000163752-1536x865.jpg 1536w\" sizes=\"auto, (max-width: 1920px) 100vw, 1920px\" \/><\/p>\n<p><img loading=\"lazy\" decoding=\"async\" src=\"https:\/\/ostrowskatv.pl\/wp-content\/uploads\/2025\/04\/1000163753.jpg\" alt=\"\" width=\"1920\" height=\"1252\" class=\"alignnone size-full wp-image-34134\" srcset=\"https:\/\/ostrowskatv.pl\/wp-content\/uploads\/2025\/04\/1000163753.jpg 1920w, https:\/\/ostrowskatv.pl\/wp-content\/uploads\/2025\/04\/1000163753-300x196.jpg 300w, https:\/\/ostrowskatv.pl\/wp-content\/uploads\/2025\/04\/1000163753-1333x869.jpg 1333w, https:\/\/ostrowskatv.pl\/wp-content\/uploads\/2025\/04\/1000163753-1536x1002.jpg 1536w\" sizes=\"auto, (max-width: 1920px) 100vw, 1920px\" \/><\/p>\n<p><img loading=\"lazy\" decoding=\"async\" src=\"https:\/\/ostrowskatv.pl\/wp-content\/uploads\/2025\/04\/1000163754.jpg\" alt=\"\" width=\"1920\" height=\"1081\" class=\"alignnone size-full wp-image-34133\" srcset=\"https:\/\/ostrowskatv.pl\/wp-content\/uploads\/2025\/04\/1000163754.jpg 1920w, https:\/\/ostrowskatv.pl\/wp-content\/uploads\/2025\/04\/1000163754-300x169.jpg 300w, https:\/\/ostrowskatv.pl\/wp-content\/uploads\/2025\/04\/1000163754-1333x751.jpg 1333w, https:\/\/ostrowskatv.pl\/wp-content\/uploads\/2025\/04\/1000163754-1536x865.jpg 1536w\" sizes=\"auto, (max-width: 1920px) 100vw, 1920px\" \/><\/p>\n<p><img loading=\"lazy\" decoding=\"async\" src=\"https:\/\/ostrowskatv.pl\/wp-content\/uploads\/2025\/04\/1000163755.jpg\" alt=\"\" width=\"1920\" height=\"1081\" class=\"alignnone size-full wp-image-34132\" srcset=\"https:\/\/ostrowskatv.pl\/wp-content\/uploads\/2025\/04\/1000163755.jpg 1920w, https:\/\/ostrowskatv.pl\/wp-content\/uploads\/2025\/04\/1000163755-300x169.jpg 300w, https:\/\/ostrowskatv.pl\/wp-content\/uploads\/2025\/04\/1000163755-1333x751.jpg 1333w, https:\/\/ostrowskatv.pl\/wp-content\/uploads\/2025\/04\/1000163755-1536x865.jpg 1536w\" sizes=\"auto, (max-width: 1920px) 100vw, 1920px\" \/><\/p>\n<p>Opr\u00f3cz tego w ostatnich dniach dosz\u0142o do dw\u00f3ch mniej gro\u017anych kolizji z udzia\u0142em hulajn\u00f3g. Na skrzy\u017cowaniu ulic Limanowskiego i Reymonta nastoletni u\u017cytkownik hulajnogi nie ust\u0105pi\u0142 pierwsze\u0144stwa innemu m\u0119\u017cczy\u017anie jad\u0105cemu r\u00f3wnie\u017c hulajnog\u0105 elektryczn\u0105. Na szcz\u0119\u015bcie sko\u0144czy\u0142o si\u0119 jedynie na strachu. Kolejne zdarzenie mia\u0142o miejsce r\u00f3wnie\u017c na Limanowskiego, przy wje\u017adzie na du\u017cy parking przed szpitalem.<\/p>\n<p><img loading=\"lazy\" decoding=\"async\" src=\"https:\/\/ostrowskatv.pl\/wp-content\/uploads\/2025\/04\/1000163749.jpg\" alt=\"\" width=\"1920\" height=\"1045\" class=\"alignnone size-full wp-image-34131\" srcset=\"https:\/\/ostrowskatv.pl\/wp-content\/uploads\/2025\/04\/1000163749.jpg 1920w, https:\/\/ostrowskatv.pl\/wp-content\/uploads\/2025\/04\/1000163749-300x163.jpg 300w, https:\/\/ostrowskatv.pl\/wp-content\/uploads\/2025\/04\/1000163749-1333x726.jpg 1333w, https:\/\/ostrowskatv.pl\/wp-content\/uploads\/2025\/04\/1000163749-1536x836.jpg 1536w\" sizes=\"auto, (max-width: 1920px) 100vw, 1920px\" \/><\/p>\n<p><img loading=\"lazy\" decoding=\"async\" src=\"https:\/\/ostrowskatv.pl\/wp-content\/uploads\/2025\/04\/1000163750.jpg\" alt=\"\" width=\"1920\" height=\"1196\" class=\"alignnone size-full wp-image-34130\" srcset=\"https:\/\/ostrowskatv.pl\/wp-content\/uploads\/2025\/04\/1000163750.jpg 1920w, https:\/\/ostrowskatv.pl\/wp-content\/uploads\/2025\/04\/1000163750-300x187.jpg 300w, https:\/\/ostrowskatv.pl\/wp-content\/uploads\/2025\/04\/1000163750-1333x830.jpg 1333w, https:\/\/ostrowskatv.pl\/wp-content\/uploads\/2025\/04\/1000163750-1536x957.jpg 1536w\" sizes=\"auto, (max-width: 1920px) 100vw, 1920px\" \/><\/p>\n<p><img loading=\"lazy\" decoding=\"async\" src=\"https:\/\/ostrowskatv.pl\/wp-content\/uploads\/2025\/04\/1000163748.jpg\" alt=\"\" width=\"1920\" height=\"1220\" class=\"alignnone size-full wp-image-34129\" srcset=\"https:\/\/ostrowskatv.pl\/wp-content\/uploads\/2025\/04\/1000163748.jpg 1920w, https:\/\/ostrowskatv.pl\/wp-content\/uploads\/2025\/04\/1000163748-300x191.jpg 300w, https:\/\/ostrowskatv.pl\/wp-content\/uploads\/2025\/04\/1000163748-1333x847.jpg 1333w, https:\/\/ostrowskatv.pl\/wp-content\/uploads\/2025\/04\/1000163748-1536x976.jpg 1536w\" sizes=\"auto, (max-width: 1920px) 100vw, 1920px\" \/><\/p>\n<p><img loading=\"lazy\" decoding=\"async\" src=\"https:\/\/ostrowskatv.pl\/wp-content\/uploads\/2025\/04\/1000163747.jpg\" alt=\"\" width=\"1920\" height=\"1162\" class=\"alignnone size-full wp-image-34128\" srcset=\"https:\/\/ostrowskatv.pl\/wp-content\/uploads\/2025\/04\/1000163747.jpg 1920w, https:\/\/ostrowskatv.pl\/wp-content\/uploads\/2025\/04\/1000163747-300x182.jpg 300w, https:\/\/ostrowskatv.pl\/wp-content\/uploads\/2025\/04\/1000163747-1333x807.jpg 1333w, https:\/\/ostrowskatv.pl\/wp-content\/uploads\/2025\/04\/1000163747-1536x930.jpg 1536w\" sizes=\"auto, (max-width: 1920px) 100vw, 1920px\" \/><\/p>\n<p>Najpowa\u017cniejsze w skutkach by\u0142o jednak zdarzenie w Jankowie Przygodzkim. Tam nastolatek przewr\u00f3ci\u0142 si\u0119 podczas jazdy hulajnog\u0105 i dozna\u0142 powa\u017cnego urazu g\u0142owy. Pocz\u0105tkowo trafi\u0142 do szpitala w Ostrowie Wielkopolskim, sk\u0105d zosta\u0142 przetransportowany do plac\u00f3wki w Poznaniu. Dzi\u0119ki specjalistycznemu leczeniu jego stan uleg\u0142 poprawie i ch\u0142opiec powr\u00f3ci\u0142 do Ostrowa. Nadal jednak nie wiadomo, w jakim stopniu odzyska pe\u0142n\u0105 sprawno\u015b\u0107. Niestety, w chwili wypadku nie mia\u0142 na sobie kasku.<\/p>\n<p><strong>Bezpiecze\u0144stwo przede wszystkim \u2014 porady dla u\u017cytkownik\u00f3w hulajn\u00f3g:<\/strong><\/p>\n<ol>\n<li><strong>No\u015b kask<\/strong> \u2014 mo\u017ce uratowa\u0107 \u017cycie lub znacz\u0105co zmniejszy\u0107 obra\u017cenia w razie upadku.<\/li>\n<li><strong>Zachowuj ostro\u017cno\u015b\u0107 na \u015bcie\u017ckach i skrzy\u017cowaniach<\/strong> \u2014 traktuj siebie jak pe\u0142noprawnego uczestnika ruchu.<\/li>\n<li><strong>Nie przeceniaj swoich umiej\u0119tno\u015bci<\/strong> \u2014 hulajnoga to nie zabawka, a szybki pojazd.<\/li>\n<li><strong>Zwolnij w miejscach o ograniczonej widoczno\u015bci<\/strong> \u2014 zw\u0142aszcza w pobli\u017cu przej\u015b\u0107 dla pieszych, parking\u00f3w czy skrzy\u017cowa\u0144.<\/li>\n<li><strong>Uwa\u017caj na pieszych i innych u\u017cytkownik\u00f3w \u015bcie\u017cek<\/strong> \u2014 nie ka\u017cdy spodziewa si\u0119 rozp\u0119dzonej hulajnogi.<\/li>\n<li><strong>Regularnie sprawdzaj stan techniczny hulajnogi<\/strong> \u2014 sprawne hamulce i opony to podstawa.<\/li>\n<li><strong>Unikaj jazdy pod wp\u0142ywem alkoholu lub innych substancji<\/strong> \u2014 to nie tylko niebezpieczne, ale te\u017c niezgodne z prawem.<\/li>\n<\/ol>\n<p>Ciep\u0142e dni to idealny czas na aktywno\u015b\u0107 na \u015bwie\u017cym powietrzu, ale pami\u0119tajmy \u2014 bezpiecze\u0144stwo nasze i innych zale\u017cy od naszej rozwagi.<\/p>\n","protected":false},"excerpt":{"rendered":"Wraz z nadej\u015bciem cieplejszych dni na ulicach polskich miast pojawi\u0142o si\u0119 coraz wi\u0119cej u\u017cytkownik\u00f3w hulajn\u00f3g, w tym bardzo popularnych hulajn\u00f3g elektrycznych. Cho\u0107 s\u0105 \n<a class=\"moretag\" href=\"https:\/\/ostrowskatv.pl\/?p=34127\"> [...]<\/a>","protected":false},"author":1,"featured_media":34132,"comment_status":"open","ping_status":"closed","sticky":false,"template":"","format":"standard","meta":{"footnotes":""},"categories":[1],"tags":[244],"class_list":["post-34127","post","type-post","status-publish","format-standard","has-post-thumbnail","hentry","category-news","tag-hulajnoga"],"_links":{"self":[{"href":"https:\/\/ostrowskatv.pl\/index.php?rest_route=\/wp\/v2\/posts\/34127","targetHints":{"allow":["GET"]}}],"collection":[{"href":"https:\/\/ostrowskatv.pl\/index.php?rest_route=\/wp\/v2\/posts"}],"about":[{"href":"https:\/\/ostrowskatv.pl\/index.php?rest_route=\/wp\/v2\/types\/post"}],"author":[{"embeddable":true,"href":"https:\/\/ostrowskatv.pl\/index.php?rest_route=\/wp\/v2\/users\/1"}],"replies":[{"embeddable":true,"href":"https:\/\/ostrowskatv.pl\/index.php?rest_route=%2Fwp%2Fv2%2Fcomments&post=34127"}],"version-history":[{"count":1,"href":"https:\/\/ostrowskatv.pl\/index.php?rest_route=\/wp\/v2\/posts\/34127\/revisions"}],"predecessor-version":[{"id":34138,"href":"https:\/\/ostrowskatv.pl\/index.php?rest_route=\/wp\/v2\/posts\/34127\/revisions\/34138"}],"wp:featuredmedia":[{"embeddable":true,"href":"https:\/\/ostrowskatv.pl\/index.php?rest_route=\/wp\/v2\/media\/34132"}],"wp:attachment":[{"href":"https:\/\/ostrowskatv.pl\/index.php?rest_route=%2Fwp%2Fv2%2Fmedia&parent=34127"}],"wp:term":[{"taxonomy":"category","embeddable":true,"href":"https:\/\/ostrowskatv.pl\/index.php?rest_route=%2Fwp%2Fv2%2Fcategories&post=34127"},{"taxonomy":"post_tag","embeddable":true,"href":"https:\/\/ostrowskatv.pl\/index.php?rest_route=%2Fwp%2Fv2%2Ftags&post=34127"}],"curies":[{"name":"wp","href":"https:\/\/api.w.org\/{rel}","templated":true}]}}