{"id":34118,"date":"2025-04-17T14:12:50","date_gmt":"2025-04-17T13:12:50","guid":{"rendered":"https:\/\/ostrowskatv.pl\/?p=34118"},"modified":"2025-04-17T14:12:50","modified_gmt":"2025-04-17T13:12:50","slug":"wjechal-w-dwa-zaparkowane-auta-mlodego-ponioslo","status":"publish","type":"post","link":"https:\/\/ostrowskatv.pl\/?p=34118","title":{"rendered":"Wjecha\u0142 w dwa zaparkowane auta. M\u0142odego ponios\u0142o"},"content":{"rendered":"<p class=\"\" data-start=\"83\" data-end=\"351\"><strong data-start=\"83\" data-end=\"351\">Tu\u017c po p\u00f3\u0142nocy na spokojnej ulicy \u017bwirki w Ostrowie Wlkp. dosz\u0142o do scen rodem z sensacyjnego filmu akcji. 21-letni kierowca Opla, najwyra\u017aniej zbyt pewny swoich umiej\u0119tno\u015bci, postanowi\u0142 wcisn\u0105\u0107 gaz do dechy&#8230; na w\u0105skiej, lokalnej drodze. Efekt? Dwa rozbite samochody i spore k\u0142opoty.<\/strong><\/p>\n<p class=\"\" data-start=\"353\" data-end=\"715\">Wszystko wydarzy\u0142o si\u0119 nagle. M\u0142ody kierowca, mimo \u017ce by\u0142 trze\u017awy, ca\u0142kowicie straci\u0142 panowanie nad pojazdem. Nie maj\u0105c zbyt du\u017cego do\u015bwiadczenia za kierownic\u0105, nie przewidzia\u0142 konsekwencji swojej brawurowej jazdy. Opel z impetem wjecha\u0142 w zaparkowanego <strong data-start=\"632\" data-end=\"647\">Fiata Punto i<\/strong>\u00a0zahaczy\u0142 jeszcze o stoj\u0105ce obok <strong data-start=\"698\" data-end=\"714\">Renault Clio<\/strong>.<\/p>\n<p class=\"\" data-start=\"717\" data-end=\"858\"><strong data-start=\"717\" data-end=\"858\">&#8222;To by\u0142 huk, jakby co\u015b wybuch\u0142o&#8221; \u2013 relacjonuje mieszkaniec pobliskiego bloku. &#8222;Wyszli\u015bmy na balkon i zobaczyli\u015bmy totalnie rozbite auta&#8221;.<\/strong><\/p>\n<p class=\"\" data-start=\"860\" data-end=\"1076\">Oba pojazdy zosta\u0142y powa\u017cnie uszkodzone, a ich w\u0142a\u015bciciele musz\u0105 teraz zmierzy\u0107 si\u0119 z brakiem pojazd\u00f3w w okresie \u015bwi\u0105tecznym. 21-latek, mimo \u017ce nie by\u0142 pod wp\u0142ywem alkoholu, zosta\u0142 ukarany <strong data-start=\"1032\" data-end=\"1051\">mandatem karnym<\/strong> za spowodowanie kolizji.<\/p>\n<p class=\"\" data-start=\"1078\" data-end=\"1297\">Czy m\u0142ody kierowca wyci\u0105gnie wnioski z tej lekcji? Czas poka\u017ce. Na razie jego nieodpowiedzialna decyzja przynios\u0142a realne straty i pokaza\u0142a, \u017ce brak do\u015bwiadczenia za k\u00f3\u0142kiem mo\u017ce by\u0107 r\u00f3wnie gro\u017any, co jazda pod wp\u0142ywem.<\/p>\n<p class=\"\" data-start=\"1299\" data-end=\"1380\"><strong data-start=\"1299\" data-end=\"1380\" data-is-last-node=\"\">To kolejny dow\u00f3d na to, \u017ce droga to nie tor wy\u015bcigowy \u2013 nawet po p\u00f3\u0142nocy.<\/strong><\/p>\n<p><img loading=\"lazy\" decoding=\"async\" class=\"alignnone size-full wp-image-34119\" src=\"https:\/\/ostrowskatv.pl\/wp-content\/uploads\/2025\/04\/1000163294.jpg\" alt=\"\" width=\"1920\" height=\"1000\" srcset=\"https:\/\/ostrowskatv.pl\/wp-content\/uploads\/2025\/04\/1000163294.jpg 1920w, https:\/\/ostrowskatv.pl\/wp-content\/uploads\/2025\/04\/1000163294-300x156.jpg 300w, https:\/\/ostrowskatv.pl\/wp-content\/uploads\/2025\/04\/1000163294-1333x694.jpg 1333w, https:\/\/ostrowskatv.pl\/wp-content\/uploads\/2025\/04\/1000163294-1536x800.jpg 1536w\" sizes=\"auto, (max-width: 1920px) 100vw, 1920px\" \/><\/p>\n<p><img loading=\"lazy\" decoding=\"async\" class=\"alignnone size-full wp-image-34120\" src=\"https:\/\/ostrowskatv.pl\/wp-content\/uploads\/2025\/04\/1000163286.jpg\" alt=\"\" width=\"1920\" height=\"1463\" srcset=\"https:\/\/ostrowskatv.pl\/wp-content\/uploads\/2025\/04\/1000163286.jpg 1920w, https:\/\/ostrowskatv.pl\/wp-content\/uploads\/2025\/04\/1000163286-300x229.jpg 300w, https:\/\/ostrowskatv.pl\/wp-content\/uploads\/2025\/04\/1000163286-1333x1016.jpg 1333w, https:\/\/ostrowskatv.pl\/wp-content\/uploads\/2025\/04\/1000163286-1536x1170.jpg 1536w\" sizes=\"auto, (max-width: 1920px) 100vw, 1920px\" \/><\/p>\n<p><img loading=\"lazy\" decoding=\"async\" class=\"alignnone size-full wp-image-34121\" src=\"https:\/\/ostrowskatv.pl\/wp-content\/uploads\/2025\/04\/1000163306.jpg\" alt=\"\" width=\"1919\" height=\"1061\" srcset=\"https:\/\/ostrowskatv.pl\/wp-content\/uploads\/2025\/04\/1000163306.jpg 1919w, https:\/\/ostrowskatv.pl\/wp-content\/uploads\/2025\/04\/1000163306-300x166.jpg 300w, https:\/\/ostrowskatv.pl\/wp-content\/uploads\/2025\/04\/1000163306-1333x737.jpg 1333w, https:\/\/ostrowskatv.pl\/wp-content\/uploads\/2025\/04\/1000163306-1536x849.jpg 1536w\" sizes=\"auto, (max-width: 1919px) 100vw, 1919px\" \/><\/p>\n<p><img loading=\"lazy\" decoding=\"async\" class=\"alignnone size-full wp-image-34122\" src=\"https:\/\/ostrowskatv.pl\/wp-content\/uploads\/2025\/04\/1000163404.jpg\" alt=\"\" width=\"1920\" height=\"1146\" srcset=\"https:\/\/ostrowskatv.pl\/wp-content\/uploads\/2025\/04\/1000163404.jpg 1920w, https:\/\/ostrowskatv.pl\/wp-content\/uploads\/2025\/04\/1000163404-300x179.jpg 300w, https:\/\/ostrowskatv.pl\/wp-content\/uploads\/2025\/04\/1000163404-1333x796.jpg 1333w, https:\/\/ostrowskatv.pl\/wp-content\/uploads\/2025\/04\/1000163404-1536x917.jpg 1536w\" sizes=\"auto, (max-width: 1920px) 100vw, 1920px\" \/><\/p>\n<p><img loading=\"lazy\" decoding=\"async\" class=\"alignnone size-full wp-image-34123\" src=\"https:\/\/ostrowskatv.pl\/wp-content\/uploads\/2025\/04\/1000163402.jpg\" alt=\"\" width=\"1920\" height=\"1172\" srcset=\"https:\/\/ostrowskatv.pl\/wp-content\/uploads\/2025\/04\/1000163402.jpg 1920w, https:\/\/ostrowskatv.pl\/wp-content\/uploads\/2025\/04\/1000163402-300x183.jpg 300w, https:\/\/ostrowskatv.pl\/wp-content\/uploads\/2025\/04\/1000163402-1333x814.jpg 1333w, https:\/\/ostrowskatv.pl\/wp-content\/uploads\/2025\/04\/1000163402-1536x938.jpg 1536w\" sizes=\"auto, (max-width: 1920px) 100vw, 1920px\" \/><\/p>\n<p><img loading=\"lazy\" decoding=\"async\" class=\"alignnone size-full wp-image-34124\" src=\"https:\/\/ostrowskatv.pl\/wp-content\/uploads\/2025\/04\/1000163302.jpg\" alt=\"\" width=\"1920\" height=\"1180\" srcset=\"https:\/\/ostrowskatv.pl\/wp-content\/uploads\/2025\/04\/1000163302.jpg 1920w, https:\/\/ostrowskatv.pl\/wp-content\/uploads\/2025\/04\/1000163302-300x184.jpg 300w, https:\/\/ostrowskatv.pl\/wp-content\/uploads\/2025\/04\/1000163302-1333x819.jpg 1333w, https:\/\/ostrowskatv.pl\/wp-content\/uploads\/2025\/04\/1000163302-1536x944.jpg 1536w\" sizes=\"auto, (max-width: 1920px) 100vw, 1920px\" \/><\/p>\n","protected":false},"excerpt":{"rendered":"Tu\u017c po p\u00f3\u0142nocy na spokojnej ulicy \u017bwirki w Ostrowie Wlkp. dosz\u0142o do scen rodem z sensacyjnego filmu akcji. 21-letni kierowca Opla, najwyra\u017aniej zbyt \n<a class=\"moretag\" href=\"https:\/\/ostrowskatv.pl\/?p=34118\"> [...]<\/a>","protected":false},"author":1,"featured_media":34119,"comment_status":"open","ping_status":"closed","sticky":false,"template":"","format":"standard","meta":{"footnotes":""},"categories":[1],"tags":[],"class_list":["post-34118","post","type-post","status-publish","format-standard","has-post-thumbnail","hentry","category-news"],"_links":{"self":[{"href":"https:\/\/ostrowskatv.pl\/index.php?rest_route=\/wp\/v2\/posts\/34118","targetHints":{"allow":["GET"]}}],"collection":[{"href":"https:\/\/ostrowskatv.pl\/index.php?rest_route=\/wp\/v2\/posts"}],"about":[{"href":"https:\/\/ostrowskatv.pl\/index.php?rest_route=\/wp\/v2\/types\/post"}],"author":[{"embeddable":true,"href":"https:\/\/ostrowskatv.pl\/index.php?rest_route=\/wp\/v2\/users\/1"}],"replies":[{"embeddable":true,"href":"https:\/\/ostrowskatv.pl\/index.php?rest_route=%2Fwp%2Fv2%2Fcomments&post=34118"}],"version-history":[{"count":2,"href":"https:\/\/ostrowskatv.pl\/index.php?rest_route=\/wp\/v2\/posts\/34118\/revisions"}],"predecessor-version":[{"id":34126,"href":"https:\/\/ostrowskatv.pl\/index.php?rest_route=\/wp\/v2\/posts\/34118\/revisions\/34126"}],"wp:featuredmedia":[{"embeddable":true,"href":"https:\/\/ostrowskatv.pl\/index.php?rest_route=\/wp\/v2\/media\/34119"}],"wp:attachment":[{"href":"https:\/\/ostrowskatv.pl\/index.php?rest_route=%2Fwp%2Fv2%2Fmedia&parent=34118"}],"wp:term":[{"taxonomy":"category","embeddable":true,"href":"https:\/\/ostrowskatv.pl\/index.php?rest_route=%2Fwp%2Fv2%2Fcategories&post=34118"},{"taxonomy":"post_tag","embeddable":true,"href":"https:\/\/ostrowskatv.pl\/index.php?rest_route=%2Fwp%2Fv2%2Ftags&post=34118"}],"curies":[{"name":"wp","href":"https:\/\/api.w.org\/{rel}","templated":true}]}}