{"id":34105,"date":"2025-04-17T08:41:31","date_gmt":"2025-04-17T07:41:31","guid":{"rendered":"https:\/\/ostrowskatv.pl\/?p=34105"},"modified":"2025-04-17T08:43:13","modified_gmt":"2025-04-17T07:43:13","slug":"dostawca-jedzenia-wyprzedzal-na-podwojnej-ale-to-nie-on-zostal-sprawca-zdjecia","status":"publish","type":"post","link":"https:\/\/ostrowskatv.pl\/?p=34105","title":{"rendered":"Dostawca jedzenia wyprzedza\u0142 na podw\u00f3jnej, ale to nie on zosta\u0142 sprawc\u0105 (ZDJ\u0118CIA)"},"content":{"rendered":"<p><strong>W \u015brod\u0119, tu\u017c przed godzin\u0105 18:00, na ulicy Limanowskiego, w rejonie wjazdu na ma\u0142y parking przed szpitalem, dosz\u0142o do kolizji dw\u00f3ch pojazd\u00f3w \u2013 bia\u0142ego Renault oraz Seata. Zdarzenie mia\u0142o miejsce podczas intensywnego ruchu popo\u0142udniowego.<\/strong><\/p>\n<p>Wed\u0142ug wst\u0119pnych ustale\u0144, kierowca bia\u0142ego Renault porusza\u0142 si\u0119 ulic\u0105 Limanowskiego w stron\u0119 alei S\u0142owackiego. W poje\u017adzie znajdowa\u0142a si\u0119 r\u00f3wnie\u017c jego rodzina. W momencie, gdy rozpocz\u0105\u0142 manewr skr\u0119tu w lewo, w kierunku parkingu przed szpitalem, jego auto zosta\u0142o uderzone w lewy bok przez Seata. Jak si\u0119 okaza\u0142o, za kierownic\u0105 Seata znajdowa\u0142 si\u0119 m\u0142ody dostawca jedzenia, pracuj\u0105cy w jednej z firm dowozowych.<\/p>\n<p>Pocz\u0105tkowo win\u0119 za zdarzenie pr\u00f3bowano przypisa\u0107 kierowcy Seata. Nagrania z pobliskiego monitoringu pokaza\u0142y bowiem, \u017ce m\u0119\u017cczyzna rozpocz\u0105\u0142 manewr wyprzedzania na odcinku drogi oznaczonym podw\u00f3jn\u0105 lini\u0105 ci\u0105g\u0142\u0105 \u2013 tu\u017c przed wjazdem na teren szpitala. To wykroczenie mog\u0142oby sugerowa\u0107 jego odpowiedzialno\u015b\u0107 za kolizj\u0119. Jednak dok\u0142adna analiza zdarzenia zmieni\u0142a obraz sytuacji.<\/p>\n<p>Do zderzenia dosz\u0142o bowiem w miejscu, kt\u00f3re nie stanowi skrzy\u017cowania. Zgodnie z przepisami, kieruj\u0105cy pojazdem skr\u0119caj\u0105cym w lewo ma obowi\u0105zek upewni\u0107 si\u0119, czy nie jest w tym czasie wyprzedzany \u2013 nawet w sytuacji, gdy manewr wyprzedzania odbywa si\u0119 z naruszeniem przepis\u00f3w. Tym samym, to kierowca Renault zosta\u0142 uznany za sprawc\u0119 kolizji, z powodu braku zachowania nale\u017cytej ostro\u017cno\u015bci.<\/p>\n<p>Dodatkowym kontekstem jest fakt, \u017ce m\u0142ody dostawca Seata ju\u017c wcze\u015bniej mia\u0142 incydent drogowy \u2013 kilka miesi\u0119cy temu wpad\u0142 w po\u015blizg i uderzy\u0142 w przeszkod\u0119 przy drodze. Jego niewielkie do\u015bwiadczenie za kierownic\u0105 mo\u017ce mie\u0107 wp\u0142yw na podejmowanie ryzykownych decyzji podczas jazdy. Warto jednak zaznaczy\u0107, \u017ce tym razem \u2013 mimo kontrowersyjnego manewru \u2013 to nie on zosta\u0142 uznany winnym ca\u0142ego zaj\u015bcia.<\/p>\n<p>Miejmy nadziej\u0119, \u017ce zar\u00f3wno m\u0142ody kierowca, jak i pozostali uczestnicy zdarzenia wyci\u0105gn\u0105 z tej sytuacji lekcj\u0119 \u2013 przede wszystkim o potrzebie wzmo\u017conej uwagi i zasady ograniczonego zaufania na drodze, nawet wobec pozornie oczywistych zachowa\u0144 innych kierowc\u00f3w.<\/p>\n<p><img loading=\"lazy\" decoding=\"async\" class=\"alignnone size-full wp-image-34106\" src=\"https:\/\/ostrowskatv.pl\/wp-content\/uploads\/2025\/04\/1000163252.jpg\" alt=\"\" width=\"1920\" height=\"840\" srcset=\"https:\/\/ostrowskatv.pl\/wp-content\/uploads\/2025\/04\/1000163252.jpg 1920w, https:\/\/ostrowskatv.pl\/wp-content\/uploads\/2025\/04\/1000163252-300x131.jpg 300w, https:\/\/ostrowskatv.pl\/wp-content\/uploads\/2025\/04\/1000163252-1333x583.jpg 1333w, https:\/\/ostrowskatv.pl\/wp-content\/uploads\/2025\/04\/1000163252-1536x672.jpg 1536w\" sizes=\"auto, (max-width: 1920px) 100vw, 1920px\" \/><\/p>\n<p><img loading=\"lazy\" decoding=\"async\" class=\"alignnone size-full wp-image-34107\" src=\"https:\/\/ostrowskatv.pl\/wp-content\/uploads\/2025\/04\/1000163249.jpg\" alt=\"\" width=\"1469\" height=\"1919\" srcset=\"https:\/\/ostrowskatv.pl\/wp-content\/uploads\/2025\/04\/1000163249.jpg 1469w, https:\/\/ostrowskatv.pl\/wp-content\/uploads\/2025\/04\/1000163249-230x300.jpg 230w, https:\/\/ostrowskatv.pl\/wp-content\/uploads\/2025\/04\/1000163249-1020x1333.jpg 1020w, https:\/\/ostrowskatv.pl\/wp-content\/uploads\/2025\/04\/1000163249-1176x1536.jpg 1176w\" sizes=\"auto, (max-width: 1469px) 100vw, 1469px\" \/><\/p>\n<p><img loading=\"lazy\" decoding=\"async\" class=\"alignnone size-full wp-image-34108\" src=\"https:\/\/ostrowskatv.pl\/wp-content\/uploads\/2025\/04\/1000163246.jpg\" alt=\"\" width=\"1081\" height=\"1920\" srcset=\"https:\/\/ostrowskatv.pl\/wp-content\/uploads\/2025\/04\/1000163246.jpg 1081w, https:\/\/ostrowskatv.pl\/wp-content\/uploads\/2025\/04\/1000163246-169x300.jpg 169w, https:\/\/ostrowskatv.pl\/wp-content\/uploads\/2025\/04\/1000163246-751x1333.jpg 751w, https:\/\/ostrowskatv.pl\/wp-content\/uploads\/2025\/04\/1000163246-865x1536.jpg 865w\" sizes=\"auto, (max-width: 1081px) 100vw, 1081px\" \/><\/p>\n<p><img loading=\"lazy\" decoding=\"async\" class=\"alignnone size-full wp-image-34109\" src=\"https:\/\/ostrowskatv.pl\/wp-content\/uploads\/2025\/04\/1000163245.jpg\" alt=\"\" width=\"1920\" height=\"1081\" srcset=\"https:\/\/ostrowskatv.pl\/wp-content\/uploads\/2025\/04\/1000163245.jpg 1920w, https:\/\/ostrowskatv.pl\/wp-content\/uploads\/2025\/04\/1000163245-300x169.jpg 300w, https:\/\/ostrowskatv.pl\/wp-content\/uploads\/2025\/04\/1000163245-1333x751.jpg 1333w, https:\/\/ostrowskatv.pl\/wp-content\/uploads\/2025\/04\/1000163245-1536x865.jpg 1536w\" sizes=\"auto, (max-width: 1920px) 100vw, 1920px\" \/><\/p>\n<p><img loading=\"lazy\" decoding=\"async\" class=\"alignnone size-full wp-image-34110\" src=\"https:\/\/ostrowskatv.pl\/wp-content\/uploads\/2025\/04\/1000163240.jpg\" alt=\"\" width=\"1920\" height=\"1046\" srcset=\"https:\/\/ostrowskatv.pl\/wp-content\/uploads\/2025\/04\/1000163240.jpg 1920w, https:\/\/ostrowskatv.pl\/wp-content\/uploads\/2025\/04\/1000163240-300x163.jpg 300w, https:\/\/ostrowskatv.pl\/wp-content\/uploads\/2025\/04\/1000163240-1333x726.jpg 1333w, https:\/\/ostrowskatv.pl\/wp-content\/uploads\/2025\/04\/1000163240-1536x837.jpg 1536w\" sizes=\"auto, (max-width: 1920px) 100vw, 1920px\" \/><\/p>\n<p><img loading=\"lazy\" decoding=\"async\" class=\"alignnone size-full wp-image-34111\" src=\"https:\/\/ostrowskatv.pl\/wp-content\/uploads\/2025\/04\/1000163239.jpg\" alt=\"\" width=\"1920\" height=\"866\" srcset=\"https:\/\/ostrowskatv.pl\/wp-content\/uploads\/2025\/04\/1000163239.jpg 1920w, https:\/\/ostrowskatv.pl\/wp-content\/uploads\/2025\/04\/1000163239-300x135.jpg 300w, https:\/\/ostrowskatv.pl\/wp-content\/uploads\/2025\/04\/1000163239-1333x601.jpg 1333w, https:\/\/ostrowskatv.pl\/wp-content\/uploads\/2025\/04\/1000163239-1536x693.jpg 1536w\" sizes=\"auto, (max-width: 1920px) 100vw, 1920px\" \/><\/p>\n<p><img loading=\"lazy\" decoding=\"async\" class=\"alignnone size-full wp-image-34112\" src=\"https:\/\/ostrowskatv.pl\/wp-content\/uploads\/2025\/04\/1000163238.jpg\" alt=\"\" width=\"1920\" height=\"1054\" srcset=\"https:\/\/ostrowskatv.pl\/wp-content\/uploads\/2025\/04\/1000163238.jpg 1920w, https:\/\/ostrowskatv.pl\/wp-content\/uploads\/2025\/04\/1000163238-300x165.jpg 300w, https:\/\/ostrowskatv.pl\/wp-content\/uploads\/2025\/04\/1000163238-1333x732.jpg 1333w, https:\/\/ostrowskatv.pl\/wp-content\/uploads\/2025\/04\/1000163238-1536x843.jpg 1536w\" sizes=\"auto, (max-width: 1920px) 100vw, 1920px\" \/><\/p>\n<p><img loading=\"lazy\" decoding=\"async\" class=\"alignnone size-full wp-image-34113\" src=\"https:\/\/ostrowskatv.pl\/wp-content\/uploads\/2025\/04\/1000163250.jpg\" alt=\"\" width=\"1920\" height=\"1081\" srcset=\"https:\/\/ostrowskatv.pl\/wp-content\/uploads\/2025\/04\/1000163250.jpg 1920w, https:\/\/ostrowskatv.pl\/wp-content\/uploads\/2025\/04\/1000163250-300x169.jpg 300w, https:\/\/ostrowskatv.pl\/wp-content\/uploads\/2025\/04\/1000163250-1333x751.jpg 1333w, https:\/\/ostrowskatv.pl\/wp-content\/uploads\/2025\/04\/1000163250-1536x865.jpg 1536w\" sizes=\"auto, (max-width: 1920px) 100vw, 1920px\" \/><\/p>\n<p><img loading=\"lazy\" decoding=\"async\" class=\"alignnone size-full wp-image-34114\" src=\"https:\/\/ostrowskatv.pl\/wp-content\/uploads\/2025\/04\/1000163251.jpg\" alt=\"\" width=\"1920\" height=\"840\" srcset=\"https:\/\/ostrowskatv.pl\/wp-content\/uploads\/2025\/04\/1000163251.jpg 1920w, https:\/\/ostrowskatv.pl\/wp-content\/uploads\/2025\/04\/1000163251-300x131.jpg 300w, https:\/\/ostrowskatv.pl\/wp-content\/uploads\/2025\/04\/1000163251-1333x583.jpg 1333w, https:\/\/ostrowskatv.pl\/wp-content\/uploads\/2025\/04\/1000163251-1536x672.jpg 1536w\" sizes=\"auto, (max-width: 1920px) 100vw, 1920px\" \/><\/p>\n","protected":false},"excerpt":{"rendered":"W \u015brod\u0119, tu\u017c przed godzin\u0105 18:00, na ulicy Limanowskiego, w rejonie wjazdu na ma\u0142y parking przed szpitalem, dosz\u0142o do kolizji dw\u00f3ch pojazd\u00f3w \u2013 \n<a class=\"moretag\" href=\"https:\/\/ostrowskatv.pl\/?p=34105\"> [...]<\/a>","protected":false},"author":1,"featured_media":34111,"comment_status":"open","ping_status":"closed","sticky":false,"template":"","format":"standard","meta":{"footnotes":""},"categories":[1],"tags":[2],"class_list":["post-34105","post","type-post","status-publish","format-standard","has-post-thumbnail","hentry","category-news","tag-ostrow-wielkopolski"],"_links":{"self":[{"href":"https:\/\/ostrowskatv.pl\/index.php?rest_route=\/wp\/v2\/posts\/34105","targetHints":{"allow":["GET"]}}],"collection":[{"href":"https:\/\/ostrowskatv.pl\/index.php?rest_route=\/wp\/v2\/posts"}],"about":[{"href":"https:\/\/ostrowskatv.pl\/index.php?rest_route=\/wp\/v2\/types\/post"}],"author":[{"embeddable":true,"href":"https:\/\/ostrowskatv.pl\/index.php?rest_route=\/wp\/v2\/users\/1"}],"replies":[{"embeddable":true,"href":"https:\/\/ostrowskatv.pl\/index.php?rest_route=%2Fwp%2Fv2%2Fcomments&post=34105"}],"version-history":[{"count":3,"href":"https:\/\/ostrowskatv.pl\/index.php?rest_route=\/wp\/v2\/posts\/34105\/revisions"}],"predecessor-version":[{"id":34117,"href":"https:\/\/ostrowskatv.pl\/index.php?rest_route=\/wp\/v2\/posts\/34105\/revisions\/34117"}],"wp:featuredmedia":[{"embeddable":true,"href":"https:\/\/ostrowskatv.pl\/index.php?rest_route=\/wp\/v2\/media\/34111"}],"wp:attachment":[{"href":"https:\/\/ostrowskatv.pl\/index.php?rest_route=%2Fwp%2Fv2%2Fmedia&parent=34105"}],"wp:term":[{"taxonomy":"category","embeddable":true,"href":"https:\/\/ostrowskatv.pl\/index.php?rest_route=%2Fwp%2Fv2%2Fcategories&post=34105"},{"taxonomy":"post_tag","embeddable":true,"href":"https:\/\/ostrowskatv.pl\/index.php?rest_route=%2Fwp%2Fv2%2Ftags&post=34105"}],"curies":[{"name":"wp","href":"https:\/\/api.w.org\/{rel}","templated":true}]}}