{"id":34083,"date":"2025-04-15T17:34:02","date_gmt":"2025-04-15T16:34:02","guid":{"rendered":"https:\/\/ostrowskatv.pl\/?p=34083"},"modified":"2025-04-15T17:34:58","modified_gmt":"2025-04-15T16:34:58","slug":"to-on-uciekal-przed-policja","status":"publish","type":"post","link":"https:\/\/ostrowskatv.pl\/?p=34083","title":{"rendered":"To on ucieka\u0142 przed policj\u0105!"},"content":{"rendered":"<p><strong>Dramatyczne sceny rozegra\u0142y si\u0119 w poniedzia\u0142ek przed po\u0142udniem w powiecie ostrowskim. Policjanci usi\u0142owali zatrzyma\u0107 kierowc\u0119, kt\u00f3ry nie tylko jecha\u0142 z nadmiern\u0105 pr\u0119dko\u015bci\u0105, ale r\u00f3wnie\u017c \u2013 jak si\u0119 p\u00f3\u017aniej okaza\u0142o \u2013 by\u0142 kompletnie pijany! M\u0119\u017cczyzna podj\u0105\u0142 desperack\u0105 pr\u00f3b\u0119 ucieczki, kt\u00f3ra mog\u0142a zako\u0144czy\u0107 si\u0119 tragedi\u0105.<\/strong><\/p>\n<p><img loading=\"lazy\" decoding=\"async\" src=\"https:\/\/ostrowskatv.pl\/wp-content\/uploads\/2025\/04\/1000162986.jpg\" alt=\"\" width=\"1476\" height=\"1004\" class=\"alignnone size-full wp-image-34085\" srcset=\"https:\/\/ostrowskatv.pl\/wp-content\/uploads\/2025\/04\/1000162986.jpg 1476w, https:\/\/ostrowskatv.pl\/wp-content\/uploads\/2025\/04\/1000162986-300x204.jpg 300w, https:\/\/ostrowskatv.pl\/wp-content\/uploads\/2025\/04\/1000162986-1333x907.jpg 1333w\" sizes=\"auto, (max-width: 1476px) 100vw, 1476px\" \/><\/p>\n<p><img loading=\"lazy\" decoding=\"async\" src=\"https:\/\/ostrowskatv.pl\/wp-content\/uploads\/2025\/04\/1000162735.jpg\" alt=\"\" width=\"1920\" height=\"1114\" class=\"alignnone size-full wp-image-34071\" srcset=\"https:\/\/ostrowskatv.pl\/wp-content\/uploads\/2025\/04\/1000162735.jpg 1920w, https:\/\/ostrowskatv.pl\/wp-content\/uploads\/2025\/04\/1000162735-300x174.jpg 300w, https:\/\/ostrowskatv.pl\/wp-content\/uploads\/2025\/04\/1000162735-1333x773.jpg 1333w, https:\/\/ostrowskatv.pl\/wp-content\/uploads\/2025\/04\/1000162735-1536x891.jpg 1536w\" sizes=\"auto, (max-width: 1920px) 100vw, 1920px\" \/><\/p>\n<p><img loading=\"lazy\" decoding=\"async\" src=\"https:\/\/ostrowskatv.pl\/wp-content\/uploads\/2025\/04\/1000162732.jpg\" alt=\"\" width=\"1920\" height=\"1081\" class=\"alignnone size-full wp-image-34070\" srcset=\"https:\/\/ostrowskatv.pl\/wp-content\/uploads\/2025\/04\/1000162732.jpg 1920w, https:\/\/ostrowskatv.pl\/wp-content\/uploads\/2025\/04\/1000162732-300x169.jpg 300w, https:\/\/ostrowskatv.pl\/wp-content\/uploads\/2025\/04\/1000162732-1333x751.jpg 1333w, https:\/\/ostrowskatv.pl\/wp-content\/uploads\/2025\/04\/1000162732-1536x865.jpg 1536w\" sizes=\"auto, (max-width: 1920px) 100vw, 1920px\" \/><\/p>\n<p><img loading=\"lazy\" decoding=\"async\" src=\"https:\/\/ostrowskatv.pl\/wp-content\/uploads\/2025\/04\/1000162727.jpg\" alt=\"\" width=\"1920\" height=\"1081\" class=\"alignnone size-full wp-image-34069\" srcset=\"https:\/\/ostrowskatv.pl\/wp-content\/uploads\/2025\/04\/1000162727.jpg 1920w, https:\/\/ostrowskatv.pl\/wp-content\/uploads\/2025\/04\/1000162727-300x169.jpg 300w, https:\/\/ostrowskatv.pl\/wp-content\/uploads\/2025\/04\/1000162727-1333x751.jpg 1333w, https:\/\/ostrowskatv.pl\/wp-content\/uploads\/2025\/04\/1000162727-1536x865.jpg 1536w\" sizes=\"auto, (max-width: 1920px) 100vw, 1920px\" \/><\/p>\n<p><img loading=\"lazy\" decoding=\"async\" src=\"https:\/\/ostrowskatv.pl\/wp-content\/uploads\/2025\/04\/1000162726.jpg\" alt=\"\" width=\"1920\" height=\"1081\" class=\"alignnone size-full wp-image-34068\" srcset=\"https:\/\/ostrowskatv.pl\/wp-content\/uploads\/2025\/04\/1000162726.jpg 1920w, https:\/\/ostrowskatv.pl\/wp-content\/uploads\/2025\/04\/1000162726-300x169.jpg 300w, https:\/\/ostrowskatv.pl\/wp-content\/uploads\/2025\/04\/1000162726-1333x751.jpg 1333w, https:\/\/ostrowskatv.pl\/wp-content\/uploads\/2025\/04\/1000162726-1536x865.jpg 1536w\" sizes=\"auto, (max-width: 1920px) 100vw, 1920px\" \/><\/p>\n<p><img loading=\"lazy\" decoding=\"async\" src=\"https:\/\/ostrowskatv.pl\/wp-content\/uploads\/2025\/04\/1000162725.jpg\" alt=\"\" width=\"1920\" height=\"1266\" class=\"alignnone size-full wp-image-34067\" srcset=\"https:\/\/ostrowskatv.pl\/wp-content\/uploads\/2025\/04\/1000162725.jpg 1920w, https:\/\/ostrowskatv.pl\/wp-content\/uploads\/2025\/04\/1000162725-300x198.jpg 300w, https:\/\/ostrowskatv.pl\/wp-content\/uploads\/2025\/04\/1000162725-1333x879.jpg 1333w, https:\/\/ostrowskatv.pl\/wp-content\/uploads\/2025\/04\/1000162725-1536x1013.jpg 1536w\" sizes=\"auto, (max-width: 1920px) 100vw, 1920px\" \/><\/p>\n<p><img loading=\"lazy\" decoding=\"async\" src=\"https:\/\/ostrowskatv.pl\/wp-content\/uploads\/2025\/04\/1000162724.jpg\" alt=\"\" width=\"1920\" height=\"1096\" class=\"alignnone size-full wp-image-34066\" srcset=\"https:\/\/ostrowskatv.pl\/wp-content\/uploads\/2025\/04\/1000162724.jpg 1920w, https:\/\/ostrowskatv.pl\/wp-content\/uploads\/2025\/04\/1000162724-300x171.jpg 300w, https:\/\/ostrowskatv.pl\/wp-content\/uploads\/2025\/04\/1000162724-1333x761.jpg 1333w, https:\/\/ostrowskatv.pl\/wp-content\/uploads\/2025\/04\/1000162724-1536x877.jpg 1536w, https:\/\/ostrowskatv.pl\/wp-content\/uploads\/2025\/04\/1000162724-388x220.jpg 388w\" sizes=\"auto, (max-width: 1920px) 100vw, 1920px\" \/><\/p>\n<p><img loading=\"lazy\" decoding=\"async\" src=\"https:\/\/ostrowskatv.pl\/wp-content\/uploads\/2025\/04\/1000162722.jpg\" alt=\"\" width=\"1920\" height=\"1000\" class=\"alignnone size-full wp-image-34065\" srcset=\"https:\/\/ostrowskatv.pl\/wp-content\/uploads\/2025\/04\/1000162722.jpg 1920w, https:\/\/ostrowskatv.pl\/wp-content\/uploads\/2025\/04\/1000162722-300x156.jpg 300w, https:\/\/ostrowskatv.pl\/wp-content\/uploads\/2025\/04\/1000162722-1333x694.jpg 1333w, https:\/\/ostrowskatv.pl\/wp-content\/uploads\/2025\/04\/1000162722-1536x800.jpg 1536w\" sizes=\"auto, (max-width: 1920px) 100vw, 1920px\" \/><\/p>\n<p>Do po\u015bcigu dosz\u0142o tu\u017c przed godzin\u0105 11:00. Policjanci zauwa\u017cyli rozp\u0119dzony pojazd w jednej z wsi gminy Sieroszewice. Pomimo wyra\u017anych sygna\u0142\u00f3w \u015bwietlnych i d\u017awi\u0119kowych, kierowca nie zatrzyma\u0142 si\u0119 \u2013 wr\u0119cz przeciwnie \u2013 gwa\u0142townie przyspieszy\u0142.<\/p>\n<p>Wszystko przenios\u0142o si\u0119 do miejscowo\u015bci Masan\u00f3w, gdzie na le\u015bnym odcinku utwardzonej drogi m\u0119\u017cczyzna skr\u0119ci\u0142 w lewo, wprowadzaj\u0105c funkcjonariuszy w pu\u0142apk\u0119. Goni\u0105cy go radiow\u00f3z wpad\u0142 na sypk\u0105 nawierzchni\u0119, straci\u0142 przyczepno\u015b\u0107 i uderzy\u0142 w drzewo! Na szcz\u0119\u015bcie \u2013 wbrew temu, co mo\u017cna by s\u0105dzi\u0107 po zderzeniu \u2013 policjanci nie odnie\u015bli obra\u017ce\u0144.<\/p>\n<p>Mundurowi jednak nie dali za wygran\u0105. Maj\u0105c dane w\u0142a\u015bciciela pojazdu, ruszyli do dzia\u0142ania. Ju\u017c po godzinie podejrzany zosta\u0142 zatrzymany. 44-letni mieszkaniec jednej z okolicznych wsi trafi\u0142 pod eskort\u0105 na komend\u0119 policji, gdzie czeka\u0142o go\u2026 wytrze\u017awienie.<\/p>\n<p>Dopiero po doj\u015bciu do siebie, m\u0119\u017cczyzna zosta\u0142 przes\u0142uchany. Us\u0142ysza\u0142 dwa powa\u017cne zarzuty:<\/p>\n<ol>\n<li><strong>Prowadzenie pojazdu w stanie nietrze\u017awo\u015bci<\/strong><\/li>\n<li><strong>Niezatrzymanie si\u0119 do kontroli drogowej<\/strong> \u2013 co obecnie traktowane jest jako przest\u0119pstwo zagro\u017cone surow\u0105 kar\u0105.<\/li>\n<\/ol>\n<p>Zgodnie z obowi\u0105zuj\u0105cymi w 2025 roku przepisami, za <strong>jazd\u0119 po alkoholu<\/strong> grozi mu:<\/p>\n<ul>\n<li>kara <strong>do 3 lat pozbawienia wolno\u015bci<\/strong>,<\/li>\n<li><strong>zakaz prowadzenia pojazd\u00f3w od 3 do 15 lat<\/strong>,<\/li>\n<li>a tak\u017ce <strong>obowi\u0105zkowa kara finansowa<\/strong> w wysoko\u015bci co najmniej <strong>5000 do 60 tysi\u0119cy z\u0142<\/strong> na Fundusz Pomocy Pokrzywdzonym.<\/li>\n<\/ul>\n<p>Z kolei <strong>ucieczka przed policj\u0105<\/strong> to przest\u0119pstwo zagro\u017cone kar\u0105 <strong>do 5 lat wi\u0119zienia<\/strong>!<\/p>\n<p>Teraz 44-latek mo\u017ce d\u0142ugo nie usi\u0105\u015b\u0107 za kierownic\u0105 \u2013 ani na wolno\u015bci. \u015aledczy analizuj\u0105 jeszcze nagrania i zeznania \u015bwiadk\u00f3w, a sprawa trafi do s\u0105du. Grozi mu \u0142\u0105cznie <strong>do 8 lat pozbawienia wolno\u015bci<\/strong>.<\/p>\n<hr \/>\n","protected":false},"excerpt":{"rendered":"Dramatyczne sceny rozegra\u0142y si\u0119 w poniedzia\u0142ek przed po\u0142udniem w powiecie ostrowskim. Policjanci usi\u0142owali zatrzyma\u0107 kierowc\u0119, kt\u00f3ry nie tylko jecha\u0142 z nadmiern\u0105 pr\u0119dko\u015bci\u0105, ale \n<a class=\"moretag\" href=\"https:\/\/ostrowskatv.pl\/?p=34083\"> [...]<\/a>","protected":false},"author":1,"featured_media":34085,"comment_status":"open","ping_status":"closed","sticky":false,"template":"","format":"standard","meta":{"footnotes":""},"categories":[1],"tags":[],"class_list":["post-34083","post","type-post","status-publish","format-standard","has-post-thumbnail","hentry","category-news"],"_links":{"self":[{"href":"https:\/\/ostrowskatv.pl\/index.php?rest_route=\/wp\/v2\/posts\/34083","targetHints":{"allow":["GET"]}}],"collection":[{"href":"https:\/\/ostrowskatv.pl\/index.php?rest_route=\/wp\/v2\/posts"}],"about":[{"href":"https:\/\/ostrowskatv.pl\/index.php?rest_route=\/wp\/v2\/types\/post"}],"author":[{"embeddable":true,"href":"https:\/\/ostrowskatv.pl\/index.php?rest_route=\/wp\/v2\/users\/1"}],"replies":[{"embeddable":true,"href":"https:\/\/ostrowskatv.pl\/index.php?rest_route=%2Fwp%2Fv2%2Fcomments&post=34083"}],"version-history":[{"count":2,"href":"https:\/\/ostrowskatv.pl\/index.php?rest_route=\/wp\/v2\/posts\/34083\/revisions"}],"predecessor-version":[{"id":34087,"href":"https:\/\/ostrowskatv.pl\/index.php?rest_route=\/wp\/v2\/posts\/34083\/revisions\/34087"}],"wp:featuredmedia":[{"embeddable":true,"href":"https:\/\/ostrowskatv.pl\/index.php?rest_route=\/wp\/v2\/media\/34085"}],"wp:attachment":[{"href":"https:\/\/ostrowskatv.pl\/index.php?rest_route=%2Fwp%2Fv2%2Fmedia&parent=34083"}],"wp:term":[{"taxonomy":"category","embeddable":true,"href":"https:\/\/ostrowskatv.pl\/index.php?rest_route=%2Fwp%2Fv2%2Fcategories&post=34083"},{"taxonomy":"post_tag","embeddable":true,"href":"https:\/\/ostrowskatv.pl\/index.php?rest_route=%2Fwp%2Fv2%2Ftags&post=34083"}],"curies":[{"name":"wp","href":"https:\/\/api.w.org\/{rel}","templated":true}]}}