{"id":34055,"date":"2025-04-12T14:58:50","date_gmt":"2025-04-12T13:58:50","guid":{"rendered":"https:\/\/ostrowskatv.pl\/?p=34055"},"modified":"2025-04-12T14:58:50","modified_gmt":"2025-04-12T13:58:50","slug":"mroczne-odkrycie-w-jednym-z-domow-zdjecia","status":"publish","type":"post","link":"https:\/\/ostrowskatv.pl\/?p=34055","title":{"rendered":"Mroczne odkrycie w jednym z dom\u00f3w (ZDJ\u0118CIA)"},"content":{"rendered":"<p><strong>Ostr\u00f3w Wielkopolski, sobota, godziny <span style=\"font-size: 1rem;\">poranne &#8211; W jednym z dom\u00f3w przy ulicy Jesionowej znaleziono cia\u0142o oko\u0142o 40-letniego m\u0119\u017cczyzny. Wst\u0119pne okoliczno\u015bci wskazuj\u0105, \u017ce \u015bmier\u0107 by\u0142a wynikiem samob\u00f3jstwa. S\u0142u\u017cby zabezpieczy\u0142y zw\u0142oki, a sprawa trafi\u0142a pod \u015bledztwo prokuratury.<\/span><\/strong><\/p>\n<p><img loading=\"lazy\" decoding=\"async\" src=\"https:\/\/ostrowskatv.pl\/wp-content\/uploads\/2025\/04\/1000162132.jpg\" alt=\"\" width=\"1920\" height=\"1081\" class=\"alignnone size-full wp-image-34056\" srcset=\"https:\/\/ostrowskatv.pl\/wp-content\/uploads\/2025\/04\/1000162132.jpg 1920w, https:\/\/ostrowskatv.pl\/wp-content\/uploads\/2025\/04\/1000162132-300x169.jpg 300w, https:\/\/ostrowskatv.pl\/wp-content\/uploads\/2025\/04\/1000162132-1333x751.jpg 1333w, https:\/\/ostrowskatv.pl\/wp-content\/uploads\/2025\/04\/1000162132-1536x865.jpg 1536w\" sizes=\"auto, (max-width: 1920px) 100vw, 1920px\" \/><\/p>\n<p><img loading=\"lazy\" decoding=\"async\" src=\"https:\/\/ostrowskatv.pl\/wp-content\/uploads\/2025\/04\/1000162128.jpg\" alt=\"\" width=\"1920\" height=\"1189\" class=\"alignnone size-full wp-image-34057\" srcset=\"https:\/\/ostrowskatv.pl\/wp-content\/uploads\/2025\/04\/1000162128.jpg 1920w, https:\/\/ostrowskatv.pl\/wp-content\/uploads\/2025\/04\/1000162128-300x186.jpg 300w, https:\/\/ostrowskatv.pl\/wp-content\/uploads\/2025\/04\/1000162128-1333x825.jpg 1333w, https:\/\/ostrowskatv.pl\/wp-content\/uploads\/2025\/04\/1000162128-1536x951.jpg 1536w\" sizes=\"auto, (max-width: 1920px) 100vw, 1920px\" \/><\/p>\n<p><img loading=\"lazy\" decoding=\"async\" src=\"https:\/\/ostrowskatv.pl\/wp-content\/uploads\/2025\/04\/1000162127.jpg\" alt=\"\" width=\"1487\" height=\"1022\" class=\"alignnone size-full wp-image-34058\" srcset=\"https:\/\/ostrowskatv.pl\/wp-content\/uploads\/2025\/04\/1000162127.jpg 1487w, https:\/\/ostrowskatv.pl\/wp-content\/uploads\/2025\/04\/1000162127-300x206.jpg 300w, https:\/\/ostrowskatv.pl\/wp-content\/uploads\/2025\/04\/1000162127-1333x916.jpg 1333w\" sizes=\"auto, (max-width: 1487px) 100vw, 1487px\" \/><\/p>\n<p><img loading=\"lazy\" decoding=\"async\" src=\"https:\/\/ostrowskatv.pl\/wp-content\/uploads\/2025\/04\/1000162133.jpg\" alt=\"\" width=\"1920\" height=\"1379\" class=\"alignnone size-full wp-image-34059\" srcset=\"https:\/\/ostrowskatv.pl\/wp-content\/uploads\/2025\/04\/1000162133.jpg 1920w, https:\/\/ostrowskatv.pl\/wp-content\/uploads\/2025\/04\/1000162133-300x215.jpg 300w, https:\/\/ostrowskatv.pl\/wp-content\/uploads\/2025\/04\/1000162133-1333x957.jpg 1333w, https:\/\/ostrowskatv.pl\/wp-content\/uploads\/2025\/04\/1000162133-1536x1103.jpg 1536w, https:\/\/ostrowskatv.pl\/wp-content\/uploads\/2025\/04\/1000162133-120x85.jpg 120w\" sizes=\"auto, (max-width: 1920px) 100vw, 1920px\" \/><\/p>\n<p><img loading=\"lazy\" decoding=\"async\" src=\"https:\/\/ostrowskatv.pl\/wp-content\/uploads\/2025\/04\/1000162135.jpg\" alt=\"\" width=\"1920\" height=\"1081\" class=\"alignnone size-full wp-image-34060\" srcset=\"https:\/\/ostrowskatv.pl\/wp-content\/uploads\/2025\/04\/1000162135.jpg 1920w, https:\/\/ostrowskatv.pl\/wp-content\/uploads\/2025\/04\/1000162135-300x169.jpg 300w, https:\/\/ostrowskatv.pl\/wp-content\/uploads\/2025\/04\/1000162135-1333x751.jpg 1333w, https:\/\/ostrowskatv.pl\/wp-content\/uploads\/2025\/04\/1000162135-1536x865.jpg 1536w\" sizes=\"auto, (max-width: 1920px) 100vw, 1920px\" \/><\/p>\n<p><img loading=\"lazy\" decoding=\"async\" src=\"https:\/\/ostrowskatv.pl\/wp-content\/uploads\/2025\/04\/1000162137.jpg\" alt=\"\" width=\"1920\" height=\"1081\" class=\"alignnone size-full wp-image-34061\" srcset=\"https:\/\/ostrowskatv.pl\/wp-content\/uploads\/2025\/04\/1000162137.jpg 1920w, https:\/\/ostrowskatv.pl\/wp-content\/uploads\/2025\/04\/1000162137-300x169.jpg 300w, https:\/\/ostrowskatv.pl\/wp-content\/uploads\/2025\/04\/1000162137-1333x751.jpg 1333w, https:\/\/ostrowskatv.pl\/wp-content\/uploads\/2025\/04\/1000162137-1536x865.jpg 1536w\" sizes=\"auto, (max-width: 1920px) 100vw, 1920px\" \/><\/p>\n<p>Mroczna aura zawis\u0142a nad spokojn\u0105 dot\u0105d ulic\u0105, gdzie \u017cycie jednego cz\u0142owieka zgas\u0142o przedwcze\u015bnie.<\/p>\n<p>\u015amier\u0107 w samotno\u015bci, w czterech \u015bcianach, kt\u00f3re mia\u0142y by\u0107 schronieniem, a sta\u0142y si\u0119 miejscem ostatniego aktu rozpaczy &#8211; to obraz, kt\u00f3ry pozostaje w pami\u0119ci na d\u0142ugo. Policja nie podaje szczeg\u00f3\u0142\u00f3w.<\/p>\n<p><strong>Gdzie szuka\u0107 pomocy?<\/strong><\/p>\n<p>Je\u015bli Ty lub kto\u015b z Twoich bliskich prze\u017cywa kryzys emocjonalny i ma my\u015bli samob\u00f3jcze, nie jeste\u015b sam. W Polsce dost\u0119pna jest pomoc:<\/p>\n<p>Telefon Zaufania dla Os\u00f3b Doros\u0142ych W Kryzysie Emocjonalnym: 116 123 (czynny 14:00-22:00)<\/p>\n<p>Telefon Zaufania dla Dzieci i M\u0142odzie\u017cy:<\/p>\n<p>116 111<\/p>\n<p>O\u015brodek Interwencji Kryzysowej &#8211; w <span style=\"font-size: 1rem;\">ka\u017cdym wi\u0119kszym mie\u015bcie<\/span><\/p>\n<p>Antydepresyjny Telefon Forum Przeciw D<span style=\"font-size: 1rem;\">epresji: 22 594 91 00<\/span><\/p>\n<p>Kryzysowy Telefon Zaufania: 800 70 2222 (ca\u0142odobowo)<\/p>\n<p>Nie wahaj si\u0119 prosi\u0107 o pomoc. Twoje \u017cycie jest cenne.<\/p>\n<p>Tymczasem ulica Jesionowa pogr\u0105\u017ca si\u0119 w \u017ca\u0142obie. Kolejna ofiara ludzkiego cierpienia, kolejne pytania bez odpowiedzi. Dlaczego nikt nie us\u0142ysza\u0142 jego wo\u0142ania? Dlaczego nikt nie zd\u0105\u017cy\u0142 poda\u0107 r\u0119ki? To pytania, kt\u00f3re na zawsze pozostan\u0105 bez odpowiedzi.<\/p>\n","protected":false},"excerpt":{"rendered":"Ostr\u00f3w Wielkopolski, sobota, godziny poranne &#8211; W jednym z dom\u00f3w przy ulicy Jesionowej znaleziono cia\u0142o oko\u0142o 40-letniego m\u0119\u017cczyzny. Wst\u0119pne okoliczno\u015bci wskazuj\u0105, \u017ce \u015bmier\u0107 \n<a class=\"moretag\" href=\"https:\/\/ostrowskatv.pl\/?p=34055\"> [...]<\/a>","protected":false},"author":1,"featured_media":34059,"comment_status":"open","ping_status":"closed","sticky":false,"template":"","format":"standard","meta":{"footnotes":""},"categories":[1],"tags":[2,34],"class_list":["post-34055","post","type-post","status-publish","format-standard","has-post-thumbnail","hentry","category-news","tag-ostrow-wielkopolski","tag-policja"],"_links":{"self":[{"href":"https:\/\/ostrowskatv.pl\/index.php?rest_route=\/wp\/v2\/posts\/34055","targetHints":{"allow":["GET"]}}],"collection":[{"href":"https:\/\/ostrowskatv.pl\/index.php?rest_route=\/wp\/v2\/posts"}],"about":[{"href":"https:\/\/ostrowskatv.pl\/index.php?rest_route=\/wp\/v2\/types\/post"}],"author":[{"embeddable":true,"href":"https:\/\/ostrowskatv.pl\/index.php?rest_route=\/wp\/v2\/users\/1"}],"replies":[{"embeddable":true,"href":"https:\/\/ostrowskatv.pl\/index.php?rest_route=%2Fwp%2Fv2%2Fcomments&post=34055"}],"version-history":[{"count":2,"href":"https:\/\/ostrowskatv.pl\/index.php?rest_route=\/wp\/v2\/posts\/34055\/revisions"}],"predecessor-version":[{"id":34063,"href":"https:\/\/ostrowskatv.pl\/index.php?rest_route=\/wp\/v2\/posts\/34055\/revisions\/34063"}],"wp:featuredmedia":[{"embeddable":true,"href":"https:\/\/ostrowskatv.pl\/index.php?rest_route=\/wp\/v2\/media\/34059"}],"wp:attachment":[{"href":"https:\/\/ostrowskatv.pl\/index.php?rest_route=%2Fwp%2Fv2%2Fmedia&parent=34055"}],"wp:term":[{"taxonomy":"category","embeddable":true,"href":"https:\/\/ostrowskatv.pl\/index.php?rest_route=%2Fwp%2Fv2%2Fcategories&post=34055"},{"taxonomy":"post_tag","embeddable":true,"href":"https:\/\/ostrowskatv.pl\/index.php?rest_route=%2Fwp%2Fv2%2Ftags&post=34055"}],"curies":[{"name":"wp","href":"https:\/\/api.w.org\/{rel}","templated":true}]}}