{"id":34013,"date":"2025-04-10T18:49:05","date_gmt":"2025-04-10T17:49:05","guid":{"rendered":"https:\/\/ostrowskatv.pl\/?p=34013"},"modified":"2025-04-10T18:49:05","modified_gmt":"2025-04-10T17:49:05","slug":"na-wiecu-trzaskowskiego-byli-przeciwnicy-mieli-mocne-banery-zdjecia","status":"publish","type":"post","link":"https:\/\/ostrowskatv.pl\/?p=34013","title":{"rendered":"Na wiecu Trzaskowskiego byli przeciwnicy. Mieli mocne banery (ZDJ\u0118CIA)"},"content":{"rendered":"<p><strong>Na placu \u015bw. J\u00f3zefa w Kaliszu, miejscu dotychczas kojarzonym g\u0142\u00f3wnie z uroczysto\u015bciami organizowanymi przez sympatyk\u00f3w Prawa i Sprawiedliwo\u015bci, odby\u0142 si\u0119 otwarty wiec wyborczy Rafa\u0142a Trzaskowskiego \u2013 kandydata na prezydenta RP z ramienia Koalicji Obywatelskiej. Wydarzenie, kt\u00f3re przyci\u0105gn\u0119\u0142o oko\u0142o 500 os\u00f3b, wywo\u0142a\u0142o niema\u0142e poruszenie w\u015br\u00f3d mieszka\u0144c\u00f3w i zgromadzi\u0142o zar\u00f3wno zwolennik\u00f3w, jak i przeciwnik\u00f3w polityka.<\/strong><\/p>\n<p>To jedno z pierwszych spotka\u0144 Trzaskowskiego, kt\u00f3re odby\u0142o si\u0119 w przestrzeni publicznej, w centrum miasta, a nie \u2013 jak dot\u0105d \u2013 w zamkni\u0119tym, zabezpieczonym miejscu. Taka forma wydarzenia przyci\u0105gn\u0119\u0142a nie tylko wyborc\u00f3w, ale i krytyk\u00f3w, kt\u00f3rzy licznie wyrazili sw\u00f3j sprzeciw wobec jego dzia\u0142alno\u015bci politycznej.<\/p>\n<p>W t\u0142umie pojawi\u0142y si\u0119 transparenty o wyra\u017anie negatywnym wyd\u017awi\u0119ku: \u201eT\u0119czowy Rafa\u0142 \u2013 R\u0119ce precz od DZIECI\u201d, \u201eBo\u017ce chro\u0144 nas przed Trzaskowskim\u201d czy \u201eTrzaskowski: 1) Pierwszy aborcjonista 2) Lewakiem, kt\u00f3rego pragnieniem s\u0105 \u015bluby dla par jednop\u0142ciowych\u201d. Cz\u0119\u015b\u0107 protestuj\u0105cych podnosi\u0142a argument, \u017ce plac \u015bw. J\u00f3zefa to miejsce o charakterze religijnym i \u017ce obecno\u015b\u0107 kandydata o liberalnych pogl\u0105dach jest tam nie na miejscu.<br \/>\n<img loading=\"lazy\" decoding=\"async\" class=\"alignnone size-full wp-image-34015\" src=\"https:\/\/ostrowskatv.pl\/wp-content\/uploads\/2025\/04\/1000161748.jpg\" alt=\"\" width=\"1920\" height=\"1081\" srcset=\"https:\/\/ostrowskatv.pl\/wp-content\/uploads\/2025\/04\/1000161748.jpg 1920w, https:\/\/ostrowskatv.pl\/wp-content\/uploads\/2025\/04\/1000161748-300x169.jpg 300w, https:\/\/ostrowskatv.pl\/wp-content\/uploads\/2025\/04\/1000161748-1333x751.jpg 1333w, https:\/\/ostrowskatv.pl\/wp-content\/uploads\/2025\/04\/1000161748-1536x865.jpg 1536w\" sizes=\"auto, (max-width: 1920px) 100vw, 1920px\" \/><\/p>\n<p><img loading=\"lazy\" decoding=\"async\" class=\"alignnone size-full wp-image-34016\" src=\"https:\/\/ostrowskatv.pl\/wp-content\/uploads\/2025\/04\/1000161749.jpg\" alt=\"\" width=\"1920\" height=\"1081\" srcset=\"https:\/\/ostrowskatv.pl\/wp-content\/uploads\/2025\/04\/1000161749.jpg 1920w, https:\/\/ostrowskatv.pl\/wp-content\/uploads\/2025\/04\/1000161749-300x169.jpg 300w, https:\/\/ostrowskatv.pl\/wp-content\/uploads\/2025\/04\/1000161749-1333x751.jpg 1333w, https:\/\/ostrowskatv.pl\/wp-content\/uploads\/2025\/04\/1000161749-1536x865.jpg 1536w\" sizes=\"auto, (max-width: 1920px) 100vw, 1920px\" \/><\/p>\n<p><img loading=\"lazy\" decoding=\"async\" class=\"alignnone size-full wp-image-34017\" src=\"https:\/\/ostrowskatv.pl\/wp-content\/uploads\/2025\/04\/1000161750.jpg\" alt=\"\" width=\"1232\" height=\"813\" srcset=\"https:\/\/ostrowskatv.pl\/wp-content\/uploads\/2025\/04\/1000161750.jpg 1232w, https:\/\/ostrowskatv.pl\/wp-content\/uploads\/2025\/04\/1000161750-300x198.jpg 300w\" sizes=\"auto, (max-width: 1232px) 100vw, 1232px\" \/><\/p>\n<p><img loading=\"lazy\" decoding=\"async\" class=\"alignnone size-full wp-image-34018\" src=\"https:\/\/ostrowskatv.pl\/wp-content\/uploads\/2025\/04\/1000161751.jpg\" alt=\"\" width=\"1919\" height=\"1098\" srcset=\"https:\/\/ostrowskatv.pl\/wp-content\/uploads\/2025\/04\/1000161751.jpg 1919w, https:\/\/ostrowskatv.pl\/wp-content\/uploads\/2025\/04\/1000161751-300x172.jpg 300w, https:\/\/ostrowskatv.pl\/wp-content\/uploads\/2025\/04\/1000161751-1333x763.jpg 1333w, https:\/\/ostrowskatv.pl\/wp-content\/uploads\/2025\/04\/1000161751-1536x879.jpg 1536w\" sizes=\"auto, (max-width: 1919px) 100vw, 1919px\" \/><\/p>\n<p><img loading=\"lazy\" decoding=\"async\" class=\"alignnone size-full wp-image-34019\" src=\"https:\/\/ostrowskatv.pl\/wp-content\/uploads\/2025\/04\/1000161752.jpg\" alt=\"\" width=\"1920\" height=\"1081\" srcset=\"https:\/\/ostrowskatv.pl\/wp-content\/uploads\/2025\/04\/1000161752.jpg 1920w, https:\/\/ostrowskatv.pl\/wp-content\/uploads\/2025\/04\/1000161752-300x169.jpg 300w, https:\/\/ostrowskatv.pl\/wp-content\/uploads\/2025\/04\/1000161752-1333x751.jpg 1333w, https:\/\/ostrowskatv.pl\/wp-content\/uploads\/2025\/04\/1000161752-1536x865.jpg 1536w\" sizes=\"auto, (max-width: 1920px) 100vw, 1920px\" \/><\/p>\n<p><img loading=\"lazy\" decoding=\"async\" class=\"alignnone size-full wp-image-34020\" src=\"https:\/\/ostrowskatv.pl\/wp-content\/uploads\/2025\/04\/1000161754.jpg\" alt=\"\" width=\"1920\" height=\"1081\" srcset=\"https:\/\/ostrowskatv.pl\/wp-content\/uploads\/2025\/04\/1000161754.jpg 1920w, https:\/\/ostrowskatv.pl\/wp-content\/uploads\/2025\/04\/1000161754-300x169.jpg 300w, https:\/\/ostrowskatv.pl\/wp-content\/uploads\/2025\/04\/1000161754-1333x751.jpg 1333w, https:\/\/ostrowskatv.pl\/wp-content\/uploads\/2025\/04\/1000161754-1536x865.jpg 1536w\" sizes=\"auto, (max-width: 1920px) 100vw, 1920px\" \/><\/p>\n<p><img loading=\"lazy\" decoding=\"async\" class=\"alignnone size-full wp-image-34021\" src=\"https:\/\/ostrowskatv.pl\/wp-content\/uploads\/2025\/04\/1000161755.jpg\" alt=\"\" width=\"1920\" height=\"1081\" srcset=\"https:\/\/ostrowskatv.pl\/wp-content\/uploads\/2025\/04\/1000161755.jpg 1920w, https:\/\/ostrowskatv.pl\/wp-content\/uploads\/2025\/04\/1000161755-300x169.jpg 300w, https:\/\/ostrowskatv.pl\/wp-content\/uploads\/2025\/04\/1000161755-1333x751.jpg 1333w, https:\/\/ostrowskatv.pl\/wp-content\/uploads\/2025\/04\/1000161755-1536x865.jpg 1536w\" sizes=\"auto, (max-width: 1920px) 100vw, 1920px\" \/><\/p>\n<p><img loading=\"lazy\" decoding=\"async\" class=\"alignnone size-full wp-image-34022\" src=\"https:\/\/ostrowskatv.pl\/wp-content\/uploads\/2025\/04\/1000161756.jpg\" alt=\"\" width=\"1716\" height=\"1047\" srcset=\"https:\/\/ostrowskatv.pl\/wp-content\/uploads\/2025\/04\/1000161756.jpg 1716w, https:\/\/ostrowskatv.pl\/wp-content\/uploads\/2025\/04\/1000161756-300x183.jpg 300w, https:\/\/ostrowskatv.pl\/wp-content\/uploads\/2025\/04\/1000161756-1333x813.jpg 1333w, https:\/\/ostrowskatv.pl\/wp-content\/uploads\/2025\/04\/1000161756-1536x937.jpg 1536w\" sizes=\"auto, (max-width: 1716px) 100vw, 1716px\" \/><\/p>\n<p>Pomimo napi\u0119tej atmosfery, Trzaskowski przemawia\u0142 bez zak\u0142\u00f3ce\u0144. W swoim wyst\u0105pieniu odni\u00f3s\u0142 si\u0119 do aktualnych problem\u00f3w gospodarczych i geopolitycznych. \u2013 \u015awiat staje si\u0119 coraz bardziej nieprzewidywalny \u2013 m\u00f3wi\u0142. \u2013 Wida\u0107 to chocia\u017cby po napi\u0119ciach handlowych. Ciesz\u0119 si\u0119, \u017ce prezydent Trump na razie wstrzyma\u0142 si\u0119 z nak\u0142adaniem ce\u0142 na Europ\u0119. Jako Unia Europejska i jako Polska musimy mie\u0107 na to sensown\u0105 odpowied\u017a \u2013 podkre\u015bla\u0142.<\/p>\n<p>W dalszej cz\u0119\u015bci przem\u00f3wienia kandydat Koalicji Obywatelskiej zwr\u00f3ci\u0142 uwag\u0119 na lokalne przyk\u0142ady wsp\u00f3\u0142pracy mi\u0119dzynarodowej. \u2013 Tu w Wielkopolsce wida\u0107, jak w soczewce, co powinni\u015bmy robi\u0107. Firma Pratt &amp; Whitney w Kaliszu pokazuje, \u017ce inwestorzy z USA i Kanady s\u0105 zainteresowani naszym rynkiem. Tworzymy miejsca pracy, rozwijamy nowe technologie i budujemy bezpiecze\u0144stwo kraju poprzez rozw\u00f3j w\u0142asnego przemys\u0142u \u2013 m\u00f3wi\u0142 Trzaskowski.<\/p>\n<p>Wiec zako\u0144czy\u0142 si\u0119 bez incydent\u00f3w, cho\u0107 emocje \u2013 zar\u00f3wno po stronie sympatyk\u00f3w, jak i przeciwnik\u00f3w \u2013 by\u0142y wyra\u017anie odczuwalne.<\/p>\n<p>Pierwsza tura wybor\u00f3w prezydenckich odb\u0119dzie si\u0119 w niedziel\u0119 18 maja. Ewentualna druga tura zosta\u0142a zaplanowana na 1 czerwca.<\/p>\n","protected":false},"excerpt":{"rendered":"Na placu \u015bw. J\u00f3zefa w Kaliszu, miejscu dotychczas kojarzonym g\u0142\u00f3wnie z uroczysto\u015bciami organizowanymi przez sympatyk\u00f3w Prawa i Sprawiedliwo\u015bci, odby\u0142 si\u0119 otwarty wiec wyborczy \n<a class=\"moretag\" href=\"https:\/\/ostrowskatv.pl\/?p=34013\"> [...]<\/a>","protected":false},"author":1,"featured_media":34016,"comment_status":"open","ping_status":"closed","sticky":false,"template":"","format":"standard","meta":{"footnotes":""},"categories":[1],"tags":[323],"class_list":["post-34013","post","type-post","status-publish","format-standard","has-post-thumbnail","hentry","category-news","tag-wybory-2025"],"_links":{"self":[{"href":"https:\/\/ostrowskatv.pl\/index.php?rest_route=\/wp\/v2\/posts\/34013","targetHints":{"allow":["GET"]}}],"collection":[{"href":"https:\/\/ostrowskatv.pl\/index.php?rest_route=\/wp\/v2\/posts"}],"about":[{"href":"https:\/\/ostrowskatv.pl\/index.php?rest_route=\/wp\/v2\/types\/post"}],"author":[{"embeddable":true,"href":"https:\/\/ostrowskatv.pl\/index.php?rest_route=\/wp\/v2\/users\/1"}],"replies":[{"embeddable":true,"href":"https:\/\/ostrowskatv.pl\/index.php?rest_route=%2Fwp%2Fv2%2Fcomments&post=34013"}],"version-history":[{"count":2,"href":"https:\/\/ostrowskatv.pl\/index.php?rest_route=\/wp\/v2\/posts\/34013\/revisions"}],"predecessor-version":[{"id":34023,"href":"https:\/\/ostrowskatv.pl\/index.php?rest_route=\/wp\/v2\/posts\/34013\/revisions\/34023"}],"wp:featuredmedia":[{"embeddable":true,"href":"https:\/\/ostrowskatv.pl\/index.php?rest_route=\/wp\/v2\/media\/34016"}],"wp:attachment":[{"href":"https:\/\/ostrowskatv.pl\/index.php?rest_route=%2Fwp%2Fv2%2Fmedia&parent=34013"}],"wp:term":[{"taxonomy":"category","embeddable":true,"href":"https:\/\/ostrowskatv.pl\/index.php?rest_route=%2Fwp%2Fv2%2Fcategories&post=34013"},{"taxonomy":"post_tag","embeddable":true,"href":"https:\/\/ostrowskatv.pl\/index.php?rest_route=%2Fwp%2Fv2%2Ftags&post=34013"}],"curies":[{"name":"wp","href":"https:\/\/api.w.org\/{rel}","templated":true}]}}