{"id":34005,"date":"2025-04-08T11:23:36","date_gmt":"2025-04-08T10:23:36","guid":{"rendered":"https:\/\/ostrowskatv.pl\/?p=34005"},"modified":"2025-04-08T11:23:36","modified_gmt":"2025-04-08T10:23:36","slug":"kierowca-ciezarowki-wjechal-w-tyl-osobowki-w-ktorej-byly-4-osoby","status":"publish","type":"post","link":"https:\/\/ostrowskatv.pl\/?p=34005","title":{"rendered":"Kierowca ci\u0119\u017car\u00f3wki wjecha\u0142 w ty\u0142 osob\u00f3wki, w kt\u00f3rej by\u0142y 4 osoby"},"content":{"rendered":"<p><strong>Poranek w Ostrowie Wielkopolskim. Ludzie jad\u0105 do pracy, do lekarza, do bliskich. Z pozoru zwyk\u0142y dzie\u0144, kt\u00f3ry dla czterech os\u00f3b jad\u0105cych osobowym Renault zmieni\u0142 si\u0119 w walk\u0119 z b\u00f3lem, szokiem i bezradno\u015bci\u0105.<\/strong><\/p>\n<p><img loading=\"lazy\" decoding=\"async\" src=\"https:\/\/ostrowskatv.pl\/wp-content\/uploads\/2025\/04\/1000161215.jpg\" alt=\"\" width=\"1920\" height=\"1081\" class=\"alignnone size-full wp-image-34009\" srcset=\"https:\/\/ostrowskatv.pl\/wp-content\/uploads\/2025\/04\/1000161215.jpg 1920w, https:\/\/ostrowskatv.pl\/wp-content\/uploads\/2025\/04\/1000161215-300x169.jpg 300w, https:\/\/ostrowskatv.pl\/wp-content\/uploads\/2025\/04\/1000161215-1333x751.jpg 1333w, https:\/\/ostrowskatv.pl\/wp-content\/uploads\/2025\/04\/1000161215-1536x865.jpg 1536w\" sizes=\"auto, (max-width: 1920px) 100vw, 1920px\" \/><\/p>\n<p><img loading=\"lazy\" decoding=\"async\" src=\"https:\/\/ostrowskatv.pl\/wp-content\/uploads\/2025\/04\/1000161216.jpg\" alt=\"\" width=\"1920\" height=\"1081\" class=\"alignnone size-full wp-image-34008\" srcset=\"https:\/\/ostrowskatv.pl\/wp-content\/uploads\/2025\/04\/1000161216.jpg 1920w, https:\/\/ostrowskatv.pl\/wp-content\/uploads\/2025\/04\/1000161216-300x169.jpg 300w, https:\/\/ostrowskatv.pl\/wp-content\/uploads\/2025\/04\/1000161216-1333x751.jpg 1333w, https:\/\/ostrowskatv.pl\/wp-content\/uploads\/2025\/04\/1000161216-1536x865.jpg 1536w\" sizes=\"auto, (max-width: 1920px) 100vw, 1920px\" \/><\/p>\n<p><img loading=\"lazy\" decoding=\"async\" src=\"https:\/\/ostrowskatv.pl\/wp-content\/uploads\/2025\/04\/1000161219.jpg\" alt=\"\" width=\"1920\" height=\"1012\" class=\"alignnone size-full wp-image-34007\" srcset=\"https:\/\/ostrowskatv.pl\/wp-content\/uploads\/2025\/04\/1000161219.jpg 1920w, https:\/\/ostrowskatv.pl\/wp-content\/uploads\/2025\/04\/1000161219-300x158.jpg 300w, https:\/\/ostrowskatv.pl\/wp-content\/uploads\/2025\/04\/1000161219-1333x703.jpg 1333w, https:\/\/ostrowskatv.pl\/wp-content\/uploads\/2025\/04\/1000161219-1536x810.jpg 1536w\" sizes=\"auto, (max-width: 1920px) 100vw, 1920px\" \/><\/p>\n<p>O godzinie 9:40, na alei S\u0142owackiego tu\u017c przed skrzy\u017cowaniem z ulic\u0105 Konopnickiej, dosz\u0142o do zderzenia samochodu ci\u0119\u017carowego z osob\u00f3wk\u0105. Wystarczy\u0142a chwila. Na sygnalizatorze zapali\u0142o si\u0119 \u017c\u00f3\u0142te \u015bwiat\u0142o \u2013 kierowca osobowego auta, zgodnie z przepisami, zacz\u0105\u0142 hamowa\u0107. Nie spodziewa\u0142 si\u0119 jednak, \u017ce kierowca ci\u0119\u017car\u00f3wki, przewo\u017c\u0105cy a\u017c 26 ton za\u0142adunku, nie utrzyma bezpiecznego dystansu i uderzy w ty\u0142 osob\u00f3wki.<\/p>\n<p>W \u015brodku osob\u00f3wki znajdowa\u0142y si\u0119 cztery osoby \u2013 dw\u00f3ch m\u0119\u017cczyzn i dwie kobiety, z kt\u00f3rych jedna mia\u0142a 75 lat. To nie by\u0142a podr\u00f3\u017c w nieznane \u2013 to by\u0142a codzienna droga, kt\u00f3r\u0105 pokonuje si\u0119 bez wi\u0119kszych refleksji. Ale tym razem co\u015b posz\u0142o nie tak. Najstarsza pasa\u017cerka natychmiast zacz\u0119li uskar\u017ca\u0107 si\u0119 na b\u00f3l, a kierowca renault by\u0142 oszo\u0142omiony i mia\u0142 problem ze stabilnym ustaniem na nogach. W takich momentach, kiedy adrenalina buzuje w \u017cy\u0142ach, trudno oceni\u0107 stan zdrowia \u2013 cia\u0142o walczy, umys\u0142 nie nad\u0105\u017ca. Czas staje w miejscu.<\/p>\n<p>Na miejsce wezwano s\u0142u\u017cby ratunkowe. Policja, stra\u017c po\u017carna, karetka. Ale zanim pojawi\u0142y si\u0119 niebieskie \u015bwiat\u0142a i sygna\u0142y, \u015bwiadek zdarzenia musia\u0142 zmierzy\u0107 si\u0119 z kolejnym dramatem \u2013 brakiem zrozumienia po drugiej stronie linii alarmowej. Po\u0142\u0105czenie z numerem 112, kt\u00f3re powinno by\u0107 pierwsz\u0105 desk\u0105 ratunku, tym razem zawiod\u0142o. Dyspozytor kilkukrotnie zadawa\u0142 pytania, kt\u00f3re nie przystaj\u0105 do powagi sytuacji. \u201eCzy osoby jad\u0105ce \u017c\u0105daj\u0105 karetki?\u201d \u2013 brzmia\u0142o absurdalnie, gdy z drugiej strony pada\u0142y s\u0142owa o b\u00f3lu i szoku.<\/p>\n<p>W takich chwilach ka\u017cda sekunda si\u0119 liczy. Ka\u017cde niezrozumienie mo\u017ce mie\u0107 swoje konsekwencje. Na szcz\u0119\u015bcie, po prze\u0142\u0105czeniu rozmowy do dyspozytora pogotowia ratunkowego, decyzja by\u0142a natychmiastowa \u2013 pomoc musi ruszy\u0107 natychmiast.<\/p>\n<p>Po 3-4 minutach od rozpocz\u0119cia rozmowy s\u0142u\u017cby ratunkowe zosta\u0142y oficjalnie zaalarmowane.<\/p>\n<p>Do szpitala zabrano dwie osoby. Ich stan wymaga\u0142 dalszej diagnostyki. Pozostali zostali na miejscu.<\/p>\n<p>To kolejny wypadek drogowy, kt\u00f3ry pokazuje, jak wa\u017cne s\u0105 czujno\u015b\u0107, odpowiedzialno\u015b\u0107 i sprawno\u015b\u0107 dzia\u0142ania s\u0142u\u017cb. Bo w jednej sekundzie mo\u017ce zmieni\u0107 si\u0119 ca\u0142e \u017cycie \u2013 a czasem nawet system, kt\u00f3ry ma nas chroni\u0107, pozostawia wiele do \u017cyczenia.<\/p>\n<p>Czy naprawd\u0119 musimy czeka\u0107, a\u017c stanie si\u0119 co\u015b gorszego, by zmieni\u0107 spos\u00f3b, w jaki dzia\u0142a numer alarmowy 112? Czy ka\u017cda historia musi ko\u0144czy\u0107 si\u0119 cierpieniem, \u017ceby\u015bmy wreszcie us\u0142yszeli tych, kt\u00f3rzy wo\u0142aj\u0105 o pomoc?<\/p>\n<p>Dzi\u015b w Ostrowie Wielkopolskim cztery osoby mia\u0142y ogromne szcz\u0119\u015bcie. Ale czy jutro te\u017c si\u0119 uda?<\/p>\n","protected":false},"excerpt":{"rendered":"Poranek w Ostrowie Wielkopolskim. Ludzie jad\u0105 do pracy, do lekarza, do bliskich. Z pozoru zwyk\u0142y dzie\u0144, kt\u00f3ry dla czterech os\u00f3b jad\u0105cych osobowym Renault \n<a class=\"moretag\" href=\"https:\/\/ostrowskatv.pl\/?p=34005\"> [...]<\/a>","protected":false},"author":1,"featured_media":34006,"comment_status":"open","ping_status":"closed","sticky":false,"template":"","format":"standard","meta":{"footnotes":""},"categories":[1],"tags":[2],"class_list":["post-34005","post","type-post","status-publish","format-standard","has-post-thumbnail","hentry","category-news","tag-ostrow-wielkopolski"],"_links":{"self":[{"href":"https:\/\/ostrowskatv.pl\/index.php?rest_route=\/wp\/v2\/posts\/34005","targetHints":{"allow":["GET"]}}],"collection":[{"href":"https:\/\/ostrowskatv.pl\/index.php?rest_route=\/wp\/v2\/posts"}],"about":[{"href":"https:\/\/ostrowskatv.pl\/index.php?rest_route=\/wp\/v2\/types\/post"}],"author":[{"embeddable":true,"href":"https:\/\/ostrowskatv.pl\/index.php?rest_route=\/wp\/v2\/users\/1"}],"replies":[{"embeddable":true,"href":"https:\/\/ostrowskatv.pl\/index.php?rest_route=%2Fwp%2Fv2%2Fcomments&post=34005"}],"version-history":[{"count":1,"href":"https:\/\/ostrowskatv.pl\/index.php?rest_route=\/wp\/v2\/posts\/34005\/revisions"}],"predecessor-version":[{"id":34010,"href":"https:\/\/ostrowskatv.pl\/index.php?rest_route=\/wp\/v2\/posts\/34005\/revisions\/34010"}],"wp:featuredmedia":[{"embeddable":true,"href":"https:\/\/ostrowskatv.pl\/index.php?rest_route=\/wp\/v2\/media\/34006"}],"wp:attachment":[{"href":"https:\/\/ostrowskatv.pl\/index.php?rest_route=%2Fwp%2Fv2%2Fmedia&parent=34005"}],"wp:term":[{"taxonomy":"category","embeddable":true,"href":"https:\/\/ostrowskatv.pl\/index.php?rest_route=%2Fwp%2Fv2%2Fcategories&post=34005"},{"taxonomy":"post_tag","embeddable":true,"href":"https:\/\/ostrowskatv.pl\/index.php?rest_route=%2Fwp%2Fv2%2Ftags&post=34005"}],"curies":[{"name":"wp","href":"https:\/\/api.w.org\/{rel}","templated":true}]}}