{"id":33997,"date":"2025-04-08T10:06:53","date_gmt":"2025-04-08T09:06:53","guid":{"rendered":"https:\/\/ostrowskatv.pl\/?p=33997"},"modified":"2025-04-08T10:06:53","modified_gmt":"2025-04-08T09:06:53","slug":"wjechal-na-zielonej-strzalce-zderzenie-na-kolejowej","status":"publish","type":"post","link":"https:\/\/ostrowskatv.pl\/?p=33997","title":{"rendered":"Wjecha\u0142 na zielonej strza\u0142ce? Zderzenie na Kolejowej"},"content":{"rendered":"<p><strong>Przed godzin\u0105 9:00 rano w Ostrowie Wielkopolskim dosz\u0142o do kolizji drogowej na skrzy\u017cowaniu ulic Kolejowej oraz Sienkiewicza z Wojska Polskiego. W zdarzeniu bra\u0142y udzia\u0142 dwa pojazdy marki Peugeot \u2013 bus oraz samoch\u00f3d osobowy.<\/strong><\/p>\n<p>Wed\u0142ug wst\u0119pnych ustale\u0144, do zderzenia dosz\u0142o, gdy kierowca osobowego peugeota wjecha\u0142 na skrzy\u017cowanie przy czerwonym \u015bwietle, kieruj\u0105c si\u0119 zielon\u0105 strza\u0142k\u0105 umo\u017cliwiaj\u0105c\u0105 warunkowy skr\u0119t w prawo. Niestety, nie ust\u0105pi\u0142 pierwsze\u0144stwa przejazdu, przez co uderzy\u0142 w bok poruszaj\u0105cego si\u0119 prawid\u0142owo busa.<\/p>\n<p>Na szcz\u0119\u015bcie, w wyniku zdarzenia nikt nie odni\u00f3s\u0142 obra\u017ce\u0144. Na miejsce wezwano patrol policji, kt\u00f3ry zaj\u0105\u0142 si\u0119 wyja\u015bnianiem okoliczno\u015bci kolizji, oraz stra\u017c po\u017carn\u0105, kt\u00f3rej zadaniem by\u0142o uprz\u0105tni\u0119cie jezdni z pozosta\u0142o\u015bci po zderzeniu.<\/p>\n<p><img loading=\"lazy\" decoding=\"async\" class=\"alignnone size-full wp-image-33998\" src=\"https:\/\/ostrowskatv.pl\/wp-content\/uploads\/2025\/04\/1000161199.jpg\" alt=\"\" width=\"1920\" height=\"914\" srcset=\"https:\/\/ostrowskatv.pl\/wp-content\/uploads\/2025\/04\/1000161199.jpg 1920w, https:\/\/ostrowskatv.pl\/wp-content\/uploads\/2025\/04\/1000161199-300x143.jpg 300w, https:\/\/ostrowskatv.pl\/wp-content\/uploads\/2025\/04\/1000161199-1333x635.jpg 1333w, https:\/\/ostrowskatv.pl\/wp-content\/uploads\/2025\/04\/1000161199-1536x731.jpg 1536w\" sizes=\"auto, (max-width: 1920px) 100vw, 1920px\" \/> <img loading=\"lazy\" decoding=\"async\" class=\"alignnone size-full wp-image-33999\" src=\"https:\/\/ostrowskatv.pl\/wp-content\/uploads\/2025\/04\/1000161200.jpg\" alt=\"\" width=\"1920\" height=\"847\" srcset=\"https:\/\/ostrowskatv.pl\/wp-content\/uploads\/2025\/04\/1000161200.jpg 1920w, https:\/\/ostrowskatv.pl\/wp-content\/uploads\/2025\/04\/1000161200-300x132.jpg 300w, https:\/\/ostrowskatv.pl\/wp-content\/uploads\/2025\/04\/1000161200-1333x588.jpg 1333w, https:\/\/ostrowskatv.pl\/wp-content\/uploads\/2025\/04\/1000161200-1536x678.jpg 1536w\" sizes=\"auto, (max-width: 1920px) 100vw, 1920px\" \/> <img loading=\"lazy\" decoding=\"async\" class=\"alignnone size-full wp-image-34000\" src=\"https:\/\/ostrowskatv.pl\/wp-content\/uploads\/2025\/04\/1000161201.jpg\" alt=\"\" width=\"1920\" height=\"940\" srcset=\"https:\/\/ostrowskatv.pl\/wp-content\/uploads\/2025\/04\/1000161201.jpg 1920w, https:\/\/ostrowskatv.pl\/wp-content\/uploads\/2025\/04\/1000161201-300x147.jpg 300w, https:\/\/ostrowskatv.pl\/wp-content\/uploads\/2025\/04\/1000161201-1333x653.jpg 1333w, https:\/\/ostrowskatv.pl\/wp-content\/uploads\/2025\/04\/1000161201-1536x752.jpg 1536w\" sizes=\"auto, (max-width: 1920px) 100vw, 1920px\" \/> <img loading=\"lazy\" decoding=\"async\" class=\"alignnone size-full wp-image-34001\" src=\"https:\/\/ostrowskatv.pl\/wp-content\/uploads\/2025\/04\/1000161205.jpg\" alt=\"\" width=\"1920\" height=\"1081\" srcset=\"https:\/\/ostrowskatv.pl\/wp-content\/uploads\/2025\/04\/1000161205.jpg 1920w, https:\/\/ostrowskatv.pl\/wp-content\/uploads\/2025\/04\/1000161205-300x169.jpg 300w, https:\/\/ostrowskatv.pl\/wp-content\/uploads\/2025\/04\/1000161205-1333x751.jpg 1333w, https:\/\/ostrowskatv.pl\/wp-content\/uploads\/2025\/04\/1000161205-1536x865.jpg 1536w\" sizes=\"auto, (max-width: 1920px) 100vw, 1920px\" \/> <img loading=\"lazy\" decoding=\"async\" class=\"alignnone size-full wp-image-34002\" src=\"https:\/\/ostrowskatv.pl\/wp-content\/uploads\/2025\/04\/1000161206.jpg\" alt=\"\" width=\"1920\" height=\"1046\" srcset=\"https:\/\/ostrowskatv.pl\/wp-content\/uploads\/2025\/04\/1000161206.jpg 1920w, https:\/\/ostrowskatv.pl\/wp-content\/uploads\/2025\/04\/1000161206-300x163.jpg 300w, https:\/\/ostrowskatv.pl\/wp-content\/uploads\/2025\/04\/1000161206-1333x726.jpg 1333w, https:\/\/ostrowskatv.pl\/wp-content\/uploads\/2025\/04\/1000161206-1536x837.jpg 1536w\" sizes=\"auto, (max-width: 1920px) 100vw, 1920px\" \/><\/p>\n","protected":false},"excerpt":{"rendered":"Przed godzin\u0105 9:00 rano w Ostrowie Wielkopolskim dosz\u0142o do kolizji drogowej na skrzy\u017cowaniu ulic Kolejowej oraz Sienkiewicza z Wojska Polskiego. W zdarzeniu bra\u0142y \n<a class=\"moretag\" href=\"https:\/\/ostrowskatv.pl\/?p=33997\"> [...]<\/a>","protected":false},"author":1,"featured_media":34000,"comment_status":"open","ping_status":"closed","sticky":false,"template":"","format":"standard","meta":{"footnotes":""},"categories":[1],"tags":[],"class_list":["post-33997","post","type-post","status-publish","format-standard","has-post-thumbnail","hentry","category-news"],"_links":{"self":[{"href":"https:\/\/ostrowskatv.pl\/index.php?rest_route=\/wp\/v2\/posts\/33997","targetHints":{"allow":["GET"]}}],"collection":[{"href":"https:\/\/ostrowskatv.pl\/index.php?rest_route=\/wp\/v2\/posts"}],"about":[{"href":"https:\/\/ostrowskatv.pl\/index.php?rest_route=\/wp\/v2\/types\/post"}],"author":[{"embeddable":true,"href":"https:\/\/ostrowskatv.pl\/index.php?rest_route=\/wp\/v2\/users\/1"}],"replies":[{"embeddable":true,"href":"https:\/\/ostrowskatv.pl\/index.php?rest_route=%2Fwp%2Fv2%2Fcomments&post=33997"}],"version-history":[{"count":2,"href":"https:\/\/ostrowskatv.pl\/index.php?rest_route=\/wp\/v2\/posts\/33997\/revisions"}],"predecessor-version":[{"id":34004,"href":"https:\/\/ostrowskatv.pl\/index.php?rest_route=\/wp\/v2\/posts\/33997\/revisions\/34004"}],"wp:featuredmedia":[{"embeddable":true,"href":"https:\/\/ostrowskatv.pl\/index.php?rest_route=\/wp\/v2\/media\/34000"}],"wp:attachment":[{"href":"https:\/\/ostrowskatv.pl\/index.php?rest_route=%2Fwp%2Fv2%2Fmedia&parent=33997"}],"wp:term":[{"taxonomy":"category","embeddable":true,"href":"https:\/\/ostrowskatv.pl\/index.php?rest_route=%2Fwp%2Fv2%2Fcategories&post=33997"},{"taxonomy":"post_tag","embeddable":true,"href":"https:\/\/ostrowskatv.pl\/index.php?rest_route=%2Fwp%2Fv2%2Ftags&post=33997"}],"curies":[{"name":"wp","href":"https:\/\/api.w.org\/{rel}","templated":true}]}}