{"id":33939,"date":"2025-03-29T10:08:05","date_gmt":"2025-03-29T09:08:05","guid":{"rendered":"https:\/\/ostrowskatv.pl\/?p=33939"},"modified":"2025-03-29T10:08:05","modified_gmt":"2025-03-29T09:08:05","slug":"funkcjonariusz-zaczal-strzelac-do-rodziny-sa-ofiary","status":"publish","type":"post","link":"https:\/\/ostrowskatv.pl\/?p=33939","title":{"rendered":"Funkcjonariusz zacz\u0105\u0142 strzela\u0107 do rodziny. S\u0105 ofiary"},"content":{"rendered":"<p><strong>Niespe\u0142na 50 kilometr\u00f3w od granicy powiatu ostrowskiego, w Prusicach, w powiecie trzebnickim, rozegra\u0142 si\u0119 dramat, kt\u00f3ry wstrz\u0105sn\u0105\u0142 ca\u0142\u0105 Polsk\u0105. To, co wydarzy\u0142o si\u0119 w jednym z mieszka\u0144 tej niewielkiej miejscowo\u015bci, trudno opisa\u0107 s\u0142owami. \u017bycie straci\u0142a 71-letnia kobieta, oraz 5-letnia c\u00f3rka sprawcy, a jej 9-letni brat walczy o \u017cycie w szpitalu. Sprawc\u0105 tej tragedii jest ich najbli\u017cszy \u2013 ojciec dzieci i zi\u0119\u0107 ofiary.<\/strong><\/p>\n<p><img loading=\"lazy\" decoding=\"async\" src=\"https:\/\/ostrowskatv.pl\/wp-content\/uploads\/2025\/03\/1000158769.jpg\" alt=\"\" width=\"1920\" height=\"1081\" class=\"alignnone size-full wp-image-33940\" srcset=\"https:\/\/ostrowskatv.pl\/wp-content\/uploads\/2025\/03\/1000158769.jpg 1920w, https:\/\/ostrowskatv.pl\/wp-content\/uploads\/2025\/03\/1000158769-300x169.jpg 300w, https:\/\/ostrowskatv.pl\/wp-content\/uploads\/2025\/03\/1000158769-1333x751.jpg 1333w, https:\/\/ostrowskatv.pl\/wp-content\/uploads\/2025\/03\/1000158769-1536x865.jpg 1536w\" sizes=\"auto, (max-width: 1920px) 100vw, 1920px\" \/><\/p>\n<p><img loading=\"lazy\" decoding=\"async\" src=\"https:\/\/ostrowskatv.pl\/wp-content\/uploads\/2025\/03\/1000158772.jpg\" alt=\"\" width=\"1920\" height=\"1081\" class=\"alignnone size-full wp-image-33941\" srcset=\"https:\/\/ostrowskatv.pl\/wp-content\/uploads\/2025\/03\/1000158772.jpg 1920w, https:\/\/ostrowskatv.pl\/wp-content\/uploads\/2025\/03\/1000158772-300x169.jpg 300w, https:\/\/ostrowskatv.pl\/wp-content\/uploads\/2025\/03\/1000158772-1333x751.jpg 1333w, https:\/\/ostrowskatv.pl\/wp-content\/uploads\/2025\/03\/1000158772-1536x865.jpg 1536w\" sizes=\"auto, (max-width: 1920px) 100vw, 1920px\" \/><\/p>\n<p><img loading=\"lazy\" decoding=\"async\" src=\"https:\/\/ostrowskatv.pl\/wp-content\/uploads\/2025\/03\/1000158775.jpg\" alt=\"\" width=\"1920\" height=\"1081\" class=\"alignnone size-full wp-image-33942\" srcset=\"https:\/\/ostrowskatv.pl\/wp-content\/uploads\/2025\/03\/1000158775.jpg 1920w, https:\/\/ostrowskatv.pl\/wp-content\/uploads\/2025\/03\/1000158775-300x169.jpg 300w, https:\/\/ostrowskatv.pl\/wp-content\/uploads\/2025\/03\/1000158775-1333x751.jpg 1333w, https:\/\/ostrowskatv.pl\/wp-content\/uploads\/2025\/03\/1000158775-1536x865.jpg 1536w\" sizes=\"auto, (max-width: 1920px) 100vw, 1920px\" \/><\/p>\n<p><img loading=\"lazy\" decoding=\"async\" src=\"https:\/\/ostrowskatv.pl\/wp-content\/uploads\/2025\/03\/1000158777.jpg\" alt=\"\" width=\"1920\" height=\"1081\" class=\"alignnone size-full wp-image-33943\" srcset=\"https:\/\/ostrowskatv.pl\/wp-content\/uploads\/2025\/03\/1000158777.jpg 1920w, https:\/\/ostrowskatv.pl\/wp-content\/uploads\/2025\/03\/1000158777-300x169.jpg 300w, https:\/\/ostrowskatv.pl\/wp-content\/uploads\/2025\/03\/1000158777-1333x751.jpg 1333w, https:\/\/ostrowskatv.pl\/wp-content\/uploads\/2025\/03\/1000158777-1536x865.jpg 1536w\" sizes=\"auto, (max-width: 1920px) 100vw, 1920px\" \/><\/p>\n<p><img loading=\"lazy\" decoding=\"async\" src=\"https:\/\/ostrowskatv.pl\/wp-content\/uploads\/2025\/03\/1000158779.jpg\" alt=\"\" width=\"1920\" height=\"1081\" class=\"alignnone size-full wp-image-33944\" srcset=\"https:\/\/ostrowskatv.pl\/wp-content\/uploads\/2025\/03\/1000158779.jpg 1920w, https:\/\/ostrowskatv.pl\/wp-content\/uploads\/2025\/03\/1000158779-300x169.jpg 300w, https:\/\/ostrowskatv.pl\/wp-content\/uploads\/2025\/03\/1000158779-1333x751.jpg 1333w, https:\/\/ostrowskatv.pl\/wp-content\/uploads\/2025\/03\/1000158779-1536x865.jpg 1536w\" sizes=\"auto, (max-width: 1920px) 100vw, 1920px\" \/><\/p>\n<p>Prokuratura Okr\u0119gowa we Wroc\u0142awiu przekaza\u0142a, \u017ce 51-letni m\u0119\u017cczyzna, funkcjonariusz s\u0142u\u017cby wi\u0119ziennej, odda\u0142 strza\u0142y w kierunku swojej te\u015bciowej oraz dw\u00f3jki dzieci. 71-letnia kobieta i 5-letnia dziewczynka nie mia\u0142y szans \u2013 zgin\u0119\u0142y na miejscu. 9-letni ch\u0142opiec, w stanie krytycznym, zosta\u0142 przetransportowany do wroc\u0142awskiego szpitala. Sprawca po dokonaniu tej niewyobra\u017calnej zbrodni pr\u00f3bowa\u0142 odebra\u0107 sobie \u017cycie. Obecnie przebywa w szpitalu, gdzie przeszed\u0142 operacj\u0119. Jego stan jest ci\u0119\u017cki, co uniemo\u017cliwia przeprowadzenie czynno\u015bci procesowych.<\/p>\n<p><strong>Rodzinny dramat, kt\u00f3rego nic nie zapowiada\u0142o?<\/strong><\/p>\n<p>Dlaczego dosz\u0142o do tej tragedii? Co sk\u0142oni\u0142o funkcjonariusza s\u0142u\u017cby wi\u0119ziennej do tak brutalnego czynu? Czy istnia\u0142y sygna\u0142y ostrzegawcze, kt\u00f3rych nikt nie zauwa\u017cy\u0142? Na te pytania odpowiedzi b\u0119dzie szuka\u0107 prokuratura. Wiadomo, \u017ce wszystko wydarzy\u0142o si\u0119 w trakcie domowej awantury. 51-latek si\u0119gn\u0105\u0142 po bro\u0144 i skierowa\u0142 j\u0105 przeciwko w\u0142asnej rodzinie.<\/p>\n<p>Osoby, kt\u00f3re zna\u0142y rodzin\u0119, s\u0105 w szoku. Nikt nie spodziewa\u0142 si\u0119, \u017ce za drzwiami ich nowego domu kry\u0142 si\u0119 dramat, kt\u00f3ry doprowadzi\u0142 do tak niewyobra\u017calnej tragedii. Matka dzieci, kt\u00f3ra nie bra\u0142a udzia\u0142u w zdarzeniu, otrzyma\u0142a pomoc psychologiczn\u0105. To ona, je\u015bli pozwoli na to jej stan, b\u0119dzie kluczowym \u015bwiadkiem w sprawie.<\/p>\n<p><strong>Walka o \u017cycie i niewyobra\u017calny b\u00f3l<\/strong><\/p>\n<p>9-letni ch\u0142opiec walczy o \u017cycie w szpitalu we Wroc\u0142awiu. Jego stan jest krytyczny, a lekarze robi\u0105 wszystko, by uratowa\u0107 jego \u017cycie. Przed nim d\u0142uga i trudna walka \u2013 nie tylko fizyczna, ale i psychiczna, bo nawet je\u015bli prze\u017cyje, trauma, jak\u0105 przeszed\u0142, b\u0119dzie go prze\u015bladowa\u0107 przez ca\u0142e \u017cycie.<\/p>\n<p>Mieszka\u0144cy Prusic s\u0105 wstrz\u0105\u015bni\u0119ci. To, co si\u0119 sta\u0142o, wydaje si\u0119 nierealne. W jednym momencie rodzina zosta\u0142a rozbita, dzieci straci\u0142y bezpiecze\u0144stwo, a spo\u0142eczno\u015b\u0107 zmaga si\u0119 z niewyobra\u017calnym smutkiem.<\/p>\n<p><strong>Nie jeste\u015b sam \u2013 szukaj pomocy<\/strong><\/p>\n<p>To tragiczne zdarzenie przypomina nam, jak wa\u017cne jest zwracanie uwagi na sygna\u0142y kryzysu psychicznego. Je\u015bli masz my\u015bli samob\u00f3jcze lub znajdujesz si\u0119 w sytuacji bez wyj\u015bcia, pami\u0119taj, \u017ce s\u0105 ludzie, kt\u00f3rzy chc\u0105 Ci pom\u00f3c. Mo\u017cesz skontaktowa\u0107 si\u0119 z telefonem zaufania:<\/p>\n<ul>\n<li>116 123 \u2013 kryzysowy telefon zaufania dla doros\u0142ych<\/li>\n<li>116 111 \u2013 telefon zaufania dla dzieci i m\u0142odzie\u017cy<\/li>\n<li>800 12 12 12 \u2013 Dzieci\u0119cy Telefon Zaufania Rzecznika Praw Dziecka<\/li>\n<li>800 70 2222 \u2013 Centrum Wsparcia dla Os\u00f3b Doros\u0142ych w Kryzysie Psychicznym<\/li>\n<\/ul>\n<p>\u017baden dramat nie jest wart odebrania \u017cycia \u2013 ani sobie, ani innym. Nie b\u00f3jmy si\u0119 m\u00f3wi\u0107 o problemach i szuka\u0107 pomocy. Mo\u017ce to uratowa\u0107 czyje\u015b \u017cycie.<\/p>\n","protected":false},"excerpt":{"rendered":"Niespe\u0142na 50 kilometr\u00f3w od granicy powiatu ostrowskiego, w Prusicach, w powiecie trzebnickim, rozegra\u0142 si\u0119 dramat, kt\u00f3ry wstrz\u0105sn\u0105\u0142 ca\u0142\u0105 Polsk\u0105. To, co wydarzy\u0142o si\u0119 \n<a class=\"moretag\" href=\"https:\/\/ostrowskatv.pl\/?p=33939\"> [...]<\/a>","protected":false},"author":1,"featured_media":33944,"comment_status":"open","ping_status":"closed","sticky":false,"template":"","format":"standard","meta":{"footnotes":""},"categories":[1],"tags":[],"class_list":["post-33939","post","type-post","status-publish","format-standard","has-post-thumbnail","hentry","category-news"],"_links":{"self":[{"href":"https:\/\/ostrowskatv.pl\/index.php?rest_route=\/wp\/v2\/posts\/33939","targetHints":{"allow":["GET"]}}],"collection":[{"href":"https:\/\/ostrowskatv.pl\/index.php?rest_route=\/wp\/v2\/posts"}],"about":[{"href":"https:\/\/ostrowskatv.pl\/index.php?rest_route=\/wp\/v2\/types\/post"}],"author":[{"embeddable":true,"href":"https:\/\/ostrowskatv.pl\/index.php?rest_route=\/wp\/v2\/users\/1"}],"replies":[{"embeddable":true,"href":"https:\/\/ostrowskatv.pl\/index.php?rest_route=%2Fwp%2Fv2%2Fcomments&post=33939"}],"version-history":[{"count":1,"href":"https:\/\/ostrowskatv.pl\/index.php?rest_route=\/wp\/v2\/posts\/33939\/revisions"}],"predecessor-version":[{"id":33945,"href":"https:\/\/ostrowskatv.pl\/index.php?rest_route=\/wp\/v2\/posts\/33939\/revisions\/33945"}],"wp:featuredmedia":[{"embeddable":true,"href":"https:\/\/ostrowskatv.pl\/index.php?rest_route=\/wp\/v2\/media\/33944"}],"wp:attachment":[{"href":"https:\/\/ostrowskatv.pl\/index.php?rest_route=%2Fwp%2Fv2%2Fmedia&parent=33939"}],"wp:term":[{"taxonomy":"category","embeddable":true,"href":"https:\/\/ostrowskatv.pl\/index.php?rest_route=%2Fwp%2Fv2%2Fcategories&post=33939"},{"taxonomy":"post_tag","embeddable":true,"href":"https:\/\/ostrowskatv.pl\/index.php?rest_route=%2Fwp%2Fv2%2Ftags&post=33939"}],"curies":[{"name":"wp","href":"https:\/\/api.w.org\/{rel}","templated":true}]}}