{"id":33924,"date":"2025-03-28T17:03:14","date_gmt":"2025-03-28T16:03:14","guid":{"rendered":"https:\/\/ostrowskatv.pl\/?p=33924"},"modified":"2025-03-28T17:03:14","modified_gmt":"2025-03-28T16:03:14","slug":"rowerzystka-wjechala-na-przejscie-trafila-w-elektryczne-bmw","status":"publish","type":"post","link":"https:\/\/ostrowskatv.pl\/?p=33924","title":{"rendered":"Rowerzystka wjecha\u0142a na przej\u015bcie. Trafi\u0142a w elektryczne BMW"},"content":{"rendered":"<p><strong>u\u017c przed godzin\u0105 8 rano na ulicy Grabowskiej przy skrzy\u017cowaniu z ulic\u0105 Piaskow\u0105 w Ostrowie Wielkopolskim dosz\u0142o do niebezpiecznego zdarzenia z udzia\u0142em 15-letniej rowerzystki. M\u0142oda dziewczyna prawdopodobnie spieszy\u0142a si\u0119 i podj\u0119\u0142a ryzykown\u0105 decyzj\u0119, by nie schodzi\u0107 z roweru na przej\u015bciu dla pieszych. Zamiast przeprowadzi\u0107 jedno\u015blad przez pasy, postanowi\u0142a przejecha\u0107 je na rowerze, co niestety doprowadzi\u0142o do kolizji z samochodem osobowym.<\/strong><\/p>\n<p>Na miejscu zdarzenia szybko sta\u0142o si\u0119 jasne, \u017ce nieprzestrzeganie przepis\u00f3w ruchu drogowego mo\u017ce mie\u0107 powa\u017cne konsekwencje. Mimo wszystko dziewczyna mia\u0142a du\u017co szcz\u0119\u015bcia \u2013 si\u0142a uderzenia by\u0142a stosunkowo niewielka, co pozwoli\u0142o jej unikn\u0105\u0107 obra\u017ce\u0144 wymagaj\u0105cych hospitalizacji.<\/p>\n<p>Na miejscu interweniowali policjanci, kt\u00f3rzy \u2013 z uwagi na wiek rowerzystki \u2013 pouczyli j\u0105 w obecno\u015bci rodzic\u00f3w o obowi\u0105zuj\u0105cych przepisach i zasadach bezpiecze\u0144stwa. Funkcjonariusze przypomnieli, \u017ce rowerzy\u015bci zobowi\u0105zani s\u0105 do przeprowadzania roweru przez przej\u015bcie dla pieszych, je\u015bli nie ma specjalnie wyznaczonej \u015bcie\u017cki rowerowej.<\/p>\n<p>To zdarzenie jest przestrog\u0105 dla wszystkich uczestnik\u00f3w ruchu drogowego \u2013 po\u015bpiech i lekcewa\u017cenie przepis\u00f3w mog\u0105 prowadzi\u0107 do gro\u017anych sytuacji. Na szcz\u0119\u015bcie tym razem zako\u0144czy\u0142o si\u0119 tylko na pouczeniu, jednak nie zawsze konsekwencje mog\u0105 by\u0107 tak \u0142agodne.<\/p>\n","protected":false},"excerpt":{"rendered":"u\u017c przed godzin\u0105 8 rano na ulicy Grabowskiej przy skrzy\u017cowaniu z ulic\u0105 Piaskow\u0105 w Ostrowie Wielkopolskim dosz\u0142o do niebezpiecznego zdarzenia z udzia\u0142em 15-letniej \n<a class=\"moretag\" href=\"https:\/\/ostrowskatv.pl\/?p=33924\"> [...]<\/a>","protected":false},"author":1,"featured_media":33925,"comment_status":"open","ping_status":"closed","sticky":false,"template":"","format":"standard","meta":{"footnotes":""},"categories":[1],"tags":[2],"class_list":["post-33924","post","type-post","status-publish","format-standard","has-post-thumbnail","hentry","category-news","tag-ostrow-wielkopolski"],"_links":{"self":[{"href":"https:\/\/ostrowskatv.pl\/index.php?rest_route=\/wp\/v2\/posts\/33924","targetHints":{"allow":["GET"]}}],"collection":[{"href":"https:\/\/ostrowskatv.pl\/index.php?rest_route=\/wp\/v2\/posts"}],"about":[{"href":"https:\/\/ostrowskatv.pl\/index.php?rest_route=\/wp\/v2\/types\/post"}],"author":[{"embeddable":true,"href":"https:\/\/ostrowskatv.pl\/index.php?rest_route=\/wp\/v2\/users\/1"}],"replies":[{"embeddable":true,"href":"https:\/\/ostrowskatv.pl\/index.php?rest_route=%2Fwp%2Fv2%2Fcomments&post=33924"}],"version-history":[{"count":1,"href":"https:\/\/ostrowskatv.pl\/index.php?rest_route=\/wp\/v2\/posts\/33924\/revisions"}],"predecessor-version":[{"id":33926,"href":"https:\/\/ostrowskatv.pl\/index.php?rest_route=\/wp\/v2\/posts\/33924\/revisions\/33926"}],"wp:featuredmedia":[{"embeddable":true,"href":"https:\/\/ostrowskatv.pl\/index.php?rest_route=\/wp\/v2\/media\/33925"}],"wp:attachment":[{"href":"https:\/\/ostrowskatv.pl\/index.php?rest_route=%2Fwp%2Fv2%2Fmedia&parent=33924"}],"wp:term":[{"taxonomy":"category","embeddable":true,"href":"https:\/\/ostrowskatv.pl\/index.php?rest_route=%2Fwp%2Fv2%2Fcategories&post=33924"},{"taxonomy":"post_tag","embeddable":true,"href":"https:\/\/ostrowskatv.pl\/index.php?rest_route=%2Fwp%2Fv2%2Ftags&post=33924"}],"curies":[{"name":"wp","href":"https:\/\/api.w.org\/{rel}","templated":true}]}}