{"id":33912,"date":"2025-03-28T16:30:44","date_gmt":"2025-03-28T15:30:44","guid":{"rendered":"https:\/\/ostrowskatv.pl\/?p=33912"},"modified":"2025-03-28T16:32:34","modified_gmt":"2025-03-28T15:32:34","slug":"nawrocki-zostal-strzaskany-zdjecia","status":"publish","type":"post","link":"https:\/\/ostrowskatv.pl\/?p=33912","title":{"rendered":"Nawrocki zosta\u0142 sTrzaskany (ZDJ\u0118CIA)"},"content":{"rendered":"<p><strong>Z pozoru mog\u0142o si\u0119 wydawa\u0107, \u017ce polska scena polityczna doczeka\u0142a si\u0119 bezpo\u015bredniego starcia lider\u00f3w w wy\u015bcigu o fotel prezydencki. Jednak rzeczywisto\u015b\u0107 okaza\u0142a si\u0119 znacznie bardziej przyziemna, cho\u0107 i tak pe\u0142na dramatyzmu. W Ostrowie Wielkopolskim na skrzy\u017cowaniu ulic Gorzyckiej i Traugutta dosz\u0142o do zdarzenia, kt\u00f3re \u2013 cho\u0107 drogowe \u2013 zyska\u0142o niespodziewany wymiar wyborczy.<\/strong><\/p>\n<p>Wszystko zacz\u0119\u0142o si\u0119 od klasycznej sytuacji: kieruj\u0105cy Mazd\u0105 3, jad\u0105cy ulic\u0105 Traugutta, nie ust\u0105pi\u0142 pierwsze\u0144stwa czerwonemu autu marki Kia, doprowadzaj\u0105c do kolizji. W obu samochodach znajdowa\u0142y si\u0119 osoby w wieku senioralnym, co mo\u017ce sugerowa\u0107, \u017ce obaj kierowcy mieli ju\u017c za sob\u0105 niejeden \u017cyciowy zakr\u0119t \u2013 ten jednak okaza\u0142 si\u0119 wyj\u0105tkowo pechowy.<\/p>\n<p>W wyniku zderzenia czerwona Kia straci\u0142a kontrol\u0119 nad kierunkiem jazdy, przebi\u0142a baner wyborczy Karola Nawrockiego i ogrodzenie z metalowej siatki, by ostatecznie zako\u0144czy\u0107 sw\u00f3j rajd na pobliskiej posesji. Nie wiemy, czy kandydat na prezydenta przewidzia\u0142 w swoim programie popraw\u0119 bezpiecze\u0144stwa na polskich drogach, ale wygl\u0105da na to, \u017ce jego baner pad\u0142 ofiar\u0105 chaosu komunikacyjnego szybciej, ni\u017c sam by si\u0119 tego spodziewa\u0142.<\/p>\n<p>Na miejsce natychmiast wys\u0142ano stra\u017c po\u017carn\u0105, karetk\u0119 pogotowia oraz policj\u0119. Cho\u0107 zdarzenie wygl\u0105da\u0142o gro\u017anie, po przebadaniu uczestnik\u00f3w wypadku okaza\u0142o si\u0119, \u017ce nikt nie odni\u00f3s\u0142 powa\u017cnych obra\u017ce\u0144, a wszyscy pozostali na miejscu. Baner Nawrockiego nie mia\u0142 jednak tyle szcz\u0119\u015bcia \u2013 zosta\u0142 dos\u0142ownie \u201esTrzaskany\u201d.<\/p>\n<p>Nie wiemy, czy to losowy przypadek, czy mo\u017ce znak, \u017ce kampania wyborcza mo\u017ce by\u0107 jeszcze bardziej zaci\u0119ta, ni\u017c przewidywano. Jedno jest pewne \u2013 ulica Gorzycka i Traugutta nie zapomni tego dnia zbyt szybko. Kto wie, mo\u017ce na tym skrzy\u017cowaniu przysz\u0142o\u015b\u0107 polskiej prezydentury rozstrzygnie si\u0119 ponownie? Tym razem jednak, miejmy nadziej\u0119, w bardziej przewidywalnych okoliczno\u015bciach.<\/p>\n<p><img loading=\"lazy\" decoding=\"async\" src=\"https:\/\/ostrowskatv.pl\/wp-content\/uploads\/2025\/03\/1000158642.jpg\" alt=\"\" width=\"1920\" height=\"1174\" class=\"alignnone size-full wp-image-33913\" srcset=\"https:\/\/ostrowskatv.pl\/wp-content\/uploads\/2025\/03\/1000158642.jpg 1920w, https:\/\/ostrowskatv.pl\/wp-content\/uploads\/2025\/03\/1000158642-300x183.jpg 300w, https:\/\/ostrowskatv.pl\/wp-content\/uploads\/2025\/03\/1000158642-1333x815.jpg 1333w, https:\/\/ostrowskatv.pl\/wp-content\/uploads\/2025\/03\/1000158642-1536x939.jpg 1536w\" sizes=\"auto, (max-width: 1920px) 100vw, 1920px\" \/><\/p>\n<p><img loading=\"lazy\" decoding=\"async\" src=\"https:\/\/ostrowskatv.pl\/wp-content\/uploads\/2025\/03\/1000158643.jpg\" alt=\"\" width=\"1920\" height=\"854\" class=\"alignnone size-full wp-image-33914\" srcset=\"https:\/\/ostrowskatv.pl\/wp-content\/uploads\/2025\/03\/1000158643.jpg 1920w, https:\/\/ostrowskatv.pl\/wp-content\/uploads\/2025\/03\/1000158643-300x133.jpg 300w, https:\/\/ostrowskatv.pl\/wp-content\/uploads\/2025\/03\/1000158643-1333x593.jpg 1333w, https:\/\/ostrowskatv.pl\/wp-content\/uploads\/2025\/03\/1000158643-1536x683.jpg 1536w\" sizes=\"auto, (max-width: 1920px) 100vw, 1920px\" \/><\/p>\n<p><img loading=\"lazy\" decoding=\"async\" src=\"https:\/\/ostrowskatv.pl\/wp-content\/uploads\/2025\/03\/1000158644.jpg\" alt=\"\" width=\"1920\" height=\"1081\" class=\"alignnone size-full wp-image-33915\" srcset=\"https:\/\/ostrowskatv.pl\/wp-content\/uploads\/2025\/03\/1000158644.jpg 1920w, https:\/\/ostrowskatv.pl\/wp-content\/uploads\/2025\/03\/1000158644-300x169.jpg 300w, https:\/\/ostrowskatv.pl\/wp-content\/uploads\/2025\/03\/1000158644-1333x751.jpg 1333w, https:\/\/ostrowskatv.pl\/wp-content\/uploads\/2025\/03\/1000158644-1536x865.jpg 1536w\" sizes=\"auto, (max-width: 1920px) 100vw, 1920px\" \/><\/p>\n<p><img loading=\"lazy\" decoding=\"async\" src=\"https:\/\/ostrowskatv.pl\/wp-content\/uploads\/2025\/03\/1000158645.jpg\" alt=\"\" width=\"1920\" height=\"1081\" class=\"alignnone size-full wp-image-33916\" srcset=\"https:\/\/ostrowskatv.pl\/wp-content\/uploads\/2025\/03\/1000158645.jpg 1920w, https:\/\/ostrowskatv.pl\/wp-content\/uploads\/2025\/03\/1000158645-300x169.jpg 300w, https:\/\/ostrowskatv.pl\/wp-content\/uploads\/2025\/03\/1000158645-1333x751.jpg 1333w, https:\/\/ostrowskatv.pl\/wp-content\/uploads\/2025\/03\/1000158645-1536x865.jpg 1536w\" sizes=\"auto, (max-width: 1920px) 100vw, 1920px\" \/><\/p>\n<p><img loading=\"lazy\" decoding=\"async\" src=\"https:\/\/ostrowskatv.pl\/wp-content\/uploads\/2025\/03\/1000158646.jpg\" alt=\"\" width=\"1920\" height=\"1081\" class=\"alignnone size-full wp-image-33917\" srcset=\"https:\/\/ostrowskatv.pl\/wp-content\/uploads\/2025\/03\/1000158646.jpg 1920w, https:\/\/ostrowskatv.pl\/wp-content\/uploads\/2025\/03\/1000158646-300x169.jpg 300w, https:\/\/ostrowskatv.pl\/wp-content\/uploads\/2025\/03\/1000158646-1333x751.jpg 1333w, https:\/\/ostrowskatv.pl\/wp-content\/uploads\/2025\/03\/1000158646-1536x865.jpg 1536w\" sizes=\"auto, (max-width: 1920px) 100vw, 1920px\" \/><\/p>\n<p><img loading=\"lazy\" decoding=\"async\" src=\"https:\/\/ostrowskatv.pl\/wp-content\/uploads\/2025\/03\/1000158647.jpg\" alt=\"\" width=\"1920\" height=\"1081\" class=\"alignnone size-full wp-image-33918\" srcset=\"https:\/\/ostrowskatv.pl\/wp-content\/uploads\/2025\/03\/1000158647.jpg 1920w, https:\/\/ostrowskatv.pl\/wp-content\/uploads\/2025\/03\/1000158647-300x169.jpg 300w, https:\/\/ostrowskatv.pl\/wp-content\/uploads\/2025\/03\/1000158647-1333x751.jpg 1333w, https:\/\/ostrowskatv.pl\/wp-content\/uploads\/2025\/03\/1000158647-1536x865.jpg 1536w\" sizes=\"auto, (max-width: 1920px) 100vw, 1920px\" \/><\/p>\n<p><img loading=\"lazy\" decoding=\"async\" src=\"https:\/\/ostrowskatv.pl\/wp-content\/uploads\/2025\/03\/1000158654.jpg\" alt=\"\" width=\"1920\" height=\"1081\" class=\"alignnone size-full wp-image-33919\" srcset=\"https:\/\/ostrowskatv.pl\/wp-content\/uploads\/2025\/03\/1000158654.jpg 1920w, https:\/\/ostrowskatv.pl\/wp-content\/uploads\/2025\/03\/1000158654-300x169.jpg 300w, https:\/\/ostrowskatv.pl\/wp-content\/uploads\/2025\/03\/1000158654-1333x751.jpg 1333w, https:\/\/ostrowskatv.pl\/wp-content\/uploads\/2025\/03\/1000158654-1536x865.jpg 1536w\" sizes=\"auto, (max-width: 1920px) 100vw, 1920px\" \/><\/p>\n","protected":false},"excerpt":{"rendered":"Z pozoru mog\u0142o si\u0119 wydawa\u0107, \u017ce polska scena polityczna doczeka\u0142a si\u0119 bezpo\u015bredniego starcia lider\u00f3w w wy\u015bcigu o fotel prezydencki. Jednak rzeczywisto\u015b\u0107 okaza\u0142a si\u0119 \n<a class=\"moretag\" href=\"https:\/\/ostrowskatv.pl\/?p=33912\"> [...]<\/a>","protected":false},"author":1,"featured_media":33916,"comment_status":"open","ping_status":"closed","sticky":false,"template":"","format":"standard","meta":{"footnotes":""},"categories":[1],"tags":[2],"class_list":["post-33912","post","type-post","status-publish","format-standard","has-post-thumbnail","hentry","category-news","tag-ostrow-wielkopolski"],"_links":{"self":[{"href":"https:\/\/ostrowskatv.pl\/index.php?rest_route=\/wp\/v2\/posts\/33912","targetHints":{"allow":["GET"]}}],"collection":[{"href":"https:\/\/ostrowskatv.pl\/index.php?rest_route=\/wp\/v2\/posts"}],"about":[{"href":"https:\/\/ostrowskatv.pl\/index.php?rest_route=\/wp\/v2\/types\/post"}],"author":[{"embeddable":true,"href":"https:\/\/ostrowskatv.pl\/index.php?rest_route=\/wp\/v2\/users\/1"}],"replies":[{"embeddable":true,"href":"https:\/\/ostrowskatv.pl\/index.php?rest_route=%2Fwp%2Fv2%2Fcomments&post=33912"}],"version-history":[{"count":4,"href":"https:\/\/ostrowskatv.pl\/index.php?rest_route=\/wp\/v2\/posts\/33912\/revisions"}],"predecessor-version":[{"id":33923,"href":"https:\/\/ostrowskatv.pl\/index.php?rest_route=\/wp\/v2\/posts\/33912\/revisions\/33923"}],"wp:featuredmedia":[{"embeddable":true,"href":"https:\/\/ostrowskatv.pl\/index.php?rest_route=\/wp\/v2\/media\/33916"}],"wp:attachment":[{"href":"https:\/\/ostrowskatv.pl\/index.php?rest_route=%2Fwp%2Fv2%2Fmedia&parent=33912"}],"wp:term":[{"taxonomy":"category","embeddable":true,"href":"https:\/\/ostrowskatv.pl\/index.php?rest_route=%2Fwp%2Fv2%2Fcategories&post=33912"},{"taxonomy":"post_tag","embeddable":true,"href":"https:\/\/ostrowskatv.pl\/index.php?rest_route=%2Fwp%2Fv2%2Ftags&post=33912"}],"curies":[{"name":"wp","href":"https:\/\/api.w.org\/{rel}","templated":true}]}}