{"id":33906,"date":"2025-03-28T08:02:59","date_gmt":"2025-03-28T07:02:59","guid":{"rendered":"https:\/\/ostrowskatv.pl\/?p=33906"},"modified":"2025-03-28T08:02:59","modified_gmt":"2025-03-28T07:02:59","slug":"bmw-przekroczylo-bariery-grawitacyjne","status":"publish","type":"post","link":"https:\/\/ostrowskatv.pl\/?p=33906","title":{"rendered":"BMW przekroczy\u0142o bariery grawitacyjne?"},"content":{"rendered":"<p><strong>\u015aroda wiecz\u00f3r, godzina 22:00, Ostr\u00f3w Wielkopolski. Spokojna noc zostaje zak\u0142\u00f3cona przez niecodzienne zjawisko motoryzacyjne \u2013 BMW, niczym drapie\u017cny kot na sawannie, postanawia wspi\u0105\u0107 si\u0119 na barier\u0119 energoch\u0142onn\u0105. Niestety, wbrew pozorom nie by\u0142a to premiera nowej edycji \u201eSzybkich i W\u015bciek\u0142ych\u201d, a po prostu spektakularny przypadek utraty kontroli nad pojazdem.<\/strong><\/p>\n<p>Na pok\u0142adzie bawarskiej bestii podr\u00f3\u017cowa\u0142o trzech m\u0142odych m\u0119\u017cczyzn, kt\u00f3rzy \u2013 jak na prawdziwych poszukiwaczy wra\u017ce\u0144 przysta\u0142o \u2013 przypadkiem postanowili sprawdzi\u0107, jak daleko mo\u017cna wjecha\u0107 na barier\u0119. Jak si\u0119 okaza\u0142o \u2013 do\u015b\u0107 wysoko. Kierowca, mimo swojej ewidentnej mi\u0142o\u015bci do g\u00f3rskich wspinaczek w wersji mechanicznej, by\u0142 trze\u017awy i w pe\u0142ni \u015bwiadomy swojego wyczynu. Twierdzi\u0142, \u017ce porusza\u0142 si\u0119 z pr\u0119dko\u015bci\u0105 20 km\/h, co sugeruje, \u017ce w gr\u0119 mog\u0142y wchodzi\u0107 nieznane dot\u0105d anomalie fizyczne.<\/p>\n<p>Eksperci zajmuj\u0105cy si\u0119 dynamik\u0105 pojazd\u00f3w mog\u0105 jedynie podrapa\u0107 si\u0119 po g\u0142owie, pr\u00f3buj\u0105c zrozumie\u0107, jak przy tak niewielkiej pr\u0119dko\u015bci mo\u017cna zamieni\u0107 barier\u0119 energoch\u0142onn\u0105 w prowizoryczny podjazd. Mo\u017ce to kwestia innowacyjnego zawieszenia BMW? Mo\u017ce wp\u0142yw ksi\u0119\u017cycowej grawitacji? A mo\u017ce po prostu klasyczna historia, w kt\u00f3rej \u201ejecha\u0142em wolno, ale asfalt si\u0119 sko\u0144czy\u0142\u201d?<\/p>\n<p>Na szcz\u0119\u015bcie zar\u00f3wno kierowca, jak i jego pasa\u017cerowie wyszli z ca\u0142ej sytuacji bez szwanku, co dowodzi, \u017ce bariera energoch\u0142onna faktycznie spe\u0142nia swoj\u0105 funkcj\u0119 \u2013 i to nie tylko w zakresie poch\u0142aniania energii, ale r\u00f3wnie\u017c w roli nietypowego parkingu dla BMW.<\/p>\n<p>Podsumowuj\u0105c \u2013 w Ostrowie Wielkopolskim przyby\u0142o kolejne miejsce, kt\u00f3re mo\u017ce trafi\u0107 do lokalnych legend. Czy stanie si\u0119 ono punktem pielgrzymkowym dla mi\u0142o\u015bnik\u00f3w motoryzacyjnych akrobacji? Tego jeszcze nie wiemy, ale jedno jest pewne \u2013 nast\u0119pnym razem, zanim kto\u015b powie \u201espokojnie, jad\u0119 20 km\/h\u201d, warto sprawdzi\u0107, czy w pobli\u017cu nie ma bariery gotowej na przyj\u0119cie kolejnego odwa\u017cnego kierowcy.<\/p>\n<p><img loading=\"lazy\" decoding=\"async\" src=\"https:\/\/ostrowskatv.pl\/wp-content\/uploads\/2025\/03\/1000158118.jpg\" alt=\"\" width=\"1920\" height=\"1081\" class=\"alignnone size-full wp-image-33908\" srcset=\"https:\/\/ostrowskatv.pl\/wp-content\/uploads\/2025\/03\/1000158118.jpg 1920w, https:\/\/ostrowskatv.pl\/wp-content\/uploads\/2025\/03\/1000158118-300x169.jpg 300w, https:\/\/ostrowskatv.pl\/wp-content\/uploads\/2025\/03\/1000158118-1333x751.jpg 1333w, https:\/\/ostrowskatv.pl\/wp-content\/uploads\/2025\/03\/1000158118-1536x865.jpg 1536w\" sizes=\"auto, (max-width: 1920px) 100vw, 1920px\" \/><\/p>\n<p><img loading=\"lazy\" decoding=\"async\" src=\"https:\/\/ostrowskatv.pl\/wp-content\/uploads\/2025\/03\/1000158117.jpg\" alt=\"\" width=\"1920\" height=\"1071\" class=\"alignnone size-full wp-image-33909\" srcset=\"https:\/\/ostrowskatv.pl\/wp-content\/uploads\/2025\/03\/1000158117.jpg 1920w, https:\/\/ostrowskatv.pl\/wp-content\/uploads\/2025\/03\/1000158117-300x167.jpg 300w, https:\/\/ostrowskatv.pl\/wp-content\/uploads\/2025\/03\/1000158117-1333x744.jpg 1333w, https:\/\/ostrowskatv.pl\/wp-content\/uploads\/2025\/03\/1000158117-1536x857.jpg 1536w\" sizes=\"auto, (max-width: 1920px) 100vw, 1920px\" \/><\/p>\n<p><img loading=\"lazy\" decoding=\"async\" src=\"https:\/\/ostrowskatv.pl\/wp-content\/uploads\/2025\/03\/1000158116.jpg\" alt=\"\" width=\"1920\" height=\"1425\" class=\"alignnone size-full wp-image-33910\" srcset=\"https:\/\/ostrowskatv.pl\/wp-content\/uploads\/2025\/03\/1000158116.jpg 1920w, https:\/\/ostrowskatv.pl\/wp-content\/uploads\/2025\/03\/1000158116-300x223.jpg 300w, https:\/\/ostrowskatv.pl\/wp-content\/uploads\/2025\/03\/1000158116-1333x989.jpg 1333w, https:\/\/ostrowskatv.pl\/wp-content\/uploads\/2025\/03\/1000158116-1536x1140.jpg 1536w\" sizes=\"auto, (max-width: 1920px) 100vw, 1920px\" \/><\/p>\n","protected":false},"excerpt":{"rendered":"\u015aroda wiecz\u00f3r, godzina 22:00, Ostr\u00f3w Wielkopolski. Spokojna noc zostaje zak\u0142\u00f3cona przez niecodzienne zjawisko motoryzacyjne \u2013 BMW, niczym drapie\u017cny kot na sawannie, postanawia wspi\u0105\u0107 \n<a class=\"moretag\" href=\"https:\/\/ostrowskatv.pl\/?p=33906\"> [...]<\/a>","protected":false},"author":1,"featured_media":33910,"comment_status":"open","ping_status":"closed","sticky":false,"template":"","format":"standard","meta":{"footnotes":""},"categories":[1],"tags":[2],"class_list":["post-33906","post","type-post","status-publish","format-standard","has-post-thumbnail","hentry","category-news","tag-ostrow-wielkopolski"],"_links":{"self":[{"href":"https:\/\/ostrowskatv.pl\/index.php?rest_route=\/wp\/v2\/posts\/33906","targetHints":{"allow":["GET"]}}],"collection":[{"href":"https:\/\/ostrowskatv.pl\/index.php?rest_route=\/wp\/v2\/posts"}],"about":[{"href":"https:\/\/ostrowskatv.pl\/index.php?rest_route=\/wp\/v2\/types\/post"}],"author":[{"embeddable":true,"href":"https:\/\/ostrowskatv.pl\/index.php?rest_route=\/wp\/v2\/users\/1"}],"replies":[{"embeddable":true,"href":"https:\/\/ostrowskatv.pl\/index.php?rest_route=%2Fwp%2Fv2%2Fcomments&post=33906"}],"version-history":[{"count":2,"href":"https:\/\/ostrowskatv.pl\/index.php?rest_route=\/wp\/v2\/posts\/33906\/revisions"}],"predecessor-version":[{"id":33911,"href":"https:\/\/ostrowskatv.pl\/index.php?rest_route=\/wp\/v2\/posts\/33906\/revisions\/33911"}],"wp:featuredmedia":[{"embeddable":true,"href":"https:\/\/ostrowskatv.pl\/index.php?rest_route=\/wp\/v2\/media\/33910"}],"wp:attachment":[{"href":"https:\/\/ostrowskatv.pl\/index.php?rest_route=%2Fwp%2Fv2%2Fmedia&parent=33906"}],"wp:term":[{"taxonomy":"category","embeddable":true,"href":"https:\/\/ostrowskatv.pl\/index.php?rest_route=%2Fwp%2Fv2%2Fcategories&post=33906"},{"taxonomy":"post_tag","embeddable":true,"href":"https:\/\/ostrowskatv.pl\/index.php?rest_route=%2Fwp%2Fv2%2Ftags&post=33906"}],"curies":[{"name":"wp","href":"https:\/\/api.w.org\/{rel}","templated":true}]}}