{"id":338,"date":"2016-02-12T11:01:04","date_gmt":"2016-02-12T10:01:04","guid":{"rendered":"http:\/\/ostrowska.tv\/?p=338"},"modified":"2016-02-12T11:01:04","modified_gmt":"2016-02-12T10:01:04","slug":"wypadkowa-seria","status":"publish","type":"post","link":"https:\/\/ostrowskatv.pl\/?p=338","title":{"rendered":"Wypadkowa seria"},"content":{"rendered":"<p><strong>Czwartek rozpocz\u0105\u0142 si\u0119 od zderzenia osob\u00f3wki ze \u015bmieciark\u0105. O godzinie 8:05 kierowca Forda Focusa wyjecha\u0142 z ulicy Przymiejskiej w Ostrowie Wlkp. i zderzy\u0142 si\u0119 ze \u015bmieciark\u0105 marki MAN jad\u0105c\u0105 ulic\u0105 Bema. Samoch\u00f3d ci\u0119\u017carowy zatrzyma\u0142 si\u0119 po kilkudziesi\u0119ciu metrach przy wje\u017adzie do sklepu z zabawkami. Jego kierowcy 48-letniemu m\u0119\u017cczy\u017anie nic si\u0119 nie sta\u0142o. Natomiast dwie osoby z Forda zosta\u0142y zabrane do szpitala. 37-latkowi z osob\u00f3wki zatrzymano prawo jazdy. Osoby podr\u00f3\u017cuj\u0105ce Fordem odnios\u0142y obra\u017cenia poni\u017cej 7 dni.<\/strong><\/p>\n<div id='gallery-1' class='gallery galleryid-338 gallery-columns-3 gallery-size-thumbnail'><figure class='gallery-item'>\n\t\t\t<div class='gallery-icon landscape'>\n\t\t\t\t<a href='https:\/\/ostrowskatv.pl\/?attachment_id=339'><img loading=\"lazy\" decoding=\"async\" width=\"150\" height=\"150\" src=\"https:\/\/ostrowskatv.pl\/wp-content\/uploads\/2016\/02\/IMG_20160211_082023-150x150.jpg\" class=\"attachment-thumbnail size-thumbnail\" alt=\"\" aria-describedby=\"gallery-1-339\" \/><\/a>\n\t\t\t<\/div>\n\t\t\t\t<figcaption class='wp-caption-text gallery-caption' id='gallery-1-339'>\n\t\t\t\tUszkodzona \u015bmieciarka\n\t\t\t\t<\/figcaption><\/figure><figure class='gallery-item'>\n\t\t\t<div class='gallery-icon landscape'>\n\t\t\t\t<a href='https:\/\/ostrowskatv.pl\/?attachment_id=343'><img loading=\"lazy\" decoding=\"async\" width=\"150\" height=\"150\" src=\"https:\/\/ostrowskatv.pl\/wp-content\/uploads\/2016\/02\/PANO_20160211_082110-150x150.jpg\" class=\"attachment-thumbnail size-thumbnail\" alt=\"\" \/><\/a>\n\t\t\t<\/div><\/figure><figure class='gallery-item'>\n\t\t\t<div class='gallery-icon landscape'>\n\t\t\t\t<a href='https:\/\/ostrowskatv.pl\/?attachment_id=344'><img loading=\"lazy\" decoding=\"async\" width=\"150\" height=\"150\" src=\"https:\/\/ostrowskatv.pl\/wp-content\/uploads\/2016\/02\/IMG_20160211_081859-150x150.jpg\" class=\"attachment-thumbnail size-thumbnail\" alt=\"\" \/><\/a>\n\t\t\t<\/div><\/figure>\n\t\t<\/div>\n\n<p>Wieczorem w Przygodzicach ko\u0142o szko\u0142y dosz\u0142o do tragicznego w skutkach zdarzenia. Oko\u0142o godz. 22:00 dy\u017curny ostrowskiej policji otrzyma\u0142 zg\u0142oszenie o le\u017c\u0105cym na poboczu cz\u0142owieku, kt\u00f3ry najprawdopodobniej nie \u017cyje. Gdy patrol przyjecha\u0142 na miejsce, okaza\u0142o si\u0119 \u017ce musia\u0142 zosta\u0107 potr\u0105cony. Problem w tym, \u017ce kierowca samochodu uczestnicz\u0105cy w wypadku si\u0119 nie zatrzyma\u0142. Nie mo\u017cna wykluczy\u0107, \u017ce by\u0142 to kierowca ci\u0119\u017car\u00f3wki, kt\u00f3ry m\u00f3g\u0142 nie by\u0107 \u015bwiadomy potr\u0105cenia. Ofiar\u0105 okaza\u0142 si\u0119 58-letni mieszkaniec gminy Przygodzice.<\/p>\n<div id='gallery-2' class='gallery galleryid-338 gallery-columns-3 gallery-size-thumbnail'><figure class='gallery-item'>\n\t\t\t<div class='gallery-icon landscape'>\n\t\t\t\t<a href='https:\/\/ostrowskatv.pl\/?attachment_id=340'><img loading=\"lazy\" decoding=\"async\" width=\"150\" height=\"150\" src=\"https:\/\/ostrowskatv.pl\/wp-content\/uploads\/2016\/02\/IMG_2295-150x150.jpg\" class=\"attachment-thumbnail size-thumbnail\" alt=\"\" \/><\/a>\n\t\t\t<\/div><\/figure><figure class='gallery-item'>\n\t\t\t<div class='gallery-icon landscape'>\n\t\t\t\t<a href='https:\/\/ostrowskatv.pl\/?attachment_id=341'><img loading=\"lazy\" decoding=\"async\" width=\"150\" height=\"150\" src=\"https:\/\/ostrowskatv.pl\/wp-content\/uploads\/2016\/02\/IMG_2298-150x150.jpg\" class=\"attachment-thumbnail size-thumbnail\" alt=\"\" \/><\/a>\n\t\t\t<\/div><\/figure><figure class='gallery-item'>\n\t\t\t<div class='gallery-icon landscape'>\n\t\t\t\t<a href='https:\/\/ostrowskatv.pl\/?attachment_id=342'><img loading=\"lazy\" decoding=\"async\" width=\"150\" height=\"150\" src=\"https:\/\/ostrowskatv.pl\/wp-content\/uploads\/2016\/02\/IMG_2299-150x150.jpg\" class=\"attachment-thumbnail size-thumbnail\" alt=\"\" \/><\/a>\n\t\t\t<\/div><\/figure>\n\t\t<\/div>\n\n<p>Chwil\u0119 wcze\u015bniej dosz\u0142o do potr\u0105cenia pieszej na ulicy Raszkowskiej w Ostrowie Wlkp. Z tego zdarzenia r\u00f3wnie\u017c oddali\u0142 si\u0119 sprawca. Kobieta odnios\u0142a obra\u017cenia twarzy powy\u017cej 7 dni.<\/p>\n<p>W pi\u0105tek rano na ulicy Topolowej w Ostrowie Wlkp. 48-letni m\u0119\u017cczyzna z Iveco doprowadzi\u0142 do zderzenia z Peugeotem kierowanym przez 52-latka. Iveco uderzy\u0142o tylnym lewym bokiem w Peugeota. Kierowcy byli trze\u017awi i nie odnie\u015bli powa\u017cnych obra\u017ce\u0144.<\/p>\n<div id='gallery-3' class='gallery galleryid-338 gallery-columns-3 gallery-size-thumbnail'><figure class='gallery-item'>\n\t\t\t<div class='gallery-icon landscape'>\n\t\t\t\t<a href='https:\/\/ostrowskatv.pl\/?attachment_id=345'><img loading=\"lazy\" decoding=\"async\" width=\"150\" height=\"150\" src=\"https:\/\/ostrowskatv.pl\/wp-content\/uploads\/2016\/02\/peugeot-topolowa-150x150.jpg\" class=\"attachment-thumbnail size-thumbnail\" alt=\"\" \/><\/a>\n\t\t\t<\/div><\/figure>\n\t\t<\/div>\n\n","protected":false},"excerpt":{"rendered":"Czwartek rozpocz\u0105\u0142 si\u0119 od zderzenia osob\u00f3wki ze \u015bmieciark\u0105. O godzinie 8:05 kierowca Forda Focusa wyjecha\u0142 z ulicy Przymiejskiej w Ostrowie Wlkp. i zderzy\u0142 \n<a class=\"moretag\" href=\"https:\/\/ostrowskatv.pl\/?p=338\"> [...]<\/a>","protected":false},"author":1,"featured_media":344,"comment_status":"open","ping_status":"open","sticky":false,"template":"","format":"standard","meta":{"footnotes":""},"categories":[1],"tags":[11],"class_list":["post-338","post","type-post","status-publish","format-standard","has-post-thumbnail","hentry","category-news","tag-wypadek"],"_links":{"self":[{"href":"https:\/\/ostrowskatv.pl\/index.php?rest_route=\/wp\/v2\/posts\/338","targetHints":{"allow":["GET"]}}],"collection":[{"href":"https:\/\/ostrowskatv.pl\/index.php?rest_route=\/wp\/v2\/posts"}],"about":[{"href":"https:\/\/ostrowskatv.pl\/index.php?rest_route=\/wp\/v2\/types\/post"}],"author":[{"embeddable":true,"href":"https:\/\/ostrowskatv.pl\/index.php?rest_route=\/wp\/v2\/users\/1"}],"replies":[{"embeddable":true,"href":"https:\/\/ostrowskatv.pl\/index.php?rest_route=%2Fwp%2Fv2%2Fcomments&post=338"}],"version-history":[{"count":0,"href":"https:\/\/ostrowskatv.pl\/index.php?rest_route=\/wp\/v2\/posts\/338\/revisions"}],"wp:featuredmedia":[{"embeddable":true,"href":"https:\/\/ostrowskatv.pl\/index.php?rest_route=\/wp\/v2\/media\/344"}],"wp:attachment":[{"href":"https:\/\/ostrowskatv.pl\/index.php?rest_route=%2Fwp%2Fv2%2Fmedia&parent=338"}],"wp:term":[{"taxonomy":"category","embeddable":true,"href":"https:\/\/ostrowskatv.pl\/index.php?rest_route=%2Fwp%2Fv2%2Fcategories&post=338"},{"taxonomy":"post_tag","embeddable":true,"href":"https:\/\/ostrowskatv.pl\/index.php?rest_route=%2Fwp%2Fv2%2Ftags&post=338"}],"curies":[{"name":"wp","href":"https:\/\/api.w.org\/{rel}","templated":true}]}}