{"id":33710,"date":"2025-03-10T20:41:10","date_gmt":"2025-03-10T19:41:10","guid":{"rendered":"https:\/\/ostrowskatv.pl\/?p=33710"},"modified":"2025-03-10T20:46:13","modified_gmt":"2025-03-10T19:46:13","slug":"zniszczyli-jej-auto-pojawily-sie-naklejki-ku-klux-klan","status":"publish","type":"post","link":"https:\/\/ostrowskatv.pl\/?p=33710","title":{"rendered":"Zniszczyli jej auto. Pojawi\u0142y si\u0119 naklejki &#8222;Ku Klux Klan&#8221;"},"content":{"rendered":"<p><strong>W nocy z niedzieli na poniedzia\u0142ek dosz\u0142o do kolejnego aktu wandalizmu na samochodzie u\u017cytkowanym przez mieszkank\u0119 Ostrowa Wielkopolskiego, Karolin\u0119, znan\u0105 ze swojego zaanga\u017cowania w pomoc imigrantom. Nieznany sprawca przyklei\u0142 na jej Mazd\u0119 naklejki z napisem \u201eKu Klux Klan\u201d, obla\u0142 pojazd czerwon\u0105 farb\u0105 oraz wybi\u0142 kilka szyb. Co szokuj\u0105ce, incydent mia\u0142 miejsce w samym centrum miasta, gdzie znajduje si\u0119 wiele kamer monitoringu.<\/strong><\/p>\n<p><img loading=\"lazy\" decoding=\"async\" src=\"https:\/\/ostrowskatv.pl\/wp-content\/uploads\/2025\/03\/1000153679.jpg\" alt=\"\" width=\"1440\" height=\"1920\" class=\"alignnone size-full wp-image-33712\" srcset=\"https:\/\/ostrowskatv.pl\/wp-content\/uploads\/2025\/03\/1000153679.jpg 1440w, https:\/\/ostrowskatv.pl\/wp-content\/uploads\/2025\/03\/1000153679-225x300.jpg 225w, https:\/\/ostrowskatv.pl\/wp-content\/uploads\/2025\/03\/1000153679-1000x1333.jpg 1000w, https:\/\/ostrowskatv.pl\/wp-content\/uploads\/2025\/03\/1000153679-1152x1536.jpg 1152w\" sizes=\"auto, (max-width: 1440px) 100vw, 1440px\" \/><\/p>\n<p><img loading=\"lazy\" decoding=\"async\" src=\"https:\/\/ostrowskatv.pl\/wp-content\/uploads\/2025\/03\/1000153680.jpg\" alt=\"\" width=\"1440\" height=\"1920\" class=\"alignnone size-full wp-image-33713\" srcset=\"https:\/\/ostrowskatv.pl\/wp-content\/uploads\/2025\/03\/1000153680.jpg 1440w, https:\/\/ostrowskatv.pl\/wp-content\/uploads\/2025\/03\/1000153680-225x300.jpg 225w, https:\/\/ostrowskatv.pl\/wp-content\/uploads\/2025\/03\/1000153680-1000x1333.jpg 1000w, https:\/\/ostrowskatv.pl\/wp-content\/uploads\/2025\/03\/1000153680-1152x1536.jpg 1152w\" sizes=\"auto, (max-width: 1440px) 100vw, 1440px\" \/><\/p>\n<p><img loading=\"lazy\" decoding=\"async\" src=\"https:\/\/ostrowskatv.pl\/wp-content\/uploads\/2025\/03\/1000153681.jpg\" alt=\"\" width=\"1080\" height=\"1920\" class=\"alignnone size-full wp-image-33714\" srcset=\"https:\/\/ostrowskatv.pl\/wp-content\/uploads\/2025\/03\/1000153681.jpg 1080w, https:\/\/ostrowskatv.pl\/wp-content\/uploads\/2025\/03\/1000153681-169x300.jpg 169w, https:\/\/ostrowskatv.pl\/wp-content\/uploads\/2025\/03\/1000153681-750x1333.jpg 750w, https:\/\/ostrowskatv.pl\/wp-content\/uploads\/2025\/03\/1000153681-864x1536.jpg 864w\" sizes=\"auto, (max-width: 1080px) 100vw, 1080px\" \/><\/p>\n<p><img loading=\"lazy\" decoding=\"async\" src=\"https:\/\/ostrowskatv.pl\/wp-content\/uploads\/2025\/03\/1000153682.jpg\" alt=\"\" width=\"1080\" height=\"1920\" class=\"alignnone size-full wp-image-33715\" srcset=\"https:\/\/ostrowskatv.pl\/wp-content\/uploads\/2025\/03\/1000153682.jpg 1080w, https:\/\/ostrowskatv.pl\/wp-content\/uploads\/2025\/03\/1000153682-169x300.jpg 169w, https:\/\/ostrowskatv.pl\/wp-content\/uploads\/2025\/03\/1000153682-750x1333.jpg 750w, https:\/\/ostrowskatv.pl\/wp-content\/uploads\/2025\/03\/1000153682-864x1536.jpg 864w\" sizes=\"auto, (max-width: 1080px) 100vw, 1080px\" \/><\/p>\n<p><img loading=\"lazy\" decoding=\"async\" src=\"https:\/\/ostrowskatv.pl\/wp-content\/uploads\/2025\/03\/1000153683.jpg\" alt=\"\" width=\"1080\" height=\"1920\" class=\"alignnone size-full wp-image-33716\" srcset=\"https:\/\/ostrowskatv.pl\/wp-content\/uploads\/2025\/03\/1000153683.jpg 1080w, https:\/\/ostrowskatv.pl\/wp-content\/uploads\/2025\/03\/1000153683-169x300.jpg 169w, https:\/\/ostrowskatv.pl\/wp-content\/uploads\/2025\/03\/1000153683-750x1333.jpg 750w, https:\/\/ostrowskatv.pl\/wp-content\/uploads\/2025\/03\/1000153683-864x1536.jpg 864w\" sizes=\"auto, (max-width: 1080px) 100vw, 1080px\" \/><\/p>\n<p><img loading=\"lazy\" decoding=\"async\" src=\"https:\/\/ostrowskatv.pl\/wp-content\/uploads\/2025\/03\/1000153684.jpg\" alt=\"\" width=\"1080\" height=\"1920\" class=\"alignnone size-full wp-image-33717\" srcset=\"https:\/\/ostrowskatv.pl\/wp-content\/uploads\/2025\/03\/1000153684.jpg 1080w, https:\/\/ostrowskatv.pl\/wp-content\/uploads\/2025\/03\/1000153684-169x300.jpg 169w, https:\/\/ostrowskatv.pl\/wp-content\/uploads\/2025\/03\/1000153684-750x1333.jpg 750w, https:\/\/ostrowskatv.pl\/wp-content\/uploads\/2025\/03\/1000153684-864x1536.jpg 864w\" sizes=\"auto, (max-width: 1080px) 100vw, 1080px\" \/><\/p>\n<p><img loading=\"lazy\" decoding=\"async\" src=\"https:\/\/ostrowskatv.pl\/wp-content\/uploads\/2025\/03\/1000153685.jpg\" alt=\"\" width=\"1080\" height=\"1920\" class=\"alignnone size-full wp-image-33718\" srcset=\"https:\/\/ostrowskatv.pl\/wp-content\/uploads\/2025\/03\/1000153685.jpg 1080w, https:\/\/ostrowskatv.pl\/wp-content\/uploads\/2025\/03\/1000153685-169x300.jpg 169w, https:\/\/ostrowskatv.pl\/wp-content\/uploads\/2025\/03\/1000153685-750x1333.jpg 750w, https:\/\/ostrowskatv.pl\/wp-content\/uploads\/2025\/03\/1000153685-864x1536.jpg 864w\" sizes=\"auto, (max-width: 1080px) 100vw, 1080px\" \/><\/p>\n<p><img loading=\"lazy\" decoding=\"async\" src=\"https:\/\/ostrowskatv.pl\/wp-content\/uploads\/2025\/03\/1000153686-1.jpg\" alt=\"\" width=\"1152\" height=\"769\" class=\"alignnone size-full wp-image-33719\" srcset=\"https:\/\/ostrowskatv.pl\/wp-content\/uploads\/2025\/03\/1000153686-1.jpg 1152w, https:\/\/ostrowskatv.pl\/wp-content\/uploads\/2025\/03\/1000153686-1-300x200.jpg 300w\" sizes=\"auto, (max-width: 1152px) 100vw, 1152px\" \/><\/p>\n<p><img loading=\"lazy\" decoding=\"async\" src=\"https:\/\/ostrowskatv.pl\/wp-content\/uploads\/2025\/03\/1000153687.jpg\" alt=\"\" width=\"1920\" height=\"1080\" class=\"alignnone size-full wp-image-33720\" srcset=\"https:\/\/ostrowskatv.pl\/wp-content\/uploads\/2025\/03\/1000153687.jpg 1920w, https:\/\/ostrowskatv.pl\/wp-content\/uploads\/2025\/03\/1000153687-300x169.jpg 300w, https:\/\/ostrowskatv.pl\/wp-content\/uploads\/2025\/03\/1000153687-1333x750.jpg 1333w, https:\/\/ostrowskatv.pl\/wp-content\/uploads\/2025\/03\/1000153687-1536x864.jpg 1536w\" sizes=\"auto, (max-width: 1920px) 100vw, 1920px\" \/><\/p>\n<p><img loading=\"lazy\" decoding=\"async\" src=\"https:\/\/ostrowskatv.pl\/wp-content\/uploads\/2025\/03\/1000153688.jpg\" alt=\"\" width=\"1600\" height=\"900\" class=\"alignnone size-full wp-image-33721\" srcset=\"https:\/\/ostrowskatv.pl\/wp-content\/uploads\/2025\/03\/1000153688.jpg 1600w, https:\/\/ostrowskatv.pl\/wp-content\/uploads\/2025\/03\/1000153688-300x169.jpg 300w, https:\/\/ostrowskatv.pl\/wp-content\/uploads\/2025\/03\/1000153688-1333x750.jpg 1333w, https:\/\/ostrowskatv.pl\/wp-content\/uploads\/2025\/03\/1000153688-1536x864.jpg 1536w\" sizes=\"auto, (max-width: 1600px) 100vw, 1600px\" \/><\/p>\n<p>To nie pierwszy przypadek niszczenia mienia pani Karoliny. Wcze\u015bniej kilkukrotnie przebijano jej opony oraz dopuszczano si\u0119 innych form uszkodzenia pojazdu. Mimo zg\u0142aszania tych zdarze\u0144 na policj\u0119, dotychczasowe \u015bledztwa nie przynios\u0142y rezultat\u00f3w. Kobieta jest zdegustowana faktem, \u017ce sprawca pozostaje bezkarny, a akty wandalizmu wobec niej wci\u0105\u017c trwaj\u0105.<\/p>\n<p>Ku Klux Klan (KKK) to skrajnie rasistowska organizacja wywodz\u0105ca si\u0119 ze Stan\u00f3w Zjednoczonych. Powsta\u0142a w XIX wieku i zas\u0142yn\u0119\u0142a z przemocy wobec Afroamerykan\u00f3w, imigrant\u00f3w oraz innych grup mniejszo\u015bciowych. Jej cz\u0142onkowie stosowali terror, przemoc fizyczn\u0105 i psychologiczn\u0105, w tym lincze i podpalenia. Cho\u0107 KKK zosta\u0142 wielokrotnie zdelegalizowany, r\u00f3\u017cne jego od\u0142amy wci\u0105\u017c funkcjonuj\u0105 w USA, cho\u0107 nie maj\u0105 ju\u017c takiej si\u0142y jak w przesz\u0142o\u015bci. W wi\u0119kszo\u015bci kraj\u00f3w dzia\u0142alno\u015b\u0107 tego typu organizacji jest zakazana jako nawo\u0142uj\u0105ca do nienawi\u015bci.<\/p>\n<p>Ostrowianka ponownie zg\u0142osi\u0142a spraw\u0119 na policj\u0119, licz\u0105c na skuteczniejsze dzia\u0142ania organ\u00f3w \u015bcigania.\u00a0 Monitoring miejski mo\u017ce okaza\u0107 si\u0119 kluczowy w ustaleniu to\u017csamo\u015bci wandala i zako\u0144czeniu tej serii atak\u00f3w.<\/p>\n<p>Do zdarzenia dosz\u0142o ko\u0142o p\u00f3\u0142nocy przy ulicy Wolno\u015bci.<\/p>\n","protected":false},"excerpt":{"rendered":"W nocy z niedzieli na poniedzia\u0142ek dosz\u0142o do kolejnego aktu wandalizmu na samochodzie u\u017cytkowanym przez mieszkank\u0119 Ostrowa Wielkopolskiego, Karolin\u0119, znan\u0105 ze swojego zaanga\u017cowania \n<a class=\"moretag\" href=\"https:\/\/ostrowskatv.pl\/?p=33710\"> [...]<\/a>","protected":false},"author":1,"featured_media":33719,"comment_status":"open","ping_status":"closed","sticky":false,"template":"","format":"standard","meta":{"footnotes":""},"categories":[1],"tags":[2],"class_list":["post-33710","post","type-post","status-publish","format-standard","has-post-thumbnail","hentry","category-news","tag-ostrow-wielkopolski"],"_links":{"self":[{"href":"https:\/\/ostrowskatv.pl\/index.php?rest_route=\/wp\/v2\/posts\/33710","targetHints":{"allow":["GET"]}}],"collection":[{"href":"https:\/\/ostrowskatv.pl\/index.php?rest_route=\/wp\/v2\/posts"}],"about":[{"href":"https:\/\/ostrowskatv.pl\/index.php?rest_route=\/wp\/v2\/types\/post"}],"author":[{"embeddable":true,"href":"https:\/\/ostrowskatv.pl\/index.php?rest_route=\/wp\/v2\/users\/1"}],"replies":[{"embeddable":true,"href":"https:\/\/ostrowskatv.pl\/index.php?rest_route=%2Fwp%2Fv2%2Fcomments&post=33710"}],"version-history":[{"count":4,"href":"https:\/\/ostrowskatv.pl\/index.php?rest_route=\/wp\/v2\/posts\/33710\/revisions"}],"predecessor-version":[{"id":33724,"href":"https:\/\/ostrowskatv.pl\/index.php?rest_route=\/wp\/v2\/posts\/33710\/revisions\/33724"}],"wp:featuredmedia":[{"embeddable":true,"href":"https:\/\/ostrowskatv.pl\/index.php?rest_route=\/wp\/v2\/media\/33719"}],"wp:attachment":[{"href":"https:\/\/ostrowskatv.pl\/index.php?rest_route=%2Fwp%2Fv2%2Fmedia&parent=33710"}],"wp:term":[{"taxonomy":"category","embeddable":true,"href":"https:\/\/ostrowskatv.pl\/index.php?rest_route=%2Fwp%2Fv2%2Fcategories&post=33710"},{"taxonomy":"post_tag","embeddable":true,"href":"https:\/\/ostrowskatv.pl\/index.php?rest_route=%2Fwp%2Fv2%2Ftags&post=33710"}],"curies":[{"name":"wp","href":"https:\/\/api.w.org\/{rel}","templated":true}]}}