{"id":33654,"date":"2025-03-07T22:53:58","date_gmt":"2025-03-07T21:53:58","guid":{"rendered":"https:\/\/ostrowskatv.pl\/?p=33654"},"modified":"2025-03-07T22:53:58","modified_gmt":"2025-03-07T21:53:58","slug":"duze-plomienie-przy-markecie-zdjecia","status":"publish","type":"post","link":"https:\/\/ostrowskatv.pl\/?p=33654","title":{"rendered":"Du\u017ce p\u0142omienie przy markecie (ZDJ\u0118CIA)"},"content":{"rendered":"<p><strong>W pi\u0105tkowe popo\u0142udnie, oko\u0142o godziny 14:30, mieszka\u0144cy Ostrowa Wielkopolskiego mogli dostrzec k\u0142\u0119by dymu unosz\u0105ce si\u0119 zza marketu przy ulicy Pozna\u0144skiej. \u0179r\u00f3d\u0142em zadymienia by\u0142 po\u017car nieu\u017cytk\u00f3w, kt\u00f3ry w szybkim tempie obejmowa\u0142 kolejne metry suchych teren\u00f3w zielonych.<\/strong><\/p>\n<p>Na miejsce natychmiast zadysponowano jeden zast\u0119p stra\u017cy po\u017carnej. Dzi\u0119ki sprawnej akcji stra\u017cak\u00f3w ogie\u0144 zosta\u0142 szybko opanowany, co zapobieg\u0142o jego dalszemu rozprzestrzenianiu si\u0119. Mimo szybkiej interwencji, \u017cywio\u0142 zd\u0105\u017cy\u0142 strawi\u0107 oko\u0142o 150 metr\u00f3w kwadratowych suchych traw i ro\u015blinno\u015bci, co by\u0142o wynikiem panuj\u0105cej suszy i wysokich temperatur.<\/p>\n<h3>Dlaczego nie nale\u017cy wypala\u0107 traw?<\/h3>\n<p>Ka\u017cdego roku stra\u017cacy interweniuj\u0105 przy setkach po\u017car\u00f3w spowodowanych wypalaniem traw, co stanowi powa\u017cne zagro\u017cenie dla \u015brodowiska, ludzi oraz zwierz\u0105t. Cho\u0107 nie wiadomo, czy po\u017car w Ostrowie Wielkopolskim mia\u0142 swoje \u017ar\u00f3d\u0142o w celowym podpaleniu, warto przypomnie\u0107, \u017ce wypalanie traw jest nielegalne i grozi za nie kara.<\/p>\n<p>Po\u017cary nieu\u017cytk\u00f3w mog\u0105 b\u0142yskawicznie si\u0119 rozprzestrzenia\u0107, szczeg\u00f3lnie w suchych okresach, zagra\u017caj\u0105c pobliskim zabudowaniom i lasom. Ponadto ogie\u0144 niszczy cenne siedliska przyrodnicze, prowadzi do \u015bmierci wielu organizm\u00f3w \u017cywych, a tak\u017ce przyczynia si\u0119 do degradacji gleby, czyni\u0105c j\u0105 ja\u0142ow\u0105 i nieprzydatn\u0105 do dalszego u\u017cytku rolniczego. Wypalanie traw to r\u00f3wnie\u017c emisja toksycznych substancji do atmosfery, co negatywnie wp\u0142ywa na jako\u015b\u0107 powietrza i zdrowie ludzi.<\/p>\n<p>W trosce o bezpiecze\u0144stwo i ochron\u0119 \u015brodowiska warto pami\u0119ta\u0107, \u017ce zamiast wypalania traw nale\u017cy stosowa\u0107 inne, bezpieczne metody gospodarowania terenami zielonymi, a w przypadku zauwa\u017cenia po\u017caru niezw\u0142ocznie informowa\u0107 odpowiednie s\u0142u\u017cby.<\/p>\n<p><img loading=\"lazy\" decoding=\"async\" class=\"alignnone size-full wp-image-33653\" src=\"https:\/\/ostrowskatv.pl\/wp-content\/uploads\/2025\/03\/1000152375.jpg\" alt=\"\" width=\"1920\" height=\"1335\" srcset=\"https:\/\/ostrowskatv.pl\/wp-content\/uploads\/2025\/03\/1000152375.jpg 1920w, https:\/\/ostrowskatv.pl\/wp-content\/uploads\/2025\/03\/1000152375-300x209.jpg 300w, https:\/\/ostrowskatv.pl\/wp-content\/uploads\/2025\/03\/1000152375-1333x927.jpg 1333w, https:\/\/ostrowskatv.pl\/wp-content\/uploads\/2025\/03\/1000152375-1536x1068.jpg 1536w\" sizes=\"auto, (max-width: 1920px) 100vw, 1920px\" \/><\/p>\n<p><img loading=\"lazy\" decoding=\"async\" class=\"alignnone size-full wp-image-33652\" src=\"https:\/\/ostrowskatv.pl\/wp-content\/uploads\/2025\/03\/1000152376.jpg\" alt=\"\" width=\"1920\" height=\"1440\" srcset=\"https:\/\/ostrowskatv.pl\/wp-content\/uploads\/2025\/03\/1000152376.jpg 1920w, https:\/\/ostrowskatv.pl\/wp-content\/uploads\/2025\/03\/1000152376-300x225.jpg 300w, https:\/\/ostrowskatv.pl\/wp-content\/uploads\/2025\/03\/1000152376-1333x1000.jpg 1333w, https:\/\/ostrowskatv.pl\/wp-content\/uploads\/2025\/03\/1000152376-1536x1152.jpg 1536w\" sizes=\"auto, (max-width: 1920px) 100vw, 1920px\" \/><\/p>\n<p><img loading=\"lazy\" decoding=\"async\" class=\"alignnone size-full wp-image-33651\" src=\"https:\/\/ostrowskatv.pl\/wp-content\/uploads\/2025\/03\/1000152381.jpg\" alt=\"\" width=\"1920\" height=\"1297\" srcset=\"https:\/\/ostrowskatv.pl\/wp-content\/uploads\/2025\/03\/1000152381.jpg 1920w, https:\/\/ostrowskatv.pl\/wp-content\/uploads\/2025\/03\/1000152381-300x203.jpg 300w, https:\/\/ostrowskatv.pl\/wp-content\/uploads\/2025\/03\/1000152381-1333x900.jpg 1333w, https:\/\/ostrowskatv.pl\/wp-content\/uploads\/2025\/03\/1000152381-1536x1038.jpg 1536w\" sizes=\"auto, (max-width: 1920px) 100vw, 1920px\" \/><\/p>\n<p><img loading=\"lazy\" decoding=\"async\" class=\"alignnone size-full wp-image-33650\" src=\"https:\/\/ostrowskatv.pl\/wp-content\/uploads\/2025\/03\/1000152382.jpg\" alt=\"\" width=\"1440\" height=\"1920\" srcset=\"https:\/\/ostrowskatv.pl\/wp-content\/uploads\/2025\/03\/1000152382.jpg 1440w, https:\/\/ostrowskatv.pl\/wp-content\/uploads\/2025\/03\/1000152382-225x300.jpg 225w, https:\/\/ostrowskatv.pl\/wp-content\/uploads\/2025\/03\/1000152382-1000x1333.jpg 1000w, https:\/\/ostrowskatv.pl\/wp-content\/uploads\/2025\/03\/1000152382-1152x1536.jpg 1152w\" sizes=\"auto, (max-width: 1440px) 100vw, 1440px\" \/><\/p>\n<p><img loading=\"lazy\" decoding=\"async\" class=\"alignnone size-full wp-image-33649\" src=\"https:\/\/ostrowskatv.pl\/wp-content\/uploads\/2025\/03\/1000152383.jpg\" alt=\"\" width=\"1920\" height=\"1440\" srcset=\"https:\/\/ostrowskatv.pl\/wp-content\/uploads\/2025\/03\/1000152383.jpg 1920w, https:\/\/ostrowskatv.pl\/wp-content\/uploads\/2025\/03\/1000152383-300x225.jpg 300w, https:\/\/ostrowskatv.pl\/wp-content\/uploads\/2025\/03\/1000152383-1333x1000.jpg 1333w, https:\/\/ostrowskatv.pl\/wp-content\/uploads\/2025\/03\/1000152383-1536x1152.jpg 1536w\" sizes=\"auto, (max-width: 1920px) 100vw, 1920px\" \/><\/p>\n<p><img loading=\"lazy\" decoding=\"async\" class=\"alignnone size-full wp-image-33648\" src=\"https:\/\/ostrowskatv.pl\/wp-content\/uploads\/2025\/03\/1000152384.jpg\" alt=\"\" width=\"1920\" height=\"1440\" srcset=\"https:\/\/ostrowskatv.pl\/wp-content\/uploads\/2025\/03\/1000152384.jpg 1920w, https:\/\/ostrowskatv.pl\/wp-content\/uploads\/2025\/03\/1000152384-300x225.jpg 300w, https:\/\/ostrowskatv.pl\/wp-content\/uploads\/2025\/03\/1000152384-1333x1000.jpg 1333w, https:\/\/ostrowskatv.pl\/wp-content\/uploads\/2025\/03\/1000152384-1536x1152.jpg 1536w\" sizes=\"auto, (max-width: 1920px) 100vw, 1920px\" \/><\/p>\n<p><img loading=\"lazy\" decoding=\"async\" class=\"alignnone size-full wp-image-33647\" src=\"https:\/\/ostrowskatv.pl\/wp-content\/uploads\/2025\/03\/1000152385.jpg\" alt=\"\" width=\"1440\" height=\"1920\" srcset=\"https:\/\/ostrowskatv.pl\/wp-content\/uploads\/2025\/03\/1000152385.jpg 1440w, https:\/\/ostrowskatv.pl\/wp-content\/uploads\/2025\/03\/1000152385-225x300.jpg 225w, https:\/\/ostrowskatv.pl\/wp-content\/uploads\/2025\/03\/1000152385-1000x1333.jpg 1000w, https:\/\/ostrowskatv.pl\/wp-content\/uploads\/2025\/03\/1000152385-1152x1536.jpg 1152w\" sizes=\"auto, (max-width: 1440px) 100vw, 1440px\" \/><\/p>\n<p><img loading=\"lazy\" decoding=\"async\" class=\"alignnone size-full wp-image-33646\" src=\"https:\/\/ostrowskatv.pl\/wp-content\/uploads\/2025\/03\/1000152386.jpg\" alt=\"\" width=\"1920\" height=\"1440\" srcset=\"https:\/\/ostrowskatv.pl\/wp-content\/uploads\/2025\/03\/1000152386.jpg 1920w, https:\/\/ostrowskatv.pl\/wp-content\/uploads\/2025\/03\/1000152386-300x225.jpg 300w, https:\/\/ostrowskatv.pl\/wp-content\/uploads\/2025\/03\/1000152386-1333x1000.jpg 1333w, https:\/\/ostrowskatv.pl\/wp-content\/uploads\/2025\/03\/1000152386-1536x1152.jpg 1536w\" sizes=\"auto, (max-width: 1920px) 100vw, 1920px\" \/><\/p>\n","protected":false},"excerpt":{"rendered":"W pi\u0105tkowe popo\u0142udnie, oko\u0142o godziny 14:30, mieszka\u0144cy Ostrowa Wielkopolskiego mogli dostrzec k\u0142\u0119by dymu unosz\u0105ce si\u0119 zza marketu przy ulicy Pozna\u0144skiej. \u0179r\u00f3d\u0142em zadymienia by\u0142 \n<a class=\"moretag\" href=\"https:\/\/ostrowskatv.pl\/?p=33654\"> [...]<\/a>","protected":false},"author":1,"featured_media":33652,"comment_status":"open","ping_status":"closed","sticky":false,"template":"","format":"standard","meta":{"footnotes":""},"categories":[1],"tags":[2,7,321],"class_list":["post-33654","post","type-post","status-publish","format-standard","has-post-thumbnail","hentry","category-news","tag-ostrow-wielkopolski","tag-pozar","tag-poznanska"],"_links":{"self":[{"href":"https:\/\/ostrowskatv.pl\/index.php?rest_route=\/wp\/v2\/posts\/33654","targetHints":{"allow":["GET"]}}],"collection":[{"href":"https:\/\/ostrowskatv.pl\/index.php?rest_route=\/wp\/v2\/posts"}],"about":[{"href":"https:\/\/ostrowskatv.pl\/index.php?rest_route=\/wp\/v2\/types\/post"}],"author":[{"embeddable":true,"href":"https:\/\/ostrowskatv.pl\/index.php?rest_route=\/wp\/v2\/users\/1"}],"replies":[{"embeddable":true,"href":"https:\/\/ostrowskatv.pl\/index.php?rest_route=%2Fwp%2Fv2%2Fcomments&post=33654"}],"version-history":[{"count":1,"href":"https:\/\/ostrowskatv.pl\/index.php?rest_route=\/wp\/v2\/posts\/33654\/revisions"}],"predecessor-version":[{"id":33692,"href":"https:\/\/ostrowskatv.pl\/index.php?rest_route=\/wp\/v2\/posts\/33654\/revisions\/33692"}],"wp:featuredmedia":[{"embeddable":true,"href":"https:\/\/ostrowskatv.pl\/index.php?rest_route=\/wp\/v2\/media\/33652"}],"wp:attachment":[{"href":"https:\/\/ostrowskatv.pl\/index.php?rest_route=%2Fwp%2Fv2%2Fmedia&parent=33654"}],"wp:term":[{"taxonomy":"category","embeddable":true,"href":"https:\/\/ostrowskatv.pl\/index.php?rest_route=%2Fwp%2Fv2%2Fcategories&post=33654"},{"taxonomy":"post_tag","embeddable":true,"href":"https:\/\/ostrowskatv.pl\/index.php?rest_route=%2Fwp%2Fv2%2Ftags&post=33654"}],"curies":[{"name":"wp","href":"https:\/\/api.w.org\/{rel}","templated":true}]}}