{"id":33640,"date":"2025-03-06T21:00:31","date_gmt":"2025-03-06T20:00:31","guid":{"rendered":"https:\/\/ostrowskatv.pl\/?p=33640"},"modified":"2025-03-06T21:00:31","modified_gmt":"2025-03-06T20:00:31","slug":"zaslabl-za-kierownica-mogl-spowodowac-duza-krzywde","status":"publish","type":"post","link":"https:\/\/ostrowskatv.pl\/?p=33640","title":{"rendered":"Zas\u0142ab\u0142 za kierownic\u0105. M\u00f3g\u0142 spowodowa\u0107 du\u017c\u0105 krzywd\u0119"},"content":{"rendered":"<p><strong>Dzi\u015b\u00a0 po godzinie 11:00 na ulicy Ok\u00f3lnej w Ostrowie Wielkopolskim dosz\u0142o do niebezpiecznej sytuacji. Wszystko zacz\u0119\u0142o si\u0119, gdy 82-letni kierowca jad\u0105cy swoim Nissanem nagle straci\u0142 przytomno\u015b\u0107 \u2013 najprawdopodobniej w wyniku udaru \u2013 i niespodziewanie zjecha\u0142 z drogi.<\/strong><\/p>\n<h3>Dramatyczny Moment na Drodze<\/h3>\n<p>Wydarzenie mia\u0142o miejsce w zaskakuj\u0105co spokojnym otoczeniu, jednak kilka sekund zmieni\u0142o wszystko. Starszy pan, kt\u00f3ry do tej pory pewnie prowadzi\u0142, nagle straci\u0142 kontrol\u0119 nad pojazdem. Jego samoch\u00f3d skierowa\u0142 si\u0119 w stron\u0119 jezdni, uderzaj\u0105c w zaparkowanego Peugeota. Na szcz\u0119\u015bcie, dzi\u0119ki niezbyt wysokiej pr\u0119dko\u015bci, skutki kolizji okaza\u0142y si\u0119 mniej tragiczne, ni\u017c mog\u0142oby si\u0119 wydawa\u0107.<\/p>\n<h3>Szybka Reakcja S\u0142u\u017cb Ratunkowych<\/h3>\n<p>W mgnieniu oka na miejsce wezwano karetk\u0119 pogotowia oraz policj\u0119, kt\u00f3re natychmiast podj\u0119\u0142y dzia\u0142ania. Ratownicy przetransportowali poszkodowanego seniora do szpitala, gdzie otrzyma\u0142 niezb\u0119dn\u0105 pomoc medyczn\u0105. Zaskakuj\u0105ce okoliczno\u015bci zdarzenia \u2013 wywo\u0142ane przypadkowym udarem \u2013 pozwoli\u0142y ustali\u0107, \u017ce kolizja nie mia\u0142a charakteru wykroczenia drogowego. Kierowca, dzia\u0142aj\u0105c bezwiednie, nie zosta\u0142 ukarany mandatem, co podkre\u015bla, \u017ce ca\u0142e zdarzenie by\u0142o niefortunnym, lecz przypadkowym incydentem.<\/p>\n<h3>Spo\u0142eczno\u015b\u0107 w Szoku<\/h3>\n<p>Mieszka\u0144cy Ostrowa Wielkopolskiego s\u0105 w szoku, nie mog\u0105c uwierzy\u0107, \u017ce tak nag\u0142e zdarzenie mog\u0142o rozegra\u0107 si\u0119 na ich ulicach. Wielu z nich zastanawia si\u0119, czy tego typu incydent mo\u017ce by\u0107 zapowiedzi\u0105 wi\u0119kszych problem\u00f3w na drogach oraz czy starsi kierowcy powinni by\u0107 poddawani dodatkowym kontrolom zdrowotnym. W\u0142adze lokalne zapowiadaj\u0105 dok\u0142adne \u015bledztwo, kt\u00f3re ma wyja\u015bni\u0107 wszystkie okoliczno\u015bci tego nietypowego wypadku.<\/p>\n<p>Dramatyczna kolizja na ulicy Ok\u00f3lnej przypomina, jak kruche mo\u017ce by\u0107 \u017cycie, oraz \u017ce nawet w spokojnych okoliczno\u015bciach nag\u0142a tragedia mo\u017ce uderzy\u0107 niespodziewanie.<\/p>\n<p><img loading=\"lazy\" decoding=\"async\" src=\"https:\/\/ostrowskatv.pl\/wp-content\/uploads\/2025\/03\/1000151908.jpg\" alt=\"\" width=\"1920\" height=\"1142\" class=\"alignnone size-full wp-image-33639\" srcset=\"https:\/\/ostrowskatv.pl\/wp-content\/uploads\/2025\/03\/1000151908.jpg 1920w, https:\/\/ostrowskatv.pl\/wp-content\/uploads\/2025\/03\/1000151908-300x178.jpg 300w, https:\/\/ostrowskatv.pl\/wp-content\/uploads\/2025\/03\/1000151908-1333x793.jpg 1333w, https:\/\/ostrowskatv.pl\/wp-content\/uploads\/2025\/03\/1000151908-1536x914.jpg 1536w\" sizes=\"auto, (max-width: 1920px) 100vw, 1920px\" \/><\/p>\n","protected":false},"excerpt":{"rendered":"Dzi\u015b\u00a0 po godzinie 11:00 na ulicy Ok\u00f3lnej w Ostrowie Wielkopolskim dosz\u0142o do niebezpiecznej sytuacji. Wszystko zacz\u0119\u0142o si\u0119, gdy 82-letni kierowca jad\u0105cy swoim Nissanem \n<a class=\"moretag\" href=\"https:\/\/ostrowskatv.pl\/?p=33640\"> [...]<\/a>","protected":false},"author":1,"featured_media":33638,"comment_status":"open","ping_status":"closed","sticky":false,"template":"","format":"standard","meta":{"footnotes":""},"categories":[1],"tags":[48],"class_list":["post-33640","post","type-post","status-publish","format-standard","has-post-thumbnail","hentry","category-news","tag-kolizja"],"_links":{"self":[{"href":"https:\/\/ostrowskatv.pl\/index.php?rest_route=\/wp\/v2\/posts\/33640","targetHints":{"allow":["GET"]}}],"collection":[{"href":"https:\/\/ostrowskatv.pl\/index.php?rest_route=\/wp\/v2\/posts"}],"about":[{"href":"https:\/\/ostrowskatv.pl\/index.php?rest_route=\/wp\/v2\/types\/post"}],"author":[{"embeddable":true,"href":"https:\/\/ostrowskatv.pl\/index.php?rest_route=\/wp\/v2\/users\/1"}],"replies":[{"embeddable":true,"href":"https:\/\/ostrowskatv.pl\/index.php?rest_route=%2Fwp%2Fv2%2Fcomments&post=33640"}],"version-history":[{"count":1,"href":"https:\/\/ostrowskatv.pl\/index.php?rest_route=\/wp\/v2\/posts\/33640\/revisions"}],"predecessor-version":[{"id":33641,"href":"https:\/\/ostrowskatv.pl\/index.php?rest_route=\/wp\/v2\/posts\/33640\/revisions\/33641"}],"wp:featuredmedia":[{"embeddable":true,"href":"https:\/\/ostrowskatv.pl\/index.php?rest_route=\/wp\/v2\/media\/33638"}],"wp:attachment":[{"href":"https:\/\/ostrowskatv.pl\/index.php?rest_route=%2Fwp%2Fv2%2Fmedia&parent=33640"}],"wp:term":[{"taxonomy":"category","embeddable":true,"href":"https:\/\/ostrowskatv.pl\/index.php?rest_route=%2Fwp%2Fv2%2Fcategories&post=33640"},{"taxonomy":"post_tag","embeddable":true,"href":"https:\/\/ostrowskatv.pl\/index.php?rest_route=%2Fwp%2Fv2%2Ftags&post=33640"}],"curies":[{"name":"wp","href":"https:\/\/api.w.org\/{rel}","templated":true}]}}