{"id":3357,"date":"2017-03-12T14:29:03","date_gmt":"2017-03-12T13:29:03","guid":{"rendered":"http:\/\/ostrowska.tv\/?p=3357"},"modified":"2017-03-12T14:29:03","modified_gmt":"2017-03-12T13:29:03","slug":"pozar-budynku-gospodarczego-w-jankowie-przygodzkim","status":"publish","type":"post","link":"https:\/\/ostrowskatv.pl\/?p=3357","title":{"rendered":"Po\u017car budynku gospodarczego w Jankowie Przygodzkim"},"content":{"rendered":"<p><strong>W sobot\u0119 przed godzin\u0105 22:00 dosz\u0142o do po\u017caru budynku gospodarczego. Jeden z mieszka\u0144c\u00f3w Jankowa Przygodzkiego dostrzeg\u0142 ogie\u0144. Na miejsce wys\u0142ano jednostk\u0119 OSP Jank\u00f3w Przygodzki oraz dwa wozy ga\u015bnicze z Ostrowa Wlkp.<\/strong><\/p>\n<p>Jako pierwsi dojechali ochotnicy z niedalekiej remizy. Po rozwini\u0119ciu pierwszego w\u0119\u017ca, woda z niedu\u017cego samochodu ga\u015bniczego jakim dysponuje lokalna jednostka wystarczy\u0142a by ugasi\u0107 po\u017car w zarodku i by ten nie rozprzestrzenia\u0142 si\u0119 na dalsz\u0105 cz\u0119\u015b\u0107 budynku. Sp\u0142on\u0119\u0142a jedna ze \u015bcian i okno w obiekcie.<\/p>\n<p>Nieoficjaln\u0105 przyczyn\u0105 powstania po\u017caru jest zapr\u00f3szenie ognia.<\/p>\n<div id='gallery-1' class='gallery galleryid-3357 gallery-columns-3 gallery-size-thumbnail'><figure class='gallery-item'>\n\t\t\t<div class='gallery-icon landscape'>\n\t\t\t\t<a href='https:\/\/ostrowskatv.pl\/?attachment_id=3361'><img loading=\"lazy\" decoding=\"async\" width=\"150\" height=\"150\" src=\"https:\/\/ostrowskatv.pl\/wp-content\/uploads\/2017\/03\/20170311_220032-150x150.jpg\" class=\"attachment-thumbnail size-thumbnail\" alt=\"\" \/><\/a>\n\t\t\t<\/div><\/figure><figure class='gallery-item'>\n\t\t\t<div class='gallery-icon landscape'>\n\t\t\t\t<a href='https:\/\/ostrowskatv.pl\/?attachment_id=3360'><img loading=\"lazy\" decoding=\"async\" width=\"150\" height=\"150\" src=\"https:\/\/ostrowskatv.pl\/wp-content\/uploads\/2017\/03\/20170311_220228-150x150.jpg\" class=\"attachment-thumbnail size-thumbnail\" alt=\"\" \/><\/a>\n\t\t\t<\/div><\/figure><figure class='gallery-item'>\n\t\t\t<div class='gallery-icon landscape'>\n\t\t\t\t<a href='https:\/\/ostrowskatv.pl\/?attachment_id=3359'><img loading=\"lazy\" decoding=\"async\" width=\"150\" height=\"150\" src=\"https:\/\/ostrowskatv.pl\/wp-content\/uploads\/2017\/03\/20170311_220317-150x150.jpg\" class=\"attachment-thumbnail size-thumbnail\" alt=\"\" \/><\/a>\n\t\t\t<\/div><\/figure><figure class='gallery-item'>\n\t\t\t<div class='gallery-icon landscape'>\n\t\t\t\t<a href='https:\/\/ostrowskatv.pl\/?attachment_id=3358'><img loading=\"lazy\" decoding=\"async\" width=\"150\" height=\"150\" src=\"https:\/\/ostrowskatv.pl\/wp-content\/uploads\/2017\/03\/20170311_220435-150x150.jpg\" class=\"attachment-thumbnail size-thumbnail\" alt=\"\" \/><\/a>\n\t\t\t<\/div><\/figure>\n\t\t<\/div>\n\n","protected":false},"excerpt":{"rendered":"W sobot\u0119 przed godzin\u0105 22:00 dosz\u0142o do po\u017caru budynku gospodarczego. Jeden z mieszka\u0144c\u00f3w Jankowa Przygodzkiego dostrzeg\u0142 ogie\u0144. Na miejsce wys\u0142ano jednostk\u0119 OSP Jank\u00f3w \n<a class=\"moretag\" href=\"https:\/\/ostrowskatv.pl\/?p=3357\"> [...]<\/a>","protected":false},"author":1,"featured_media":3360,"comment_status":"open","ping_status":"open","sticky":false,"template":"","format":"standard","meta":{"footnotes":""},"categories":[1],"tags":[94],"class_list":["post-3357","post","type-post","status-publish","format-standard","has-post-thumbnail","hentry","category-news","tag-jankow-przygodzki"],"_links":{"self":[{"href":"https:\/\/ostrowskatv.pl\/index.php?rest_route=\/wp\/v2\/posts\/3357","targetHints":{"allow":["GET"]}}],"collection":[{"href":"https:\/\/ostrowskatv.pl\/index.php?rest_route=\/wp\/v2\/posts"}],"about":[{"href":"https:\/\/ostrowskatv.pl\/index.php?rest_route=\/wp\/v2\/types\/post"}],"author":[{"embeddable":true,"href":"https:\/\/ostrowskatv.pl\/index.php?rest_route=\/wp\/v2\/users\/1"}],"replies":[{"embeddable":true,"href":"https:\/\/ostrowskatv.pl\/index.php?rest_route=%2Fwp%2Fv2%2Fcomments&post=3357"}],"version-history":[{"count":0,"href":"https:\/\/ostrowskatv.pl\/index.php?rest_route=\/wp\/v2\/posts\/3357\/revisions"}],"wp:featuredmedia":[{"embeddable":true,"href":"https:\/\/ostrowskatv.pl\/index.php?rest_route=\/wp\/v2\/media\/3360"}],"wp:attachment":[{"href":"https:\/\/ostrowskatv.pl\/index.php?rest_route=%2Fwp%2Fv2%2Fmedia&parent=3357"}],"wp:term":[{"taxonomy":"category","embeddable":true,"href":"https:\/\/ostrowskatv.pl\/index.php?rest_route=%2Fwp%2Fv2%2Fcategories&post=3357"},{"taxonomy":"post_tag","embeddable":true,"href":"https:\/\/ostrowskatv.pl\/index.php?rest_route=%2Fwp%2Fv2%2Ftags&post=3357"}],"curies":[{"name":"wp","href":"https:\/\/api.w.org\/{rel}","templated":true}]}}