{"id":33558,"date":"2025-03-01T09:06:14","date_gmt":"2025-03-01T08:06:14","guid":{"rendered":"https:\/\/ostrowskatv.pl\/?p=33558"},"modified":"2025-03-01T09:06:14","modified_gmt":"2025-03-01T08:06:14","slug":"ale-patol-dantejskie-sceny-w-centrum-zdjecia","status":"publish","type":"post","link":"https:\/\/ostrowskatv.pl\/?p=33558","title":{"rendered":"Ale patol! Dantejskie sceny w centrum (ZDJ\u0118CIA)"},"content":{"rendered":"<h3>Ostrowski rynek i okolica o poranku zazwyczaj budzi si\u0119 do \u017cycia w spokojnym rytmie. Sklepy otwieraj\u0105 swoje podwoje, mieszka\u0144cy spiesz\u0105 do pracy, a miasto powoli wype\u0142nia si\u0119 codziennym gwarem. Jednak 1 marca ta rutyna zosta\u0142a brutalnie przerwana przez szale\u0144czy akt agresji, kt\u00f3ry wstrz\u0105sn\u0105\u0142 mieszka\u0144cami.<\/h3>\n<p><strong>Atak na zaparkowane auto<\/strong><\/p>\n<p>Oko\u0142o godziny 8:00 rano na ul. Raszkowskiej dosz\u0142o do scen rodem z thrillera. M\u0119\u017cczyzna uzbrojony w metalowy przedmiot, najprawdopodobniej \u0142om, postanowi\u0142 wy\u0142adowa\u0107 swoj\u0105 w\u015bciek\u0142o\u015b\u0107 na zaparkowanym przy ulicy samochodzie marki Opel. D\u017awi\u0119k t\u0142uczonego szk\u0142a rozchodzi\u0142 si\u0119 echem w\u015br\u00f3d okolicznych budynk\u00f3w, budz\u0105c przera\u017cenie w\u015br\u00f3d \u015bwiadk\u00f3w. Nikt nie mia\u0142 w\u0105tpliwo\u015bci \u2013 sprawca dzia\u0142a\u0142 z pe\u0142n\u0105 determinacj\u0105, a jego celem nie by\u0142a przypadkowa ofiara.<\/p>\n<p>Jak si\u0119 okaza\u0142o, mi\u0119dzy nim a w\u0142a\u015bcicielem pojazdu ju\u017c dzie\u0144 wcze\u015bniej dosz\u0142o do powa\u017cnej k\u0142\u00f3tni. By\u0107 mo\u017ce wtedy w m\u0119\u017cczy\u017anie narodzi\u0142a si\u0119 \u017c\u0105dza zemsty, kt\u00f3ra o poranku eksplodowa\u0142a w formie brutalnego aktu wandalizmu.<\/p>\n<p><strong>Policja na tropie agresora<\/strong><\/p>\n<p>Po wszystkim sprawca znikn\u0105\u0142 z miejsca zdarzenia, pozostawiaj\u0105c po sobie nie tylko zniszczony samoch\u00f3d, ale i atmosfer\u0119 strachu. Policja natychmiast rozpocz\u0119\u0142a dzia\u0142ania maj\u0105ce na celu jego zatrzymanie. Funkcjonariusze sprawdzaj\u0105 adresy, pod kt\u00f3rymi mo\u017ce przebywa\u0107, skupiaj\u0105c si\u0119 szczeg\u00f3lnie na kamienicy przy Raszkowskie, gdzie mo\u017ce mieszka\u0107.<\/p>\n<p>Osoba pokrzywdzona nie kryje swojego niepokoju. Jak m\u00f3wi, sprawca jest nieprzewidywalny i prawdopodobnie znajduje si\u0119 pod wp\u0142ywem \u015brodk\u00f3w odurzaj\u0105cych. To czyni go jeszcze bardziej niebezpiecznym.<\/p>\n<p>Czy policji uda si\u0119 szybko namierzy\u0107 agresora, zanim dojdzie do kolejnych atak\u00f3w? Mieszka\u0144cy Ostrowa Wielkopolskiego z niepokojem czekaj\u0105 na rozw\u00f3j wydarze\u0144, licz\u0105c na to, \u017ce sprawiedliwo\u015b\u0107 dosi\u0119gnie sprawc\u0119, zanim ponownie da upust swojej furii.<\/p>\n<p><img loading=\"lazy\" decoding=\"async\" src=\"https:\/\/ostrowskatv.pl\/wp-content\/uploads\/2025\/03\/1000150262.jpg\" alt=\"\" width=\"1920\" height=\"1217\" class=\"alignnone size-full wp-image-33559\" srcset=\"https:\/\/ostrowskatv.pl\/wp-content\/uploads\/2025\/03\/1000150262.jpg 1920w, https:\/\/ostrowskatv.pl\/wp-content\/uploads\/2025\/03\/1000150262-300x190.jpg 300w, https:\/\/ostrowskatv.pl\/wp-content\/uploads\/2025\/03\/1000150262-1333x845.jpg 1333w, https:\/\/ostrowskatv.pl\/wp-content\/uploads\/2025\/03\/1000150262-1536x974.jpg 1536w\" sizes=\"auto, (max-width: 1920px) 100vw, 1920px\" \/><\/p>\n<p><img loading=\"lazy\" decoding=\"async\" src=\"https:\/\/ostrowskatv.pl\/wp-content\/uploads\/2025\/03\/1000150263.jpg\" alt=\"\" width=\"1920\" height=\"1421\" class=\"alignnone size-full wp-image-33560\" srcset=\"https:\/\/ostrowskatv.pl\/wp-content\/uploads\/2025\/03\/1000150263.jpg 1920w, https:\/\/ostrowskatv.pl\/wp-content\/uploads\/2025\/03\/1000150263-300x222.jpg 300w, https:\/\/ostrowskatv.pl\/wp-content\/uploads\/2025\/03\/1000150263-1333x987.jpg 1333w, https:\/\/ostrowskatv.pl\/wp-content\/uploads\/2025\/03\/1000150263-1536x1137.jpg 1536w\" sizes=\"auto, (max-width: 1920px) 100vw, 1920px\" \/><\/p>\n<p><img loading=\"lazy\" decoding=\"async\" src=\"https:\/\/ostrowskatv.pl\/wp-content\/uploads\/2025\/03\/1000150264.jpg\" alt=\"\" width=\"1920\" height=\"1440\" class=\"alignnone size-full wp-image-33561\" srcset=\"https:\/\/ostrowskatv.pl\/wp-content\/uploads\/2025\/03\/1000150264.jpg 1920w, https:\/\/ostrowskatv.pl\/wp-content\/uploads\/2025\/03\/1000150264-300x225.jpg 300w, https:\/\/ostrowskatv.pl\/wp-content\/uploads\/2025\/03\/1000150264-1333x1000.jpg 1333w, https:\/\/ostrowskatv.pl\/wp-content\/uploads\/2025\/03\/1000150264-1536x1152.jpg 1536w\" sizes=\"auto, (max-width: 1920px) 100vw, 1920px\" \/><\/p>\n<p><img loading=\"lazy\" decoding=\"async\" src=\"https:\/\/ostrowskatv.pl\/wp-content\/uploads\/2025\/03\/1000150265.jpg\" alt=\"\" width=\"1920\" height=\"1440\" class=\"alignnone size-full wp-image-33562\" srcset=\"https:\/\/ostrowskatv.pl\/wp-content\/uploads\/2025\/03\/1000150265.jpg 1920w, https:\/\/ostrowskatv.pl\/wp-content\/uploads\/2025\/03\/1000150265-300x225.jpg 300w, https:\/\/ostrowskatv.pl\/wp-content\/uploads\/2025\/03\/1000150265-1333x1000.jpg 1333w, https:\/\/ostrowskatv.pl\/wp-content\/uploads\/2025\/03\/1000150265-1536x1152.jpg 1536w\" sizes=\"auto, (max-width: 1920px) 100vw, 1920px\" \/><\/p>\n","protected":false},"excerpt":{"rendered":"Ostrowski rynek i okolica o poranku zazwyczaj budzi si\u0119 do \u017cycia w spokojnym rytmie. Sklepy otwieraj\u0105 swoje podwoje, mieszka\u0144cy spiesz\u0105 do pracy, a \n<a class=\"moretag\" href=\"https:\/\/ostrowskatv.pl\/?p=33558\"> [...]<\/a>","protected":false},"author":1,"featured_media":33560,"comment_status":"open","ping_status":"closed","sticky":false,"template":"","format":"standard","meta":{"footnotes":""},"categories":[1],"tags":[2,222],"class_list":["post-33558","post","type-post","status-publish","format-standard","has-post-thumbnail","hentry","category-news","tag-ostrow-wielkopolski","tag-wandalizm"],"_links":{"self":[{"href":"https:\/\/ostrowskatv.pl\/index.php?rest_route=\/wp\/v2\/posts\/33558","targetHints":{"allow":["GET"]}}],"collection":[{"href":"https:\/\/ostrowskatv.pl\/index.php?rest_route=\/wp\/v2\/posts"}],"about":[{"href":"https:\/\/ostrowskatv.pl\/index.php?rest_route=\/wp\/v2\/types\/post"}],"author":[{"embeddable":true,"href":"https:\/\/ostrowskatv.pl\/index.php?rest_route=\/wp\/v2\/users\/1"}],"replies":[{"embeddable":true,"href":"https:\/\/ostrowskatv.pl\/index.php?rest_route=%2Fwp%2Fv2%2Fcomments&post=33558"}],"version-history":[{"count":1,"href":"https:\/\/ostrowskatv.pl\/index.php?rest_route=\/wp\/v2\/posts\/33558\/revisions"}],"predecessor-version":[{"id":33563,"href":"https:\/\/ostrowskatv.pl\/index.php?rest_route=\/wp\/v2\/posts\/33558\/revisions\/33563"}],"wp:featuredmedia":[{"embeddable":true,"href":"https:\/\/ostrowskatv.pl\/index.php?rest_route=\/wp\/v2\/media\/33560"}],"wp:attachment":[{"href":"https:\/\/ostrowskatv.pl\/index.php?rest_route=%2Fwp%2Fv2%2Fmedia&parent=33558"}],"wp:term":[{"taxonomy":"category","embeddable":true,"href":"https:\/\/ostrowskatv.pl\/index.php?rest_route=%2Fwp%2Fv2%2Fcategories&post=33558"},{"taxonomy":"post_tag","embeddable":true,"href":"https:\/\/ostrowskatv.pl\/index.php?rest_route=%2Fwp%2Fv2%2Ftags&post=33558"}],"curies":[{"name":"wp","href":"https:\/\/api.w.org\/{rel}","templated":true}]}}