{"id":33524,"date":"2025-02-23T21:33:31","date_gmt":"2025-02-23T20:33:31","guid":{"rendered":"https:\/\/ostrowskatv.pl\/?p=33524"},"modified":"2025-02-23T21:33:31","modified_gmt":"2025-02-23T20:33:31","slug":"zderzenie-przy-przepompowni-zdjecia","status":"publish","type":"post","link":"https:\/\/ostrowskatv.pl\/?p=33524","title":{"rendered":"Zderzenie przy Przepompowni (ZDJ\u0118CIA)"},"content":{"rendered":"<p><span style=\"font-size: 1rem;\"><b>W<\/b> <strong>niedziel\u0119, kwadrans po godzinie 20, na skrzy\u017cowaniu ulic Raszkowskiej i Dworcowej w Ostrowie Wielkopolskim dosz\u0142o do kolizji dw\u00f3ch pojazd\u00f3w. Wed\u0142ug wst\u0119pnych ustale\u0144, w zdarzeniu bra\u0142o udzia\u0142 m\u0142ode ma\u0142\u017ce\u0144stwo jad\u0105ce Renault Megane, kt\u00f3re nadje\u017cd\u017ca\u0142o od strony centrum miasta i planowa\u0142o skr\u0119ci\u0107 w lewo w Dworcow\u0105.<\/strong><\/span><\/p>\n<p>Okoliczno\u015bci wypadku wskazuj\u0105, \u017ce m\u0119\u017cczyzna kieruj\u0105cy Renault b\u0142\u0119dnie oceni\u0142 pr\u0119dko\u015b\u0107 Fiata Pandy nadje\u017cd\u017caj\u0105cego od strony wiaduktu krotoszy\u0144skiego. W wyniku tej pomy\u0142ki dosz\u0142o do zajechania drogi, co skutkowa\u0142o zderzeniem obu aut.<\/p>\n<p>Na miejsce wypadku niezw\u0142ocznie wezwano policj\u0119, a p\u00f3\u017aniej tak\u017ce stra\u017c po\u017carn\u0105. S\u0142u\u017cby musia\u0142y zmierzy\u0107 si\u0119 z problemem &#8222;szczepionych aut&#8221; \u2013 pojazd\u00f3w, kt\u00f3re by\u0142y na tyle mocno zablokowane, \u017ce ich samodzielne wyci\u0105gni\u0119cie okaza\u0142o si\u0119 niemo\u017cliwe. Dopiero zastosowanie wyci\u0105garek, do kt\u00f3rych zaczepiono oba auta, pozwoli\u0142o na ich uwolnienie i przywr\u00f3cenie p\u0142ynno\u015bci ruchu.<\/p>\n<p>Na szcz\u0119\u015bcie nikt nie ucierpia\u0142. Wst\u0119pne ustalenia sugeruj\u0105, \u017ce g\u0142\u00f3wn\u0105 przyczyn\u0105 zdarzenia by\u0142 b\u0142\u0105d w ocenie pr\u0119dko\u015bci, co przypomina o konieczno\u015bci zachowania szczeg\u00f3lnej ostro\u017cno\u015bci na drodze, zw\u0142aszcza przy wykonywaniu manewr\u00f3w skr\u0119tu.<\/p>\n<p>Policja apeluje do kierowc\u00f3w o dok\u0142adn\u0105 ocen\u0119 sytuacji na drodze oraz przestrzeganie zasad bezpiecze\u0144stwa, aby unikn\u0105\u0107 podobnych incydent\u00f3w w przysz\u0142o\u015bci.<\/p>\n<p><img loading=\"lazy\" decoding=\"async\" class=\"alignnone size-full wp-image-33525\" src=\"https:\/\/ostrowskatv.pl\/wp-content\/uploads\/2025\/02\/1000147555.jpg\" alt=\"\" width=\"1920\" height=\"907\" srcset=\"https:\/\/ostrowskatv.pl\/wp-content\/uploads\/2025\/02\/1000147555.jpg 1920w, https:\/\/ostrowskatv.pl\/wp-content\/uploads\/2025\/02\/1000147555-300x142.jpg 300w, https:\/\/ostrowskatv.pl\/wp-content\/uploads\/2025\/02\/1000147555-1333x630.jpg 1333w, https:\/\/ostrowskatv.pl\/wp-content\/uploads\/2025\/02\/1000147555-1536x726.jpg 1536w\" sizes=\"auto, (max-width: 1920px) 100vw, 1920px\" \/><\/p>\n<p><img loading=\"lazy\" decoding=\"async\" class=\"alignnone size-full wp-image-33526\" src=\"https:\/\/ostrowskatv.pl\/wp-content\/uploads\/2025\/02\/1000147558.jpg\" alt=\"\" width=\"1920\" height=\"854\" srcset=\"https:\/\/ostrowskatv.pl\/wp-content\/uploads\/2025\/02\/1000147558.jpg 1920w, https:\/\/ostrowskatv.pl\/wp-content\/uploads\/2025\/02\/1000147558-300x133.jpg 300w, https:\/\/ostrowskatv.pl\/wp-content\/uploads\/2025\/02\/1000147558-1333x593.jpg 1333w, https:\/\/ostrowskatv.pl\/wp-content\/uploads\/2025\/02\/1000147558-1536x683.jpg 1536w\" sizes=\"auto, (max-width: 1920px) 100vw, 1920px\" \/><\/p>\n<p><img loading=\"lazy\" decoding=\"async\" class=\"alignnone size-full wp-image-33527\" src=\"https:\/\/ostrowskatv.pl\/wp-content\/uploads\/2025\/02\/1000147561.jpg\" alt=\"\" width=\"1920\" height=\"1081\" srcset=\"https:\/\/ostrowskatv.pl\/wp-content\/uploads\/2025\/02\/1000147561.jpg 1920w, https:\/\/ostrowskatv.pl\/wp-content\/uploads\/2025\/02\/1000147561-300x169.jpg 300w, https:\/\/ostrowskatv.pl\/wp-content\/uploads\/2025\/02\/1000147561-1333x751.jpg 1333w, https:\/\/ostrowskatv.pl\/wp-content\/uploads\/2025\/02\/1000147561-1536x865.jpg 1536w\" sizes=\"auto, (max-width: 1920px) 100vw, 1920px\" \/><\/p>\n<p><img loading=\"lazy\" decoding=\"async\" class=\"alignnone size-full wp-image-33528\" src=\"https:\/\/ostrowskatv.pl\/wp-content\/uploads\/2025\/02\/1000147572.jpg\" alt=\"\" width=\"1081\" height=\"1920\" srcset=\"https:\/\/ostrowskatv.pl\/wp-content\/uploads\/2025\/02\/1000147572.jpg 1081w, https:\/\/ostrowskatv.pl\/wp-content\/uploads\/2025\/02\/1000147572-169x300.jpg 169w, https:\/\/ostrowskatv.pl\/wp-content\/uploads\/2025\/02\/1000147572-751x1333.jpg 751w, https:\/\/ostrowskatv.pl\/wp-content\/uploads\/2025\/02\/1000147572-865x1536.jpg 865w\" sizes=\"auto, (max-width: 1081px) 100vw, 1081px\" \/><\/p>\n<p><img loading=\"lazy\" decoding=\"async\" class=\"alignnone size-full wp-image-33529\" src=\"https:\/\/ostrowskatv.pl\/wp-content\/uploads\/2025\/02\/1000147576.jpg\" alt=\"\" width=\"1920\" height=\"1081\" srcset=\"https:\/\/ostrowskatv.pl\/wp-content\/uploads\/2025\/02\/1000147576.jpg 1920w, https:\/\/ostrowskatv.pl\/wp-content\/uploads\/2025\/02\/1000147576-300x169.jpg 300w, https:\/\/ostrowskatv.pl\/wp-content\/uploads\/2025\/02\/1000147576-1333x751.jpg 1333w, https:\/\/ostrowskatv.pl\/wp-content\/uploads\/2025\/02\/1000147576-1536x865.jpg 1536w\" sizes=\"auto, (max-width: 1920px) 100vw, 1920px\" \/><\/p>\n<p><img loading=\"lazy\" decoding=\"async\" class=\"alignnone size-full wp-image-33530\" src=\"https:\/\/ostrowskatv.pl\/wp-content\/uploads\/2025\/02\/1000147588.jpg\" alt=\"\" width=\"1920\" height=\"1081\" srcset=\"https:\/\/ostrowskatv.pl\/wp-content\/uploads\/2025\/02\/1000147588.jpg 1920w, https:\/\/ostrowskatv.pl\/wp-content\/uploads\/2025\/02\/1000147588-300x169.jpg 300w, https:\/\/ostrowskatv.pl\/wp-content\/uploads\/2025\/02\/1000147588-1333x751.jpg 1333w, https:\/\/ostrowskatv.pl\/wp-content\/uploads\/2025\/02\/1000147588-1536x865.jpg 1536w\" sizes=\"auto, (max-width: 1920px) 100vw, 1920px\" \/><\/p>\n<p><img loading=\"lazy\" decoding=\"async\" class=\"alignnone size-full wp-image-33531\" src=\"https:\/\/ostrowskatv.pl\/wp-content\/uploads\/2025\/02\/1000147589.jpg\" alt=\"\" width=\"1920\" height=\"1239\" srcset=\"https:\/\/ostrowskatv.pl\/wp-content\/uploads\/2025\/02\/1000147589.jpg 1920w, https:\/\/ostrowskatv.pl\/wp-content\/uploads\/2025\/02\/1000147589-300x194.jpg 300w, https:\/\/ostrowskatv.pl\/wp-content\/uploads\/2025\/02\/1000147589-1333x860.jpg 1333w, https:\/\/ostrowskatv.pl\/wp-content\/uploads\/2025\/02\/1000147589-1536x991.jpg 1536w\" sizes=\"auto, (max-width: 1920px) 100vw, 1920px\" \/><\/p>\n","protected":false},"excerpt":{"rendered":"W niedziel\u0119, kwadrans po godzinie 20, na skrzy\u017cowaniu ulic Raszkowskiej i Dworcowej w Ostrowie Wielkopolskim dosz\u0142o do kolizji dw\u00f3ch pojazd\u00f3w. Wed\u0142ug wst\u0119pnych ustale\u0144, \n<a class=\"moretag\" href=\"https:\/\/ostrowskatv.pl\/?p=33524\"> [...]<\/a>","protected":false},"author":1,"featured_media":33529,"comment_status":"open","ping_status":"closed","sticky":false,"template":"","format":"standard","meta":{"footnotes":""},"categories":[1],"tags":[48],"class_list":["post-33524","post","type-post","status-publish","format-standard","has-post-thumbnail","hentry","category-news","tag-kolizja"],"_links":{"self":[{"href":"https:\/\/ostrowskatv.pl\/index.php?rest_route=\/wp\/v2\/posts\/33524","targetHints":{"allow":["GET"]}}],"collection":[{"href":"https:\/\/ostrowskatv.pl\/index.php?rest_route=\/wp\/v2\/posts"}],"about":[{"href":"https:\/\/ostrowskatv.pl\/index.php?rest_route=\/wp\/v2\/types\/post"}],"author":[{"embeddable":true,"href":"https:\/\/ostrowskatv.pl\/index.php?rest_route=\/wp\/v2\/users\/1"}],"replies":[{"embeddable":true,"href":"https:\/\/ostrowskatv.pl\/index.php?rest_route=%2Fwp%2Fv2%2Fcomments&post=33524"}],"version-history":[{"count":2,"href":"https:\/\/ostrowskatv.pl\/index.php?rest_route=\/wp\/v2\/posts\/33524\/revisions"}],"predecessor-version":[{"id":33533,"href":"https:\/\/ostrowskatv.pl\/index.php?rest_route=\/wp\/v2\/posts\/33524\/revisions\/33533"}],"wp:featuredmedia":[{"embeddable":true,"href":"https:\/\/ostrowskatv.pl\/index.php?rest_route=\/wp\/v2\/media\/33529"}],"wp:attachment":[{"href":"https:\/\/ostrowskatv.pl\/index.php?rest_route=%2Fwp%2Fv2%2Fmedia&parent=33524"}],"wp:term":[{"taxonomy":"category","embeddable":true,"href":"https:\/\/ostrowskatv.pl\/index.php?rest_route=%2Fwp%2Fv2%2Fcategories&post=33524"},{"taxonomy":"post_tag","embeddable":true,"href":"https:\/\/ostrowskatv.pl\/index.php?rest_route=%2Fwp%2Fv2%2Ftags&post=33524"}],"curies":[{"name":"wp","href":"https:\/\/api.w.org\/{rel}","templated":true}]}}