{"id":33505,"date":"2025-02-23T18:37:09","date_gmt":"2025-02-23T17:37:09","guid":{"rendered":"https:\/\/ostrowskatv.pl\/?p=33505"},"modified":"2025-02-23T18:37:09","modified_gmt":"2025-02-23T17:37:09","slug":"grzegorz-braun-w-ostrowie-gasnice-poszly-w-ruch","status":"publish","type":"post","link":"https:\/\/ostrowskatv.pl\/?p=33505","title":{"rendered":"Grzegorz Braun w Ostrowie &#8211; ga\u015bnice posz\u0142y w ruch"},"content":{"rendered":"<p><strong>Dzisiaj Ostr\u00f3w Wielkopolski by\u0142 aren\u0105 kolejnego wyst\u0105pienia kandydata na urz\u0105d Prezydenta RP, Grzegorza Brauna. Kandydat, kt\u00f3rego medialny wizerunek budzi skrajne emocje, nie szcz\u0119dzi\u0142 swoich pogl\u0105d\u00f3w i manifestacji, prezentuj\u0105c program, w kt\u00f3rym Polska oraz jej suwerenno\u015b\u0107 stoj\u0105 na pierwszym miejscu.<\/strong><\/p>\n<p><img loading=\"lazy\" decoding=\"async\" src=\"https:\/\/ostrowskatv.pl\/wp-content\/uploads\/2025\/02\/1000147455.jpg\" alt=\"\" width=\"1920\" height=\"1081\" class=\"alignnone size-full wp-image-33506\" srcset=\"https:\/\/ostrowskatv.pl\/wp-content\/uploads\/2025\/02\/1000147455.jpg 1920w, https:\/\/ostrowskatv.pl\/wp-content\/uploads\/2025\/02\/1000147455-300x169.jpg 300w, https:\/\/ostrowskatv.pl\/wp-content\/uploads\/2025\/02\/1000147455-1333x751.jpg 1333w, https:\/\/ostrowskatv.pl\/wp-content\/uploads\/2025\/02\/1000147455-1536x865.jpg 1536w\" sizes=\"auto, (max-width: 1920px) 100vw, 1920px\" \/><\/p>\n<p><img loading=\"lazy\" decoding=\"async\" src=\"https:\/\/ostrowskatv.pl\/wp-content\/uploads\/2025\/02\/1000147456.jpg\" alt=\"\" width=\"1920\" height=\"891\" class=\"alignnone size-full wp-image-33507\" srcset=\"https:\/\/ostrowskatv.pl\/wp-content\/uploads\/2025\/02\/1000147456.jpg 1920w, https:\/\/ostrowskatv.pl\/wp-content\/uploads\/2025\/02\/1000147456-300x139.jpg 300w, https:\/\/ostrowskatv.pl\/wp-content\/uploads\/2025\/02\/1000147456-1333x619.jpg 1333w, https:\/\/ostrowskatv.pl\/wp-content\/uploads\/2025\/02\/1000147456-1536x713.jpg 1536w\" sizes=\"auto, (max-width: 1920px) 100vw, 1920px\" \/><\/p>\n<p><img loading=\"lazy\" decoding=\"async\" src=\"https:\/\/ostrowskatv.pl\/wp-content\/uploads\/2025\/02\/1000147459.jpg\" alt=\"\" width=\"1920\" height=\"1081\" class=\"alignnone size-full wp-image-33508\" srcset=\"https:\/\/ostrowskatv.pl\/wp-content\/uploads\/2025\/02\/1000147459.jpg 1920w, https:\/\/ostrowskatv.pl\/wp-content\/uploads\/2025\/02\/1000147459-300x169.jpg 300w, https:\/\/ostrowskatv.pl\/wp-content\/uploads\/2025\/02\/1000147459-1333x751.jpg 1333w, https:\/\/ostrowskatv.pl\/wp-content\/uploads\/2025\/02\/1000147459-1536x865.jpg 1536w\" sizes=\"auto, (max-width: 1920px) 100vw, 1920px\" \/><\/p>\n<p><img loading=\"lazy\" decoding=\"async\" src=\"https:\/\/ostrowskatv.pl\/wp-content\/uploads\/2025\/02\/1000147460.jpg\" alt=\"\" width=\"1920\" height=\"982\" class=\"alignnone size-full wp-image-33509\" srcset=\"https:\/\/ostrowskatv.pl\/wp-content\/uploads\/2025\/02\/1000147460.jpg 1920w, https:\/\/ostrowskatv.pl\/wp-content\/uploads\/2025\/02\/1000147460-300x153.jpg 300w, https:\/\/ostrowskatv.pl\/wp-content\/uploads\/2025\/02\/1000147460-1333x682.jpg 1333w, https:\/\/ostrowskatv.pl\/wp-content\/uploads\/2025\/02\/1000147460-1536x786.jpg 1536w\" sizes=\"auto, (max-width: 1920px) 100vw, 1920px\" \/><\/p>\n<p><img loading=\"lazy\" decoding=\"async\" src=\"https:\/\/ostrowskatv.pl\/wp-content\/uploads\/2025\/02\/1000147461.jpg\" alt=\"\" width=\"1920\" height=\"1081\" class=\"alignnone size-full wp-image-33510\" srcset=\"https:\/\/ostrowskatv.pl\/wp-content\/uploads\/2025\/02\/1000147461.jpg 1920w, https:\/\/ostrowskatv.pl\/wp-content\/uploads\/2025\/02\/1000147461-300x169.jpg 300w, https:\/\/ostrowskatv.pl\/wp-content\/uploads\/2025\/02\/1000147461-1333x751.jpg 1333w, https:\/\/ostrowskatv.pl\/wp-content\/uploads\/2025\/02\/1000147461-1536x865.jpg 1536w\" sizes=\"auto, (max-width: 1920px) 100vw, 1920px\" \/><\/p>\n<p><img loading=\"lazy\" decoding=\"async\" src=\"https:\/\/ostrowskatv.pl\/wp-content\/uploads\/2025\/02\/1000147462.jpg\" alt=\"\" width=\"1920\" height=\"1081\" class=\"alignnone size-full wp-image-33511\" srcset=\"https:\/\/ostrowskatv.pl\/wp-content\/uploads\/2025\/02\/1000147462.jpg 1920w, https:\/\/ostrowskatv.pl\/wp-content\/uploads\/2025\/02\/1000147462-300x169.jpg 300w, https:\/\/ostrowskatv.pl\/wp-content\/uploads\/2025\/02\/1000147462-1333x751.jpg 1333w, https:\/\/ostrowskatv.pl\/wp-content\/uploads\/2025\/02\/1000147462-1536x865.jpg 1536w\" sizes=\"auto, (max-width: 1920px) 100vw, 1920px\" \/><\/p>\n<p><img loading=\"lazy\" decoding=\"async\" src=\"https:\/\/ostrowskatv.pl\/wp-content\/uploads\/2025\/02\/1000147463.jpg\" alt=\"\" width=\"1920\" height=\"1081\" class=\"alignnone size-full wp-image-33512\" srcset=\"https:\/\/ostrowskatv.pl\/wp-content\/uploads\/2025\/02\/1000147463.jpg 1920w, https:\/\/ostrowskatv.pl\/wp-content\/uploads\/2025\/02\/1000147463-300x169.jpg 300w, https:\/\/ostrowskatv.pl\/wp-content\/uploads\/2025\/02\/1000147463-1333x751.jpg 1333w, https:\/\/ostrowskatv.pl\/wp-content\/uploads\/2025\/02\/1000147463-1536x865.jpg 1536w\" sizes=\"auto, (max-width: 1920px) 100vw, 1920px\" \/><\/p>\n<p><img loading=\"lazy\" decoding=\"async\" src=\"https:\/\/ostrowskatv.pl\/wp-content\/uploads\/2025\/02\/1000147464.jpg\" alt=\"\" width=\"1920\" height=\"1081\" class=\"alignnone size-full wp-image-33513\" srcset=\"https:\/\/ostrowskatv.pl\/wp-content\/uploads\/2025\/02\/1000147464.jpg 1920w, https:\/\/ostrowskatv.pl\/wp-content\/uploads\/2025\/02\/1000147464-300x169.jpg 300w, https:\/\/ostrowskatv.pl\/wp-content\/uploads\/2025\/02\/1000147464-1333x751.jpg 1333w, https:\/\/ostrowskatv.pl\/wp-content\/uploads\/2025\/02\/1000147464-1536x865.jpg 1536w\" sizes=\"auto, (max-width: 1920px) 100vw, 1920px\" \/><\/p>\n<p><img loading=\"lazy\" decoding=\"async\" src=\"https:\/\/ostrowskatv.pl\/wp-content\/uploads\/2025\/02\/1000147466.jpg\" alt=\"\" width=\"1920\" height=\"1081\" class=\"alignnone size-full wp-image-33514\" srcset=\"https:\/\/ostrowskatv.pl\/wp-content\/uploads\/2025\/02\/1000147466.jpg 1920w, https:\/\/ostrowskatv.pl\/wp-content\/uploads\/2025\/02\/1000147466-300x169.jpg 300w, https:\/\/ostrowskatv.pl\/wp-content\/uploads\/2025\/02\/1000147466-1333x751.jpg 1333w, https:\/\/ostrowskatv.pl\/wp-content\/uploads\/2025\/02\/1000147466-1536x865.jpg 1536w\" sizes=\"auto, (max-width: 1920px) 100vw, 1920px\" \/><\/p>\n<p><img loading=\"lazy\" decoding=\"async\" src=\"https:\/\/ostrowskatv.pl\/wp-content\/uploads\/2025\/02\/1000147467.jpg\" alt=\"\" width=\"1920\" height=\"1081\" class=\"alignnone size-full wp-image-33515\" srcset=\"https:\/\/ostrowskatv.pl\/wp-content\/uploads\/2025\/02\/1000147467.jpg 1920w, https:\/\/ostrowskatv.pl\/wp-content\/uploads\/2025\/02\/1000147467-300x169.jpg 300w, https:\/\/ostrowskatv.pl\/wp-content\/uploads\/2025\/02\/1000147467-1333x751.jpg 1333w, https:\/\/ostrowskatv.pl\/wp-content\/uploads\/2025\/02\/1000147467-1536x865.jpg 1536w\" sizes=\"auto, (max-width: 1920px) 100vw, 1920px\" \/><\/p>\n<p><img loading=\"lazy\" decoding=\"async\" src=\"https:\/\/ostrowskatv.pl\/wp-content\/uploads\/2025\/02\/1000147468.jpg\" alt=\"\" width=\"1920\" height=\"1081\" class=\"alignnone size-full wp-image-33516\" srcset=\"https:\/\/ostrowskatv.pl\/wp-content\/uploads\/2025\/02\/1000147468.jpg 1920w, https:\/\/ostrowskatv.pl\/wp-content\/uploads\/2025\/02\/1000147468-300x169.jpg 300w, https:\/\/ostrowskatv.pl\/wp-content\/uploads\/2025\/02\/1000147468-1333x751.jpg 1333w, https:\/\/ostrowskatv.pl\/wp-content\/uploads\/2025\/02\/1000147468-1536x865.jpg 1536w\" sizes=\"auto, (max-width: 1920px) 100vw, 1920px\" \/><\/p>\n<p><img loading=\"lazy\" decoding=\"async\" src=\"https:\/\/ostrowskatv.pl\/wp-content\/uploads\/2025\/02\/1000147493.jpg\" alt=\"\" width=\"1920\" height=\"1081\" class=\"alignnone size-full wp-image-33517\" srcset=\"https:\/\/ostrowskatv.pl\/wp-content\/uploads\/2025\/02\/1000147493.jpg 1920w, https:\/\/ostrowskatv.pl\/wp-content\/uploads\/2025\/02\/1000147493-300x169.jpg 300w, https:\/\/ostrowskatv.pl\/wp-content\/uploads\/2025\/02\/1000147493-1333x751.jpg 1333w, https:\/\/ostrowskatv.pl\/wp-content\/uploads\/2025\/02\/1000147493-1536x865.jpg 1536w\" sizes=\"auto, (max-width: 1920px) 100vw, 1920px\" \/><\/p>\n<p><img loading=\"lazy\" decoding=\"async\" src=\"https:\/\/ostrowskatv.pl\/wp-content\/uploads\/2025\/02\/1000147494.jpg\" alt=\"\" width=\"1258\" height=\"1920\" class=\"alignnone size-full wp-image-33518\" srcset=\"https:\/\/ostrowskatv.pl\/wp-content\/uploads\/2025\/02\/1000147494.jpg 1258w, https:\/\/ostrowskatv.pl\/wp-content\/uploads\/2025\/02\/1000147494-197x300.jpg 197w, https:\/\/ostrowskatv.pl\/wp-content\/uploads\/2025\/02\/1000147494-873x1333.jpg 873w, https:\/\/ostrowskatv.pl\/wp-content\/uploads\/2025\/02\/1000147494-1006x1536.jpg 1006w\" sizes=\"auto, (max-width: 1258px) 100vw, 1258px\" \/><\/p>\n<p><img loading=\"lazy\" decoding=\"async\" src=\"https:\/\/ostrowskatv.pl\/wp-content\/uploads\/2025\/02\/1000147495.jpg\" alt=\"\" width=\"1920\" height=\"1081\" class=\"alignnone size-full wp-image-33519\" srcset=\"https:\/\/ostrowskatv.pl\/wp-content\/uploads\/2025\/02\/1000147495.jpg 1920w, https:\/\/ostrowskatv.pl\/wp-content\/uploads\/2025\/02\/1000147495-300x169.jpg 300w, https:\/\/ostrowskatv.pl\/wp-content\/uploads\/2025\/02\/1000147495-1333x751.jpg 1333w, https:\/\/ostrowskatv.pl\/wp-content\/uploads\/2025\/02\/1000147495-1536x865.jpg 1536w\" sizes=\"auto, (max-width: 1920px) 100vw, 1920px\" \/><\/p>\n<p><img loading=\"lazy\" decoding=\"async\" src=\"https:\/\/ostrowskatv.pl\/wp-content\/uploads\/2025\/02\/1000147513.jpg\" alt=\"\" width=\"1920\" height=\"1081\" class=\"alignnone size-full wp-image-33520\" srcset=\"https:\/\/ostrowskatv.pl\/wp-content\/uploads\/2025\/02\/1000147513.jpg 1920w, https:\/\/ostrowskatv.pl\/wp-content\/uploads\/2025\/02\/1000147513-300x169.jpg 300w, https:\/\/ostrowskatv.pl\/wp-content\/uploads\/2025\/02\/1000147513-1333x751.jpg 1333w, https:\/\/ostrowskatv.pl\/wp-content\/uploads\/2025\/02\/1000147513-1536x865.jpg 1536w\" sizes=\"auto, (max-width: 1920px) 100vw, 1920px\" \/><\/p>\n<p><img loading=\"lazy\" decoding=\"async\" src=\"https:\/\/ostrowskatv.pl\/wp-content\/uploads\/2025\/02\/1000147515.jpg\" alt=\"\" width=\"1920\" height=\"1081\" class=\"alignnone size-full wp-image-33521\" srcset=\"https:\/\/ostrowskatv.pl\/wp-content\/uploads\/2025\/02\/1000147515.jpg 1920w, https:\/\/ostrowskatv.pl\/wp-content\/uploads\/2025\/02\/1000147515-300x169.jpg 300w, https:\/\/ostrowskatv.pl\/wp-content\/uploads\/2025\/02\/1000147515-1333x751.jpg 1333w, https:\/\/ostrowskatv.pl\/wp-content\/uploads\/2025\/02\/1000147515-1536x865.jpg 1536w\" sizes=\"auto, (max-width: 1920px) 100vw, 1920px\" \/><\/p>\n<p><img loading=\"lazy\" decoding=\"async\" src=\"https:\/\/ostrowskatv.pl\/wp-content\/uploads\/2025\/02\/1000147516.jpg\" alt=\"\" width=\"1920\" height=\"1081\" class=\"alignnone size-full wp-image-33522\" srcset=\"https:\/\/ostrowskatv.pl\/wp-content\/uploads\/2025\/02\/1000147516.jpg 1920w, https:\/\/ostrowskatv.pl\/wp-content\/uploads\/2025\/02\/1000147516-300x169.jpg 300w, https:\/\/ostrowskatv.pl\/wp-content\/uploads\/2025\/02\/1000147516-1333x751.jpg 1333w, https:\/\/ostrowskatv.pl\/wp-content\/uploads\/2025\/02\/1000147516-1536x865.jpg 1536w\" sizes=\"auto, (max-width: 1920px) 100vw, 1920px\" \/><\/p>\n<p><span style=\"font-size: 1rem;\">Spotkanie odby\u0142o si\u0119 w jednej z sal N-klubu w Ostrowie Wielkopolskim, a frekwencja przeros\u0142a wszelkie oczekiwania. By\u0142y europosel Witold Tomczak podzi\u0119kowa\u0142 dyrektorowi za \u017cyczliwo\u015b\u0107 i mo\u017cliwo\u015b\u0107 zorganizowania wydarzenia. Jedna z os\u00f3b zawodowo obecnych na spotkaniu by\u0142a zaskoczona \u2013 spodziewa\u0142a si\u0119 jedynie dw\u00f3ch uczestnik\u00f3w, a sala by\u0142a tak zat\u0142oczona, \u017ce cz\u0119\u015b\u0107 publiczno\u015bci musia\u0142a s\u0142ucha\u0107 wyst\u0105pie\u0144, stoj\u0105c na korytarzu. Po zako\u0144czeniu spotkania Braun uda\u0142 si\u0119 na kolejne wydarzenie do Krotoszyna. Natomiast rano spotka\u0142 si\u0119 z kaliszanami.<\/span><\/p>\n<p><strong>Kontrowersyjne Epizody w Przesz\u0142o\u015bci<\/strong><\/p>\n<p>Grzegorz Braun jest powszechnie kojarzony z kontrowersyjnymi zachowaniami. Jednym z najbardziej pami\u0119tnych incydent\u00f3w by\u0142a sytuacja, kiedy kandydat u\u017cy\u0142 ga\u015bnicy w Sejmie do gaszenia \u015bwiec chanukowych. Warto przy tym podkre\u015bli\u0107, \u017ce dla wielu Polak\u00f3w do tamtego momentu obchody Chanuki \u2013 \u017cydowskiego \u015bwi\u0119ta \u2013 by\u0142y niemal nieznane, co dodatkowo wywo\u0142a\u0142o fal\u0119 dyskusji na temat braku obchodzenia tradycji chrze\u015bcija\u0144skich i tego jak\u0105 rol\u0119 we w\u0142adzach polskich stanowi spo\u0142eczno\u015b\u0107 \u017cydowska.<\/p>\n<p><iframe loading=\"lazy\" title=\"Grzegorz Braun odpali\u0142 ga\u015bnice w Sejmie. #gasnica #braun #konfederacja\" width=\"747\" height=\"420\" src=\"https:\/\/www.youtube.com\/embed\/teoa1TBKa3Q?feature=oembed\" frameborder=\"0\" allow=\"accelerometer; autoplay; clipboard-write; encrypted-media; gyroscope; picture-in-picture; web-share\" referrerpolicy=\"strict-origin-when-cross-origin\" allowfullscreen><\/iframe><\/p>\n<p>https:\/\/youtube.com\/shorts\/A2NFS6snnaM?si=ndhFYUdYen82L1Cu<\/p>\n<p>Kolejnym g\u0142o\u015bnym epizodem by\u0142a sytuacja w niemieckim instytucie historycznym w Warszawie. Po wypowiedziach profesora Jana Grabowskiego, kt\u00f3ry w d\u0142ugiej tyrradzie nazwa\u0142 \u017co\u0142nierzy Narodowych Si\u0142 Zbrojnych i \u017bo\u0142nierzy Wykl\u0119tych \u201emordercami \u017byd\u00f3w\u201d oraz opowiedzia\u0142 o swoim udziale w instruowaniu ameryka\u0144skich partii politycznych, Braun postanowi\u0142 wyrazi\u0107 sw\u00f3j sprzeciw w bardzo dosadny spos\u00f3b \u2013 wyrwa\u0142 mikrofon i pr\u00f3bowa\u0142 go uszkodzi\u0107.<\/p>\n<p><iframe loading=\"lazy\" title=\"Grzegorz Braun NISZCZY mikrofon, PRZEWRACA kolumny i wrzeszczy WON Z POLSKI!\" width=\"747\" height=\"420\" src=\"https:\/\/www.youtube.com\/embed\/uM0DfXiIT6k?feature=oembed\" frameborder=\"0\" allow=\"accelerometer; autoplay; clipboard-write; encrypted-media; gyroscope; picture-in-picture; web-share\" referrerpolicy=\"strict-origin-when-cross-origin\" allowfullscreen><\/iframe><\/p>\n<p><strong>Przekaz i wsparcie Sympatyk\u00f3w<\/strong><\/p>\n<p>Pomimo licznych kontrowersji, zwolennicy Brauna ceni\u0105 go przede wszystkim za wyrazisty przekaz i niezachwian\u0105 postaw\u0119 w obronie polskich warto\u015bci. Kandydat wielokrotnie podkre\u015bla, \u017ce jego pogl\u0105dy s\u0105 ignorowane przez og\u00f3lnopolskie media. Wyj\u0105tkiem by\u0142a sytuacja, kiedy redaktor z Polskiego Radia Szczecin zdecydowa\u0142 si\u0119 na odmienne podej\u015bcie, co zosta\u0142o uwiecznione na wideo i zyska\u0142o uznanie cz\u0119\u015bci publiczno\u015bci.<\/p>\n<p><iframe loading=\"lazy\" title=\"Rozmowa pod krawatem - Grzegorz Braun\" width=\"747\" height=\"420\" src=\"https:\/\/www.youtube.com\/embed\/dVog3Lakhpk?feature=oembed\" frameborder=\"0\" allow=\"accelerometer; autoplay; clipboard-write; encrypted-media; gyroscope; picture-in-picture; web-share\" referrerpolicy=\"strict-origin-when-cross-origin\" allowfullscreen><\/iframe><\/p>\n<p><strong>Koncepcja Sprawowania W\u0142adzy<\/strong><\/p>\n<p>Podczas spotkania w Ostrowie Wielkopolskim zadano Braunowi pytania dotycz\u0105ce r\u00f3\u017cnych wariant\u00f3w sprawowania w\u0142adzy. Kandydat jasno zaznaczy\u0142, \u017ce w jego wizji Polski kluczow\u0105 rol\u0119 odgrywa decentralizacja w\u0142adzy. Postuluje przekazanie wi\u0119kszych uprawnie\u0144 samorz\u0105dom, co mia\u0142oby ograniczy\u0107 potrzeb\u0119 centralnej dystrybucji \u015brodk\u00f3w \u2013 w tym tak\u017ce znakowanych pieni\u0119dzy, pochodz\u0105cych na przyk\u0142ad z funduszy Unii Europejskiej.<\/p>\n<p><strong>Gesty Symboliczne<\/strong><\/p>\n<p>Na zako\u0144czenie spotkania Braun po\u015bwi\u0119ci\u0142 czas na sk\u0142adanie autograf\u00f3w. W\u015br\u00f3d licznych pami\u0105tek cz\u0119\u015b\u0107 z nich zosta\u0142a z\u0142o\u017cona na przyniesionych ga\u015bnicach \u2013 symboliczny gest nawi\u0105zuj\u0105cy do jednego z jego najbardziej znanych incydent\u00f3w. Tego typu dzia\u0142ania, cho\u0107 budz\u0105 mieszane uczucia, stanowi\u0105 integraln\u0105 cz\u0119\u015b\u0107 kampanii kandydata, podkre\u015blaj\u0105c jego zaanga\u017cowanie w manifestowanie polskiej suwerenno\u015bci.<\/p>\n<p>Wyst\u0105pienie Grzegorza Brauna w Ostrowie Wielkopolskim ponownie uwidoczni\u0142o barwny i niejednoznaczny wizerunek kandydata. Jego zdecydowane stanowisko w sprawach historycznych oraz politycznych wci\u0105\u017c budzi emocje i dzieli opini\u0119 spo\u0142eczn\u0105, co niew\u0105tpliwie b\u0119dzie mia\u0142o wp\u0142yw na dalszy przebieg kampanii wyborczej.<\/p>\n","protected":false},"excerpt":{"rendered":"Dzisiaj Ostr\u00f3w Wielkopolski by\u0142 aren\u0105 kolejnego wyst\u0105pienia kandydata na urz\u0105d Prezydenta RP, Grzegorza Brauna. Kandydat, kt\u00f3rego medialny wizerunek budzi skrajne emocje, nie szcz\u0119dzi\u0142 \n<a class=\"moretag\" href=\"https:\/\/ostrowskatv.pl\/?p=33505\"> [...]<\/a>","protected":false},"author":1,"featured_media":33507,"comment_status":"open","ping_status":"closed","sticky":false,"template":"","format":"standard","meta":{"footnotes":""},"categories":[1],"tags":[2],"class_list":["post-33505","post","type-post","status-publish","format-standard","has-post-thumbnail","hentry","category-news","tag-ostrow-wielkopolski"],"_links":{"self":[{"href":"https:\/\/ostrowskatv.pl\/index.php?rest_route=\/wp\/v2\/posts\/33505","targetHints":{"allow":["GET"]}}],"collection":[{"href":"https:\/\/ostrowskatv.pl\/index.php?rest_route=\/wp\/v2\/posts"}],"about":[{"href":"https:\/\/ostrowskatv.pl\/index.php?rest_route=\/wp\/v2\/types\/post"}],"author":[{"embeddable":true,"href":"https:\/\/ostrowskatv.pl\/index.php?rest_route=\/wp\/v2\/users\/1"}],"replies":[{"embeddable":true,"href":"https:\/\/ostrowskatv.pl\/index.php?rest_route=%2Fwp%2Fv2%2Fcomments&post=33505"}],"version-history":[{"count":1,"href":"https:\/\/ostrowskatv.pl\/index.php?rest_route=\/wp\/v2\/posts\/33505\/revisions"}],"predecessor-version":[{"id":33523,"href":"https:\/\/ostrowskatv.pl\/index.php?rest_route=\/wp\/v2\/posts\/33505\/revisions\/33523"}],"wp:featuredmedia":[{"embeddable":true,"href":"https:\/\/ostrowskatv.pl\/index.php?rest_route=\/wp\/v2\/media\/33507"}],"wp:attachment":[{"href":"https:\/\/ostrowskatv.pl\/index.php?rest_route=%2Fwp%2Fv2%2Fmedia&parent=33505"}],"wp:term":[{"taxonomy":"category","embeddable":true,"href":"https:\/\/ostrowskatv.pl\/index.php?rest_route=%2Fwp%2Fv2%2Fcategories&post=33505"},{"taxonomy":"post_tag","embeddable":true,"href":"https:\/\/ostrowskatv.pl\/index.php?rest_route=%2Fwp%2Fv2%2Ftags&post=33505"}],"curies":[{"name":"wp","href":"https:\/\/api.w.org\/{rel}","templated":true}]}}