{"id":335,"date":"2016-02-09T12:55:03","date_gmt":"2016-02-09T11:55:03","guid":{"rendered":"http:\/\/ostrowska.tv\/?p=335"},"modified":"2016-02-09T12:55:03","modified_gmt":"2016-02-09T11:55:03","slug":"miasto-dostanie-mniejsza-subwencje-senator-zaprzecza","status":"publish","type":"post","link":"https:\/\/ostrowskatv.pl\/?p=335","title":{"rendered":"Miasto dostanie mniejsz\u0105 subwencj\u0119? Senator zaprzecza"},"content":{"rendered":"<p><strong>W\u0142adze Ostrowa Wielkopolskiego zamierzaj\u0105 namawia\u0107 rodzic\u00f3w sze\u015bciolatk\u00f3w, \u017ceby posy\u0142ali swoje dzieci do szk\u00f3\u0142 podstawowych. W ten spos\u00f3b ma znale\u017a\u0107 si\u0119 miejsce w przedszkolach dla trzylatk\u00f3w. Dodatkowym argumentem mia\u0142a by\u0107 tak\u017ce wysoko\u015b\u0107 subwencji o\u015bwiatowej.<\/strong><\/p>\n<p>&#8211;<em> Subwencja na dziecko obj\u0119te wychowaniem szkolnym to 5300 z\u0142 na rok. Dotacja na dziecko w przedszkolu to 1400 z\u0142. Im mniej dzieci p\u00f3jdzie do klas pierwszych, tym mniej \u015brodk\u00f3w do nas trafi w ramach subwencji o\u015bwiatowej<\/em> \u2013 m\u00f3wi\u0142a podczas niedawnej konferencji prasowej wiceprezydent Ostrowa Wielkopolskiego<strong> Ewa Matecka.<\/strong><\/p>\n<p>Z tym argumentem nie zgadza si\u0119 jednak kompletnie senator Prawa i Sprawiedliwo\u015bci<strong> \u0141ukasz Miko\u0142ajczyk<\/strong>. Jak przekonuje w rozmowie z nasz\u0105 redakcj\u0105, pieni\u0119dzy na ostrowsk\u0105 o\u015bwiat\u0119 w 2016 roku z ca\u0142\u0105 pewno\u015bci\u0105 nie zabraknie. &#8211; Na ten rok subwencja zosta\u0142a ju\u017c naliczona i nie b\u0119dzie mocno weryfikowana. Bardziej istotne jest znalezienie miejsca w przedszkolach dla dzieci trzyletnich \u2013 t\u0142umaczy <strong>Miko\u0142ajczyk<\/strong>, <em>kt\u00f3ry ma \u015bwiadomo\u015b\u0107, \u017ce pewien problem z miejscami dla trzylatk\u00f3w mo\u017ce si\u0119 pojawi\u0107. Zwraca jednak uwag\u0119, \u017ce mo\u017ce on zosta\u0107 zniwelowany dzi\u0119ki jednej ze zmian w ustawie<\/em>. &#8211; <em>Chodzi o kwesti\u0119 oddzia\u0142\u00f3w przedszkolnych w szko\u0142ach. Wyd\u0142u\u017cyli\u015bmy termin do 2019 roku. Dzieci sze\u015bcioletnie mog\u0105 trafi\u0107 do szko\u0142y, ale jako wychowanie przedszkolne. Tym samym zrobi si\u0119 miejsce w przedszkolach<\/em> \u2013 przekonuje.<\/p>\n<p>Senator PiS sugeruje r\u00f3wnie\u017c, w jaki spos\u00f3b mo\u017cna zagospodarowa\u0107 nauczycieli, tak \u017ceby nie by\u0142a konieczna nadmierna redukcja etat\u00f3w. &#8211; <em>W wielu szko\u0142ach jest niedoszacowana \u015bwietlica szkolna pod wzgl\u0119dem liczby dzieci na nauczyciela. Mo\u017cna wprowadzi\u0107 zmiany w tym zakresie i rozwi\u0105za\u0107 cz\u0119\u015bciowo ten problem<\/em> \u2013 dodaje na zako\u0144czenie Miko\u0142ajczyk.<\/p>\n<p>Przypomnijmy, \u017ce rekrutacja do przedszkoli potrwa od 1 do 31 marca. Formularze i kryteria naboru znajduj\u0105 si\u0119 na oficjalnej stronie Urz\u0119du Miejskiego. Z ko\u0144cem przysz\u0142ego miesi\u0105ca w\u0142adze miasta b\u0119d\u0105 mie\u0107 jasny obraz sytuacji. Wtedy b\u0119dzie mo\u017cna prawid\u0142owo zdiagnozowa\u0107 ewentualne problemy zwi\u0105zane z liczb\u0105 miejsc w przedszkolach.<\/p>\n","protected":false},"excerpt":{"rendered":"W\u0142adze Ostrowa Wielkopolskiego zamierzaj\u0105 namawia\u0107 rodzic\u00f3w sze\u015bciolatk\u00f3w, \u017ceby posy\u0142ali swoje dzieci do szk\u00f3\u0142 podstawowych. W ten spos\u00f3b ma znale\u017a\u0107 si\u0119 miejsce w przedszkolach \n<a class=\"moretag\" href=\"https:\/\/ostrowskatv.pl\/?p=335\"> [...]<\/a>","protected":false},"author":1,"featured_media":290,"comment_status":"open","ping_status":"open","sticky":false,"template":"","format":"standard","meta":{"footnotes":""},"categories":[1],"tags":[13],"class_list":["post-335","post","type-post","status-publish","format-standard","has-post-thumbnail","hentry","category-news","tag-szkola"],"_links":{"self":[{"href":"https:\/\/ostrowskatv.pl\/index.php?rest_route=\/wp\/v2\/posts\/335","targetHints":{"allow":["GET"]}}],"collection":[{"href":"https:\/\/ostrowskatv.pl\/index.php?rest_route=\/wp\/v2\/posts"}],"about":[{"href":"https:\/\/ostrowskatv.pl\/index.php?rest_route=\/wp\/v2\/types\/post"}],"author":[{"embeddable":true,"href":"https:\/\/ostrowskatv.pl\/index.php?rest_route=\/wp\/v2\/users\/1"}],"replies":[{"embeddable":true,"href":"https:\/\/ostrowskatv.pl\/index.php?rest_route=%2Fwp%2Fv2%2Fcomments&post=335"}],"version-history":[{"count":0,"href":"https:\/\/ostrowskatv.pl\/index.php?rest_route=\/wp\/v2\/posts\/335\/revisions"}],"wp:featuredmedia":[{"embeddable":true,"href":"https:\/\/ostrowskatv.pl\/index.php?rest_route=\/wp\/v2\/media\/290"}],"wp:attachment":[{"href":"https:\/\/ostrowskatv.pl\/index.php?rest_route=%2Fwp%2Fv2%2Fmedia&parent=335"}],"wp:term":[{"taxonomy":"category","embeddable":true,"href":"https:\/\/ostrowskatv.pl\/index.php?rest_route=%2Fwp%2Fv2%2Fcategories&post=335"},{"taxonomy":"post_tag","embeddable":true,"href":"https:\/\/ostrowskatv.pl\/index.php?rest_route=%2Fwp%2Fv2%2Ftags&post=335"}],"curies":[{"name":"wp","href":"https:\/\/api.w.org\/{rel}","templated":true}]}}