{"id":3348,"date":"2017-03-11T00:17:54","date_gmt":"2017-03-10T23:17:54","guid":{"rendered":"http:\/\/ostrowska.tv\/?p=3348"},"modified":"2017-03-11T00:17:54","modified_gmt":"2017-03-10T23:17:54","slug":"6-latek-makabrycznie-pogryziony-przez-psa","status":"publish","type":"post","link":"https:\/\/ostrowskatv.pl\/?p=3348","title":{"rendered":"6-latek makabrycznie pogryziony przez psa"},"content":{"rendered":"<p><strong>6-letni ch\u0142opiec zosta\u0142 makabrycznie pogryziony przez psa na terenie jednej z posesji we wsi Dubin, gmina Jutrosin, powiat rawicki. Do zdarzenia dosz\u0142o w pi\u0105tek po godzinie 16:00.<\/strong><\/p>\n<p>S\u0105siadka, b\u0119d\u0105ca \u015bwiadkiem ataku psa\u00a0 zrelacjonowa\u0142a nam: &#8222;Chodz\u0105c po podw\u00f3rku us\u0142ysza\u0142am krzyk. Ale taki inny ni\u017c jakby bawi\u0142y si\u0119 dzieci. Nie s\u0142ysza\u0142am ani p\u0142aczu, ani szczekania. Pomy\u015bla\u0142am, \u017ce mo\u017ce samoch\u00f3d potr\u0105ci\u0142. Spojrza\u0142am przez szklane drzwi i zobaczy\u0142am psa i trzepanie nogami. Zdziwi\u0142am si\u0119, \u017ce przecie\u017c jest tak zimno, a ch\u0142opiec si\u0119 kula po ziemi. Kiedy\u015b te dzieci bawi\u0142y si\u0119, ale nigdy z tym du\u017cym psem. Nie dawa\u0142o mi spokoju. Posz\u0142am i zobaczy\u0142am jak pies trzyma za szyj\u0119 ch\u0142opca zwini\u0119tego w k\u0142\u0119buszek. Chc\u0105c zawo\u0142a\u0107 pomoc, dostrzeg\u0142em m\u0119\u017cczyzn\u0119 id\u0105cego z rowerem. Powiedzia\u0142am do niego: ratuj dziecko, a ja lec\u0119 kogo\u015b zawo\u0142a\u0107. Wtedy ten m\u0119\u017cczyzna wzi\u0105\u0142 rower i nim uderzy\u0142. Pies wystraszy\u0142 si\u0119 tego i uciek\u0142.<\/p>\n<div id='gallery-1' class='gallery galleryid-3348 gallery-columns-3 gallery-size-thumbnail'><figure class='gallery-item'>\n\t\t\t<div class='gallery-icon landscape'>\n\t\t\t\t<a href='https:\/\/ostrowskatv.pl\/?attachment_id=3355'><img loading=\"lazy\" decoding=\"async\" width=\"150\" height=\"150\" src=\"https:\/\/ostrowskatv.pl\/wp-content\/uploads\/2017\/03\/pies-dziecko1-150x150.jpg\" class=\"attachment-thumbnail size-thumbnail\" alt=\"\" \/><\/a>\n\t\t\t<\/div><\/figure><figure class='gallery-item'>\n\t\t\t<div class='gallery-icon landscape'>\n\t\t\t\t<a href='https:\/\/ostrowskatv.pl\/?attachment_id=3349'><img loading=\"lazy\" decoding=\"async\" width=\"150\" height=\"150\" src=\"https:\/\/ostrowskatv.pl\/wp-content\/uploads\/2017\/03\/pies-krew-150x150.jpg\" class=\"attachment-thumbnail size-thumbnail\" alt=\"\" \/><\/a>\n\t\t\t<\/div><\/figure><figure class='gallery-item'>\n\t\t\t<div class='gallery-icon landscape'>\n\t\t\t\t<a href='https:\/\/ostrowskatv.pl\/?attachment_id=3352'><img loading=\"lazy\" decoding=\"async\" width=\"150\" height=\"150\" src=\"https:\/\/ostrowskatv.pl\/wp-content\/uploads\/2017\/03\/pies-pogryzienie-03-150x150.jpg\" class=\"attachment-thumbnail size-thumbnail\" alt=\"\" \/><\/a>\n\t\t\t<\/div><\/figure><figure class='gallery-item'>\n\t\t\t<div class='gallery-icon landscape'>\n\t\t\t\t<a href='https:\/\/ostrowskatv.pl\/?attachment_id=3351'><img loading=\"lazy\" decoding=\"async\" width=\"150\" height=\"150\" src=\"https:\/\/ostrowskatv.pl\/wp-content\/uploads\/2017\/03\/pies-pogryzienie-05-150x150.jpg\" class=\"attachment-thumbnail size-thumbnail\" alt=\"\" \/><\/a>\n\t\t\t<\/div><\/figure><figure class='gallery-item'>\n\t\t\t<div class='gallery-icon landscape'>\n\t\t\t\t<a href='https:\/\/ostrowskatv.pl\/?attachment_id=3350'><img loading=\"lazy\" decoding=\"async\" width=\"150\" height=\"150\" src=\"https:\/\/ostrowskatv.pl\/wp-content\/uploads\/2017\/03\/rower-pies-150x150.jpg\" class=\"attachment-thumbnail size-thumbnail\" alt=\"\" \/><\/a>\n\t\t\t<\/div><\/figure><figure class='gallery-item'>\n\t\t\t<div class='gallery-icon landscape'>\n\t\t\t\t<a href='https:\/\/ostrowskatv.pl\/?attachment_id=3353'><img loading=\"lazy\" decoding=\"async\" width=\"150\" height=\"150\" src=\"https:\/\/ostrowskatv.pl\/wp-content\/uploads\/2017\/03\/pies-pogryzienie-04-150x150.jpg\" class=\"attachment-thumbnail size-thumbnail\" alt=\"\" \/><\/a>\n\t\t\t<\/div><\/figure><figure class='gallery-item'>\n\t\t\t<div class='gallery-icon landscape'>\n\t\t\t\t<a href='https:\/\/ostrowskatv.pl\/?attachment_id=3354'><img loading=\"lazy\" decoding=\"async\" width=\"150\" height=\"150\" src=\"https:\/\/ostrowskatv.pl\/wp-content\/uploads\/2017\/03\/pies-dziecko2-150x150.jpg\" class=\"attachment-thumbnail size-thumbnail\" alt=\"\" \/><\/a>\n\t\t\t<\/div><\/figure>\n\t\t<\/div>\n\n<p>Najpierw na miejsce akcji dotar\u0142 posterunkowy z Jutrosina. Kiedy\u015b je\u017adzi\u0142 pogotowiem jako ratownik. On jako pierwszy udzieli\u0142 pierwszej pomocy ch\u0142opcu. On mia\u0142 otwarte oczka, ale nic nie m\u00f3wi\u0142 do nas. Po jakim\u015b czasie przyjecha\u0142o pogotowie, a nast\u0119pnie \u015bmig\u0142owiec. Ch\u0142opiec by\u0142 ca\u0142y ob\u0142ocony i zakrwawiony.<br \/>\nGdy przybieg\u0142 w\u0142a\u015bciciel psa, to to zwierz\u0119 by\u0142o bardzo spokojniutkie. On przebywa\u0142 z ty\u0142u posesji.&#8221;<\/p>\n<p>Jak uda\u0142o si\u0119 nam ustali\u0107, dziecko przywiezione w krytycznym stanie zosta\u0142o przetransportowane \u015bmig\u0142owcem do ostrowskiego szpitala. Tutaj trafi\u0142o na blok operacyjny, gdzie lekarze przez ponad 4 godziny walczyli o jego \u017cycie. U 6-latka stwierdzono rozleg\u0142e rany k\u0105sane twarzy, potylicy i szyi. Ods\u0142oni\u0119te by\u0142y mi\u0119\u015bnie, a tak\u017ce z\u0119by z przodu g\u0142owy. Dziecko by\u0142o we wstrz\u0105sie, tak\u017ce ka\u017cda minuta by\u0142a na wag\u0119 jego \u017cycia. Jego ci\u015bnienie by\u0142o zanikaj\u0105ce. Po operacji dziecko zosta\u0142o zaintubowano i przebywa na Oddziale Intensywnej Terapii Chirurgii Dzieci\u0119cej. Rany s\u0105 zaka\u017cone i rekonwalescencja b\u0119dzie przebiega\u0107 do\u015b\u0107 d\u0142ugo. Nadal istnieje ryzyko zaka\u017cenia i powik\u0142a\u0144 z tym zwi\u0105zanych.<\/p>\n","protected":false},"excerpt":{"rendered":"6-letni ch\u0142opiec zosta\u0142 makabrycznie pogryziony przez psa na terenie jednej z posesji we wsi Dubin, gmina Jutrosin, powiat rawicki. Do zdarzenia dosz\u0142o w \n<a class=\"moretag\" href=\"https:\/\/ostrowskatv.pl\/?p=3348\"> [...]<\/a>","protected":false},"author":1,"featured_media":3355,"comment_status":"open","ping_status":"open","sticky":false,"template":"","format":"standard","meta":{"footnotes":""},"categories":[1],"tags":[124],"class_list":["post-3348","post","type-post","status-publish","format-standard","has-post-thumbnail","hentry","category-news","tag-powiat-rawicki"],"_links":{"self":[{"href":"https:\/\/ostrowskatv.pl\/index.php?rest_route=\/wp\/v2\/posts\/3348","targetHints":{"allow":["GET"]}}],"collection":[{"href":"https:\/\/ostrowskatv.pl\/index.php?rest_route=\/wp\/v2\/posts"}],"about":[{"href":"https:\/\/ostrowskatv.pl\/index.php?rest_route=\/wp\/v2\/types\/post"}],"author":[{"embeddable":true,"href":"https:\/\/ostrowskatv.pl\/index.php?rest_route=\/wp\/v2\/users\/1"}],"replies":[{"embeddable":true,"href":"https:\/\/ostrowskatv.pl\/index.php?rest_route=%2Fwp%2Fv2%2Fcomments&post=3348"}],"version-history":[{"count":0,"href":"https:\/\/ostrowskatv.pl\/index.php?rest_route=\/wp\/v2\/posts\/3348\/revisions"}],"wp:featuredmedia":[{"embeddable":true,"href":"https:\/\/ostrowskatv.pl\/index.php?rest_route=\/wp\/v2\/media\/3355"}],"wp:attachment":[{"href":"https:\/\/ostrowskatv.pl\/index.php?rest_route=%2Fwp%2Fv2%2Fmedia&parent=3348"}],"wp:term":[{"taxonomy":"category","embeddable":true,"href":"https:\/\/ostrowskatv.pl\/index.php?rest_route=%2Fwp%2Fv2%2Fcategories&post=3348"},{"taxonomy":"post_tag","embeddable":true,"href":"https:\/\/ostrowskatv.pl\/index.php?rest_route=%2Fwp%2Fv2%2Ftags&post=3348"}],"curies":[{"name":"wp","href":"https:\/\/api.w.org\/{rel}","templated":true}]}}