{"id":33473,"date":"2025-02-22T08:18:25","date_gmt":"2025-02-22T07:18:25","guid":{"rendered":"https:\/\/ostrowskatv.pl\/?p=33473"},"modified":"2025-02-22T08:18:25","modified_gmt":"2025-02-22T07:18:25","slug":"pijany-21-latek-zatrzymany-na-ulicy-kaliskiej","status":"publish","type":"post","link":"https:\/\/ostrowskatv.pl\/?p=33473","title":{"rendered":"Pijany 21-latek zatrzymany na ulicy Kaliskiej"},"content":{"rendered":"<p><strong>W pi\u0105tek, tu\u017c po godzinie 13:00, zauwa\u017cono, \u017ce kierowca Volkswagena Passata mo\u017ce by\u0107 nietrze\u017awy. Zaalarmowany patrol ostrowskiej policji zatrzyma\u0142 pojazd do kontroli na ulicy Kaliskiej. Podejrzenia szybko si\u0119 potwierdzi\u0142y \u2013 m\u0142ody m\u0119\u017cczyzna znajdowa\u0142 si\u0119 pod wp\u0142ywem alkoholu. Na miejsce wezwano patrol drog\u00f3wki wyposa\u017cony w urz\u0105dzenie do dok\u0142adnego pomiaru zawarto\u015bci alkoholu w organizmie. Wynik by\u0142 zatrwa\u017caj\u0105cy \u2013 a\u017c 2 promile!<\/strong><\/p>\n<p>Co wi\u0119cej, 21-letni mieszkaniec powiatu pleszewskiego nie podr\u00f3\u017cowa\u0142 sam. W samochodzie znajdowa\u0142 si\u0119 14-letni kolega, kt\u00f3rego najprawdopodobniej chcia\u0142 zabra\u0107 na przeja\u017cd\u017ck\u0119, a mo\u017ce nawet zaimponowa\u0107. Jednak zamiast dobrej zabawy, nastolatek otrzyma\u0142 niezwykle cenn\u0105 lekcj\u0119 \u017cycia. Na w\u0142asne oczy m\u00f3g\u0142 zobaczy\u0107, z jakimi konsekwencjami wi\u0105\u017ce si\u0119 prowadzenie pojazdu pod wp\u0142ywem alkoholu.<\/p>\n<h3>Surowe konsekwencje dla nietrze\u017awego kierowcy<\/h3>\n<p>Obowi\u0105zuj\u0105ce w 2025 roku przepisy przewiduj\u0105 bardzo surowe kary za kierowanie pojazdem w stanie nietrze\u017awo\u015bci. Kierowca, u kt\u00f3rego st\u0119\u017cenie alkoholu we krwi przekracza 0,5 promila, pope\u0142nia przest\u0119pstwo. Grozi mu:<\/p>\n<ul>\n<li>kara pozbawienia wolno\u015bci od 3 miesi\u0119cy do 5 lat,<\/li>\n<li>wysoka grzywna, kt\u00f3rej wysoko\u015b\u0107 zale\u017cy od dochod\u00f3w sprawcy,<\/li>\n<li>zakaz prowadzenia pojazd\u00f3w mechanicznych od 3 do 15 lat,<\/li>\n<li>obowi\u0105zek wp\u0142aty \u015bwiadczenia pieni\u0119\u017cnego na Fundusz Pomocy Pokrzywdzonym i Pomocy Postpenitencjarnej \u2013 od 5 000 do nawet 100 000 z\u0142.<\/li>\n<\/ul>\n<p>Dodatkowo, zgodnie z nowymi przepisami, s\u0105d mo\u017ce orzec przepadek pojazdu u\u017cytego do pope\u0142nienia przest\u0119pstwa lub r\u00f3wnowarto\u015bci pojazdu, je\u015bli nie jest on w\u0142asno\u015bci\u0105 sprawcy. W tym przypadku 21-latek nie by\u0142 w\u0142a\u015bcicielem Volkswagena Passata, co oznacza, \u017ce b\u0119dzie musia\u0142 zap\u0142aci\u0107 kwot\u0119 odpowiadaj\u0105c\u0105 jego warto\u015bci.<\/p>\n<p>Nieodpowiedzialne zachowanie m\u0142odego kierowcy mog\u0142o sko\u0144czy\u0107 si\u0119 tragedi\u0105. Na szcz\u0119\u015bcie, dzi\u0119ki czujno\u015bci \u015bwiadk\u00f3w i szybkiej interwencji policji, uda\u0142o si\u0119 zapobiec potencjalnemu wypadkowi. Ta sytuacja powinna by\u0107 przestrog\u0105 dla wszystkich, kt\u00f3rzy wci\u0105\u017c lekcewa\u017c\u0105 konsekwencje jazdy pod wp\u0142ywem alkoholu.<\/p>\n<p><img loading=\"lazy\" decoding=\"async\" src=\"https:\/\/ostrowskatv.pl\/wp-content\/uploads\/2025\/02\/1000146330.jpg\" alt=\"\" width=\"1920\" height=\"816\" class=\"alignnone size-full wp-image-33474\" srcset=\"https:\/\/ostrowskatv.pl\/wp-content\/uploads\/2025\/02\/1000146330.jpg 1920w, https:\/\/ostrowskatv.pl\/wp-content\/uploads\/2025\/02\/1000146330-300x128.jpg 300w, https:\/\/ostrowskatv.pl\/wp-content\/uploads\/2025\/02\/1000146330-1333x567.jpg 1333w, https:\/\/ostrowskatv.pl\/wp-content\/uploads\/2025\/02\/1000146330-1536x653.jpg 1536w\" sizes=\"auto, (max-width: 1920px) 100vw, 1920px\" \/><\/p>\n<p><img loading=\"lazy\" decoding=\"async\" src=\"https:\/\/ostrowskatv.pl\/wp-content\/uploads\/2025\/02\/1000146327.jpg\" alt=\"\" width=\"1920\" height=\"1081\" class=\"alignnone size-full wp-image-33475\" srcset=\"https:\/\/ostrowskatv.pl\/wp-content\/uploads\/2025\/02\/1000146327.jpg 1920w, https:\/\/ostrowskatv.pl\/wp-content\/uploads\/2025\/02\/1000146327-300x169.jpg 300w, https:\/\/ostrowskatv.pl\/wp-content\/uploads\/2025\/02\/1000146327-1333x751.jpg 1333w, https:\/\/ostrowskatv.pl\/wp-content\/uploads\/2025\/02\/1000146327-1536x865.jpg 1536w\" sizes=\"auto, (max-width: 1920px) 100vw, 1920px\" \/><\/p>\n<p><img loading=\"lazy\" decoding=\"async\" src=\"https:\/\/ostrowskatv.pl\/wp-content\/uploads\/2025\/02\/1000146326.jpg\" alt=\"\" width=\"1920\" height=\"994\" class=\"alignnone size-full wp-image-33476\" srcset=\"https:\/\/ostrowskatv.pl\/wp-content\/uploads\/2025\/02\/1000146326.jpg 1920w, https:\/\/ostrowskatv.pl\/wp-content\/uploads\/2025\/02\/1000146326-300x155.jpg 300w, https:\/\/ostrowskatv.pl\/wp-content\/uploads\/2025\/02\/1000146326-1333x690.jpg 1333w, https:\/\/ostrowskatv.pl\/wp-content\/uploads\/2025\/02\/1000146326-1536x795.jpg 1536w\" sizes=\"auto, (max-width: 1920px) 100vw, 1920px\" \/><\/p>\n<p><img loading=\"lazy\" decoding=\"async\" src=\"https:\/\/ostrowskatv.pl\/wp-content\/uploads\/2025\/02\/1000146324.jpg\" alt=\"\" width=\"1920\" height=\"1393\" class=\"alignnone size-full wp-image-33477\" srcset=\"https:\/\/ostrowskatv.pl\/wp-content\/uploads\/2025\/02\/1000146324.jpg 1920w, https:\/\/ostrowskatv.pl\/wp-content\/uploads\/2025\/02\/1000146324-300x218.jpg 300w, https:\/\/ostrowskatv.pl\/wp-content\/uploads\/2025\/02\/1000146324-1333x967.jpg 1333w, https:\/\/ostrowskatv.pl\/wp-content\/uploads\/2025\/02\/1000146324-1536x1114.jpg 1536w\" sizes=\"auto, (max-width: 1920px) 100vw, 1920px\" \/><\/p>\n<p><img loading=\"lazy\" decoding=\"async\" src=\"https:\/\/ostrowskatv.pl\/wp-content\/uploads\/2025\/02\/1000146323.jpg\" alt=\"\" width=\"1920\" height=\"1081\" class=\"alignnone size-full wp-image-33478\" srcset=\"https:\/\/ostrowskatv.pl\/wp-content\/uploads\/2025\/02\/1000146323.jpg 1920w, https:\/\/ostrowskatv.pl\/wp-content\/uploads\/2025\/02\/1000146323-300x169.jpg 300w, https:\/\/ostrowskatv.pl\/wp-content\/uploads\/2025\/02\/1000146323-1333x751.jpg 1333w, https:\/\/ostrowskatv.pl\/wp-content\/uploads\/2025\/02\/1000146323-1536x865.jpg 1536w\" sizes=\"auto, (max-width: 1920px) 100vw, 1920px\" \/><\/p>\n<p><img loading=\"lazy\" decoding=\"async\" src=\"https:\/\/ostrowskatv.pl\/wp-content\/uploads\/2025\/02\/1000146316.jpg\" alt=\"\" width=\"1920\" height=\"993\" class=\"alignnone size-full wp-image-33479\" srcset=\"https:\/\/ostrowskatv.pl\/wp-content\/uploads\/2025\/02\/1000146316.jpg 1920w, https:\/\/ostrowskatv.pl\/wp-content\/uploads\/2025\/02\/1000146316-300x155.jpg 300w, https:\/\/ostrowskatv.pl\/wp-content\/uploads\/2025\/02\/1000146316-1333x689.jpg 1333w, https:\/\/ostrowskatv.pl\/wp-content\/uploads\/2025\/02\/1000146316-1536x794.jpg 1536w\" sizes=\"auto, (max-width: 1920px) 100vw, 1920px\" \/><\/p>\n<p><img loading=\"lazy\" decoding=\"async\" src=\"https:\/\/ostrowskatv.pl\/wp-content\/uploads\/2025\/02\/1000146315.jpg\" alt=\"\" width=\"1920\" height=\"1081\" class=\"alignnone size-full wp-image-33480\" srcset=\"https:\/\/ostrowskatv.pl\/wp-content\/uploads\/2025\/02\/1000146315.jpg 1920w, https:\/\/ostrowskatv.pl\/wp-content\/uploads\/2025\/02\/1000146315-300x169.jpg 300w, https:\/\/ostrowskatv.pl\/wp-content\/uploads\/2025\/02\/1000146315-1333x751.jpg 1333w, https:\/\/ostrowskatv.pl\/wp-content\/uploads\/2025\/02\/1000146315-1536x865.jpg 1536w\" sizes=\"auto, (max-width: 1920px) 100vw, 1920px\" \/><\/p>\n<p><img loading=\"lazy\" decoding=\"async\" src=\"https:\/\/ostrowskatv.pl\/wp-content\/uploads\/2025\/02\/1000146314.jpg\" alt=\"\" width=\"1920\" height=\"992\" class=\"alignnone size-full wp-image-33481\" srcset=\"https:\/\/ostrowskatv.pl\/wp-content\/uploads\/2025\/02\/1000146314.jpg 1920w, https:\/\/ostrowskatv.pl\/wp-content\/uploads\/2025\/02\/1000146314-300x155.jpg 300w, https:\/\/ostrowskatv.pl\/wp-content\/uploads\/2025\/02\/1000146314-1333x689.jpg 1333w, https:\/\/ostrowskatv.pl\/wp-content\/uploads\/2025\/02\/1000146314-1536x794.jpg 1536w\" sizes=\"auto, (max-width: 1920px) 100vw, 1920px\" \/><\/p>\n<p><img loading=\"lazy\" decoding=\"async\" src=\"https:\/\/ostrowskatv.pl\/wp-content\/uploads\/2025\/02\/1000146311.jpg\" alt=\"\" width=\"1920\" height=\"1185\" class=\"alignnone size-full wp-image-33482\" srcset=\"https:\/\/ostrowskatv.pl\/wp-content\/uploads\/2025\/02\/1000146311.jpg 1920w, https:\/\/ostrowskatv.pl\/wp-content\/uploads\/2025\/02\/1000146311-300x185.jpg 300w, https:\/\/ostrowskatv.pl\/wp-content\/uploads\/2025\/02\/1000146311-1333x823.jpg 1333w, https:\/\/ostrowskatv.pl\/wp-content\/uploads\/2025\/02\/1000146311-1536x948.jpg 1536w\" sizes=\"auto, (max-width: 1920px) 100vw, 1920px\" \/><\/p>\n<p><img loading=\"lazy\" decoding=\"async\" src=\"https:\/\/ostrowskatv.pl\/wp-content\/uploads\/2025\/02\/1000146310.jpg\" alt=\"\" width=\"1920\" height=\"1131\" class=\"alignnone size-full wp-image-33483\" srcset=\"https:\/\/ostrowskatv.pl\/wp-content\/uploads\/2025\/02\/1000146310.jpg 1920w, https:\/\/ostrowskatv.pl\/wp-content\/uploads\/2025\/02\/1000146310-300x177.jpg 300w, https:\/\/ostrowskatv.pl\/wp-content\/uploads\/2025\/02\/1000146310-1333x785.jpg 1333w, https:\/\/ostrowskatv.pl\/wp-content\/uploads\/2025\/02\/1000146310-1536x905.jpg 1536w\" sizes=\"auto, (max-width: 1920px) 100vw, 1920px\" \/><\/p>\n","protected":false},"excerpt":{"rendered":"W pi\u0105tek, tu\u017c po godzinie 13:00, zauwa\u017cono, \u017ce kierowca Volkswagena Passata mo\u017ce by\u0107 nietrze\u017awy. Zaalarmowany patrol ostrowskiej policji zatrzyma\u0142 pojazd do kontroli na \n<a class=\"moretag\" href=\"https:\/\/ostrowskatv.pl\/?p=33473\"> [...]<\/a>","protected":false},"author":1,"featured_media":33476,"comment_status":"open","ping_status":"closed","sticky":false,"template":"","format":"standard","meta":{"footnotes":""},"categories":[1],"tags":[2],"class_list":["post-33473","post","type-post","status-publish","format-standard","has-post-thumbnail","hentry","category-news","tag-ostrow-wielkopolski"],"_links":{"self":[{"href":"https:\/\/ostrowskatv.pl\/index.php?rest_route=\/wp\/v2\/posts\/33473","targetHints":{"allow":["GET"]}}],"collection":[{"href":"https:\/\/ostrowskatv.pl\/index.php?rest_route=\/wp\/v2\/posts"}],"about":[{"href":"https:\/\/ostrowskatv.pl\/index.php?rest_route=\/wp\/v2\/types\/post"}],"author":[{"embeddable":true,"href":"https:\/\/ostrowskatv.pl\/index.php?rest_route=\/wp\/v2\/users\/1"}],"replies":[{"embeddable":true,"href":"https:\/\/ostrowskatv.pl\/index.php?rest_route=%2Fwp%2Fv2%2Fcomments&post=33473"}],"version-history":[{"count":1,"href":"https:\/\/ostrowskatv.pl\/index.php?rest_route=\/wp\/v2\/posts\/33473\/revisions"}],"predecessor-version":[{"id":33484,"href":"https:\/\/ostrowskatv.pl\/index.php?rest_route=\/wp\/v2\/posts\/33473\/revisions\/33484"}],"wp:featuredmedia":[{"embeddable":true,"href":"https:\/\/ostrowskatv.pl\/index.php?rest_route=\/wp\/v2\/media\/33476"}],"wp:attachment":[{"href":"https:\/\/ostrowskatv.pl\/index.php?rest_route=%2Fwp%2Fv2%2Fmedia&parent=33473"}],"wp:term":[{"taxonomy":"category","embeddable":true,"href":"https:\/\/ostrowskatv.pl\/index.php?rest_route=%2Fwp%2Fv2%2Fcategories&post=33473"},{"taxonomy":"post_tag","embeddable":true,"href":"https:\/\/ostrowskatv.pl\/index.php?rest_route=%2Fwp%2Fv2%2Ftags&post=33473"}],"curies":[{"name":"wp","href":"https:\/\/api.w.org\/{rel}","templated":true}]}}