{"id":33461,"date":"2025-02-20T14:31:47","date_gmt":"2025-02-20T13:31:47","guid":{"rendered":"https:\/\/ostrowskatv.pl\/?p=33461"},"modified":"2025-02-20T14:37:28","modified_gmt":"2025-02-20T13:37:28","slug":"brak-reakcji-kierowcow-na-lezacego-mezczyzne","status":"publish","type":"post","link":"https:\/\/ostrowskatv.pl\/?p=33461","title":{"rendered":"Brak reakcji kierowc\u00f3w na le\u017c\u0105cego m\u0119\u017cczyzn\u0119"},"content":{"rendered":"<p><strong>Dzi\u015b o godzinie 12:29 na ulicy Mylnej w Ostrowie Wielkopolskim dosz\u0142o do niepokoj\u0105cej sytuacji, kt\u00f3ra unaoczni\u0142a brak odpowiedniej reakcji cz\u0119\u015bci kierowc\u00f3w na osob\u0119 wymagaj\u0105c\u0105 pomocy.<\/strong><\/p>\n<p>Nietrze\u017awy m\u0119\u017cczyzna, poruszaj\u0105c si\u0119 chwiejnym krokiem, postanowi\u0142 przej\u015b\u0107 na drug\u0105 stron\u0119 ulicy. Gdy dotar\u0142 na chodnik, straci\u0142 r\u00f3wnowag\u0119 i run\u0105\u0142 na ziemi\u0119, uderzaj\u0105c twarz\u0105 w bruk. Pomimo \u017ce zdarzenie mia\u0142o miejsce w widocznym miejscu, pierwszych dw\u00f3ch kierowc\u00f3w, kt\u00f3rzy byli \u015bwiadkami sytuacji, odjecha\u0142o bez zatrzymania. Kolejnych czterech nawet nie zwolni\u0142o, by\u0107 mo\u017ce nie zauwa\u017caj\u0105c le\u017c\u0105cego cz\u0142owieka.<\/p>\n<p>Dopiero po oko\u0142o 40 sekundach reakcja nast\u0105pi\u0142a ze strony kolejnych os\u00f3b &#8211; pracownik\u00f3w jednej z firm budowlanych, kt\u00f3rzy przeje\u017cd\u017cali t\u0105 ulic\u0105. Nie pozostali oboj\u0119tni \u2013 zatrzymali si\u0119, sprawdzili funkcje \u017cyciowe poszkodowanego, u\u0142o\u017cyli go w pozycji bocznej ustalonej i wezwali pogotowie ratunkowe.<\/p>\n<p>Podczas oczekiwania na przyjazd karetki nie zostali oboj\u0119tni tak\u017ce stra\u017cnicy miejscy, kt\u00f3rzy zatrzymali si\u0119 i udzielili wsparcia.<\/p>\n<p>Po przybyciu na miejsce ratownicy medyczni potwierdzili, \u017ce m\u0119\u017cczyzna by\u0142 przytomny. Po dokonaniu oceny jego stanu zdrowia przekazali go patrolowi policji, kt\u00f3ry odwi\u00f3z\u0142 go do miejsca zamieszkania.<\/p>\n<p>Ta sytuacja, cho\u0107 zako\u0144czy\u0142a si\u0119 szcz\u0119\u015bliwie, sk\u0142ania do refleksji. Brak reakcji ze strony wi\u0119kszo\u015bci przeje\u017cd\u017caj\u0105cych kierowc\u00f3w budzi powa\u017cne obawy o poziom znieczulicy spo\u0142ecznej. Czy gdyby ten cz\u0142owiek by\u0142 nieprzytomny i nie oddycha\u0142, kto\u015b w por\u0119 podj\u0105\u0142by dzia\u0142anie?<\/p>\n<p>Podstawy udzielania pierwszej pomocy to wiedza, kt\u00f3r\u0105 powinien posiada\u0107 ka\u017cdy. Czasem wystarczy kilka sekund, aby sprawdzi\u0107, czy kto\u015b oddycha i wezwa\u0107 pomoc. Zaniedbanie tego obowi\u0105zku mo\u017ce kosztowa\u0107 czyje\u015b \u017cycie. Ta historia pokazuje, \u017ce warto reagowa\u0107 \u2013 ka\u017cdy z nas mo\u017ce by\u0107 \u015bwiadkiem podobnej sytuacji. Czy wtedy zdecydujemy si\u0119 dzia\u0142a\u0107?<\/p>\n<p><iframe loading=\"lazy\" title=\"Upadek pieszego i reakcja kierowc\u00f3w\" width=\"747\" height=\"420\" src=\"https:\/\/www.youtube.com\/embed\/RpYVvGNK46Y?feature=oembed\" frameborder=\"0\" allow=\"accelerometer; autoplay; clipboard-write; encrypted-media; gyroscope; picture-in-picture; web-share\" referrerpolicy=\"strict-origin-when-cross-origin\" allowfullscreen><\/iframe><\/p>\n<p><iframe loading=\"lazy\" title=\"Pierwsza pomoc\" width=\"747\" height=\"420\" src=\"https:\/\/www.youtube.com\/embed\/CU6Bw2uCWgY?start=25&#038;feature=oembed\" frameborder=\"0\" allow=\"accelerometer; autoplay; clipboard-write; encrypted-media; gyroscope; picture-in-picture; web-share\" referrerpolicy=\"strict-origin-when-cross-origin\" allowfullscreen><\/iframe><\/p>\n<p><iframe loading=\"lazy\" title=\"POZYCJA BOCZNA BEZPIECZNA - PIERWSZA POMOC PRZEDMEDYCZNA\" width=\"747\" height=\"420\" src=\"https:\/\/www.youtube.com\/embed\/o0KutNaPk8c?feature=oembed\" frameborder=\"0\" allow=\"accelerometer; autoplay; clipboard-write; encrypted-media; gyroscope; picture-in-picture; web-share\" referrerpolicy=\"strict-origin-when-cross-origin\" allowfullscreen><\/iframe><\/p>\n","protected":false},"excerpt":{"rendered":"Dzi\u015b o godzinie 12:29 na ulicy Mylnej w Ostrowie Wielkopolskim dosz\u0142o do niepokoj\u0105cej sytuacji, kt\u00f3ra unaoczni\u0142a brak odpowiedniej reakcji cz\u0119\u015bci kierowc\u00f3w na osob\u0119 \n<a class=\"moretag\" href=\"https:\/\/ostrowskatv.pl\/?p=33461\"> [...]<\/a>","protected":false},"author":1,"featured_media":33463,"comment_status":"open","ping_status":"closed","sticky":false,"template":"","format":"standard","meta":{"footnotes":""},"categories":[1],"tags":[2],"class_list":["post-33461","post","type-post","status-publish","format-standard","has-post-thumbnail","hentry","category-news","tag-ostrow-wielkopolski"],"_links":{"self":[{"href":"https:\/\/ostrowskatv.pl\/index.php?rest_route=\/wp\/v2\/posts\/33461","targetHints":{"allow":["GET"]}}],"collection":[{"href":"https:\/\/ostrowskatv.pl\/index.php?rest_route=\/wp\/v2\/posts"}],"about":[{"href":"https:\/\/ostrowskatv.pl\/index.php?rest_route=\/wp\/v2\/types\/post"}],"author":[{"embeddable":true,"href":"https:\/\/ostrowskatv.pl\/index.php?rest_route=\/wp\/v2\/users\/1"}],"replies":[{"embeddable":true,"href":"https:\/\/ostrowskatv.pl\/index.php?rest_route=%2Fwp%2Fv2%2Fcomments&post=33461"}],"version-history":[{"count":4,"href":"https:\/\/ostrowskatv.pl\/index.php?rest_route=\/wp\/v2\/posts\/33461\/revisions"}],"predecessor-version":[{"id":33467,"href":"https:\/\/ostrowskatv.pl\/index.php?rest_route=\/wp\/v2\/posts\/33461\/revisions\/33467"}],"wp:featuredmedia":[{"embeddable":true,"href":"https:\/\/ostrowskatv.pl\/index.php?rest_route=\/wp\/v2\/media\/33463"}],"wp:attachment":[{"href":"https:\/\/ostrowskatv.pl\/index.php?rest_route=%2Fwp%2Fv2%2Fmedia&parent=33461"}],"wp:term":[{"taxonomy":"category","embeddable":true,"href":"https:\/\/ostrowskatv.pl\/index.php?rest_route=%2Fwp%2Fv2%2Fcategories&post=33461"},{"taxonomy":"post_tag","embeddable":true,"href":"https:\/\/ostrowskatv.pl\/index.php?rest_route=%2Fwp%2Fv2%2Ftags&post=33461"}],"curies":[{"name":"wp","href":"https:\/\/api.w.org\/{rel}","templated":true}]}}