{"id":33441,"date":"2025-02-18T10:44:02","date_gmt":"2025-02-18T09:44:02","guid":{"rendered":"https:\/\/ostrowskatv.pl\/?p=33441"},"modified":"2025-02-18T10:44:02","modified_gmt":"2025-02-18T09:44:02","slug":"niebezpieczny-przejazd-rowerowy-dal-o-sobie-znac","status":"publish","type":"post","link":"https:\/\/ostrowskatv.pl\/?p=33441","title":{"rendered":"Niebezpieczny przejazd rowerowy da\u0142 o sobie zna\u0107"},"content":{"rendered":"<p><strong>Do gro\u017anego zdarzenia drogowego dosz\u0142o dzisiaj przed wschodem s\u0142o\u0144ca na skrzy\u017cowaniu ulic Limanowskiego i Reymonta w Ostrowie Wielkopolskim. Miejsce to od dawna uchodzi za\u00a0 niebezpieczne, zw\u0142aszcza w trudniejszych warunkach o\u015bwietleniowych. Przekonali si\u0119 o tym 20-letnia rowerzystka oraz 30-letni kierowca samochodu marki Ford.<\/strong><\/p>\n<p>M\u0142oda kobieta przeje\u017cd\u017ca\u0142a przez przejazd rowerowy biegn\u0105cy wzd\u0142u\u017c ulicy Limanowskiego, gdy kierowca Forda, skr\u0119caj\u0105c, nie dostrzeg\u0142 jej na swojej drodze. Znanym problemem w tym miejscu jest brak odpowiedniego o\u015bwietlenia zar\u00f3wno przej\u015bcia dla pieszych, jak i s\u0105siaduj\u0105cego z nim przejazdu rowerowego. W takich warunkach kierowcy, zw\u0142aszcza ci, kt\u00f3rych pojazdy nie s\u0105 wyposa\u017cone w funkcj\u0119 do\u015bwietlania zakr\u0119t\u00f3w, maj\u0105 du\u017cy problem z dostrze\u017ceniem niezmotoryzowanych uczestnik\u00f3w ruchu.<\/p>\n<p>Na szcz\u0119\u015bcie tym razem zdarzenie zako\u0144czy\u0142o si\u0119 stosunkowo \u0142agodnie. Rowerzystka zosta\u0142a przewieziona do szpitala, jednak nie wykryto u niej powa\u017cniejszych obra\u017ce\u0144. Kierowca Forda poniesie konsekwencje swojego niedopatrzenia \u2013 otrzyma\u0142 mandat karny w wysoko\u015bci 1500 z\u0142, a na jego konto trafi\u0142o dodatkowe 12 punkt\u00f3w karnych.<\/p>\n<p>Mieszka\u0144cy okolicy od dawna zwracaj\u0105 uwag\u0119 na problem niedostatecznego o\u015bwietlenia w tym rejonie. Czy dopiero powa\u017cniejszy wypadek sk\u0142oni odpowiednie s\u0142u\u017cby do podj\u0119cia dzia\u0142a\u0144? Czas poka\u017ce, jednak jedno jest pewne \u2013 dop\u00f3ki sytuacja si\u0119 nie poprawi, rowerzy\u015bci i piesi powinni zachowa\u0107 w tym miejscu szczeg\u00f3ln\u0105 ostro\u017cno\u015b\u0107.<\/p>\n<p><img loading=\"lazy\" decoding=\"async\" src=\"https:\/\/ostrowskatv.pl\/wp-content\/uploads\/2025\/02\/1000144992.jpg\" alt=\"\" width=\"1920\" height=\"933\" class=\"alignnone size-full wp-image-33440\" srcset=\"https:\/\/ostrowskatv.pl\/wp-content\/uploads\/2025\/02\/1000144992.jpg 1920w, https:\/\/ostrowskatv.pl\/wp-content\/uploads\/2025\/02\/1000144992-300x146.jpg 300w, https:\/\/ostrowskatv.pl\/wp-content\/uploads\/2025\/02\/1000144992-1333x648.jpg 1333w, https:\/\/ostrowskatv.pl\/wp-content\/uploads\/2025\/02\/1000144992-1536x746.jpg 1536w\" sizes=\"auto, (max-width: 1920px) 100vw, 1920px\" \/><\/p>\n<p><img loading=\"lazy\" decoding=\"async\" src=\"https:\/\/ostrowskatv.pl\/wp-content\/uploads\/2025\/02\/1000144807.jpg\" alt=\"\" width=\"1920\" height=\"1081\" class=\"alignnone size-full wp-image-33439\" srcset=\"https:\/\/ostrowskatv.pl\/wp-content\/uploads\/2025\/02\/1000144807.jpg 1920w, https:\/\/ostrowskatv.pl\/wp-content\/uploads\/2025\/02\/1000144807-300x169.jpg 300w, https:\/\/ostrowskatv.pl\/wp-content\/uploads\/2025\/02\/1000144807-1333x751.jpg 1333w, https:\/\/ostrowskatv.pl\/wp-content\/uploads\/2025\/02\/1000144807-1536x865.jpg 1536w\" sizes=\"auto, (max-width: 1920px) 100vw, 1920px\" \/><\/p>\n<p><img loading=\"lazy\" decoding=\"async\" src=\"https:\/\/ostrowskatv.pl\/wp-content\/uploads\/2025\/02\/1000144808.jpg\" alt=\"\" width=\"1920\" height=\"1081\" class=\"alignnone size-full wp-image-33438\" srcset=\"https:\/\/ostrowskatv.pl\/wp-content\/uploads\/2025\/02\/1000144808.jpg 1920w, https:\/\/ostrowskatv.pl\/wp-content\/uploads\/2025\/02\/1000144808-300x169.jpg 300w, https:\/\/ostrowskatv.pl\/wp-content\/uploads\/2025\/02\/1000144808-1333x751.jpg 1333w, https:\/\/ostrowskatv.pl\/wp-content\/uploads\/2025\/02\/1000144808-1536x865.jpg 1536w\" sizes=\"auto, (max-width: 1920px) 100vw, 1920px\" \/><\/p>\n<p><img loading=\"lazy\" decoding=\"async\" src=\"https:\/\/ostrowskatv.pl\/wp-content\/uploads\/2025\/02\/1000144809.jpg\" alt=\"\" width=\"1920\" height=\"1472\" class=\"alignnone size-full wp-image-33437\" srcset=\"https:\/\/ostrowskatv.pl\/wp-content\/uploads\/2025\/02\/1000144809.jpg 1920w, https:\/\/ostrowskatv.pl\/wp-content\/uploads\/2025\/02\/1000144809-300x230.jpg 300w, https:\/\/ostrowskatv.pl\/wp-content\/uploads\/2025\/02\/1000144809-1333x1022.jpg 1333w, https:\/\/ostrowskatv.pl\/wp-content\/uploads\/2025\/02\/1000144809-1536x1178.jpg 1536w\" sizes=\"auto, (max-width: 1920px) 100vw, 1920px\" \/><\/p>\n<p><img loading=\"lazy\" decoding=\"async\" src=\"https:\/\/ostrowskatv.pl\/wp-content\/uploads\/2025\/02\/1000144815.jpg\" alt=\"\" width=\"1919\" height=\"1113\" class=\"alignnone size-full wp-image-33436\" srcset=\"https:\/\/ostrowskatv.pl\/wp-content\/uploads\/2025\/02\/1000144815.jpg 1919w, https:\/\/ostrowskatv.pl\/wp-content\/uploads\/2025\/02\/1000144815-300x174.jpg 300w, https:\/\/ostrowskatv.pl\/wp-content\/uploads\/2025\/02\/1000144815-1333x773.jpg 1333w, https:\/\/ostrowskatv.pl\/wp-content\/uploads\/2025\/02\/1000144815-1536x891.jpg 1536w\" sizes=\"auto, (max-width: 1919px) 100vw, 1919px\" \/><\/p>\n","protected":false},"excerpt":{"rendered":"Do gro\u017anego zdarzenia drogowego dosz\u0142o dzisiaj przed wschodem s\u0142o\u0144ca na skrzy\u017cowaniu ulic Limanowskiego i Reymonta w Ostrowie Wielkopolskim. Miejsce to od dawna uchodzi \n<a class=\"moretag\" href=\"https:\/\/ostrowskatv.pl\/?p=33441\"> [...]<\/a>","protected":false},"author":1,"featured_media":33438,"comment_status":"open","ping_status":"closed","sticky":false,"template":"","format":"standard","meta":{"footnotes":""},"categories":[1],"tags":[],"class_list":["post-33441","post","type-post","status-publish","format-standard","has-post-thumbnail","hentry","category-news"],"_links":{"self":[{"href":"https:\/\/ostrowskatv.pl\/index.php?rest_route=\/wp\/v2\/posts\/33441","targetHints":{"allow":["GET"]}}],"collection":[{"href":"https:\/\/ostrowskatv.pl\/index.php?rest_route=\/wp\/v2\/posts"}],"about":[{"href":"https:\/\/ostrowskatv.pl\/index.php?rest_route=\/wp\/v2\/types\/post"}],"author":[{"embeddable":true,"href":"https:\/\/ostrowskatv.pl\/index.php?rest_route=\/wp\/v2\/users\/1"}],"replies":[{"embeddable":true,"href":"https:\/\/ostrowskatv.pl\/index.php?rest_route=%2Fwp%2Fv2%2Fcomments&post=33441"}],"version-history":[{"count":1,"href":"https:\/\/ostrowskatv.pl\/index.php?rest_route=\/wp\/v2\/posts\/33441\/revisions"}],"predecessor-version":[{"id":33442,"href":"https:\/\/ostrowskatv.pl\/index.php?rest_route=\/wp\/v2\/posts\/33441\/revisions\/33442"}],"wp:featuredmedia":[{"embeddable":true,"href":"https:\/\/ostrowskatv.pl\/index.php?rest_route=\/wp\/v2\/media\/33438"}],"wp:attachment":[{"href":"https:\/\/ostrowskatv.pl\/index.php?rest_route=%2Fwp%2Fv2%2Fmedia&parent=33441"}],"wp:term":[{"taxonomy":"category","embeddable":true,"href":"https:\/\/ostrowskatv.pl\/index.php?rest_route=%2Fwp%2Fv2%2Fcategories&post=33441"},{"taxonomy":"post_tag","embeddable":true,"href":"https:\/\/ostrowskatv.pl\/index.php?rest_route=%2Fwp%2Fv2%2Ftags&post=33441"}],"curies":[{"name":"wp","href":"https:\/\/api.w.org\/{rel}","templated":true}]}}