{"id":33434,"date":"2025-02-15T19:48:03","date_gmt":"2025-02-15T18:48:03","guid":{"rendered":"https:\/\/ostrowskatv.pl\/?p=33434"},"modified":"2025-02-15T19:48:03","modified_gmt":"2025-02-15T18:48:03","slug":"poszkodowana-kobieta-w-ciazy-oraz-jej-maz-zdjecia","status":"publish","type":"post","link":"https:\/\/ostrowskatv.pl\/?p=33434","title":{"rendered":"Poszkodowana kobieta w ci\u0105\u017cy oraz jej m\u0105\u017c (ZDJ\u0118CIA)"},"content":{"rendered":"<p><strong>Dzisiaj, chwil\u0119 po godzinie 18:00, na skrzy\u017cowaniu ulic Szczeci\u0144skiej oraz Danysza w Ostrowie Wielkopolskim dosz\u0142o do gro\u017anego wypadku drogowego. W zdarzeniu bra\u0142y udzia\u0142 dwa samochody osobowe, w kt\u00f3rych podr\u00f3\u017cowa\u0142y trzy osoby, w tym kobieta w ci\u0105\u017cy.<\/strong><\/p>\n<p>Na miejsce natychmiast skierowano s\u0142u\u017cby ratunkowe \u2013 policj\u0119, stra\u017c po\u017carn\u0105 oraz pogotowie ratunkowe. Jak ustalili funkcjonariusze, przyczyn\u0105 zdarzenia by\u0142o nieprawid\u0142owe wykonanie manewru skr\u0119tu w lewo przez kieruj\u0105c\u0105 w \u015brednim wieku. Kobieta, skracaj\u0105c \u0142uk, uderzy\u0142a w naro\u017cnik Citroena, kt\u00f3rym podr\u00f3\u017cowa\u0142o m\u0142ode ma\u0142\u017ce\u0144stwo.<\/p>\n<p>Oboje uczestnicy Citroena, w tym kobieta w ci\u0105\u017cy oraz jej m\u0105\u017c, skar\u017cyli si\u0119 na dolegliwo\u015bci b\u00f3lowe, co wymaga\u0142o interwencji ratownik\u00f3w medycznych. Zostali oni przetransportowani do szpitala w celu przeprowadzenia dalszej diagnostyki i oceny ich stanu zdrowia.<\/p>\n<p>Policja prowadzi czynno\u015bci wyja\u015bniaj\u0105ce w tej sprawie. Apeluje r\u00f3wnie\u017c do kierowc\u00f3w o ostro\u017cno\u015b\u0107 i zachowanie szczeg\u00f3lnej uwagi podczas wykonywania manewr\u00f3w na skrzy\u017cowaniach.<\/p>\n<p><img loading=\"lazy\" decoding=\"async\" src=\"https:\/\/ostrowskatv.pl\/wp-content\/uploads\/2025\/02\/1000143737-1.jpg\" alt=\"\" width=\"1822\" height=\"1920\" class=\"alignnone size-full wp-image-33432\" srcset=\"https:\/\/ostrowskatv.pl\/wp-content\/uploads\/2025\/02\/1000143737-1.jpg 1822w, https:\/\/ostrowskatv.pl\/wp-content\/uploads\/2025\/02\/1000143737-1-285x300.jpg 285w, https:\/\/ostrowskatv.pl\/wp-content\/uploads\/2025\/02\/1000143737-1-1265x1333.jpg 1265w, https:\/\/ostrowskatv.pl\/wp-content\/uploads\/2025\/02\/1000143737-1-1458x1536.jpg 1458w\" sizes=\"auto, (max-width: 1822px) 100vw, 1822px\" \/><\/p>\n<p><img loading=\"lazy\" decoding=\"async\" src=\"https:\/\/ostrowskatv.pl\/wp-content\/uploads\/2025\/02\/1000143727.jpg\" alt=\"\" width=\"1920\" height=\"987\" class=\"alignnone size-full wp-image-33431\" srcset=\"https:\/\/ostrowskatv.pl\/wp-content\/uploads\/2025\/02\/1000143727.jpg 1920w, https:\/\/ostrowskatv.pl\/wp-content\/uploads\/2025\/02\/1000143727-300x154.jpg 300w, https:\/\/ostrowskatv.pl\/wp-content\/uploads\/2025\/02\/1000143727-1333x685.jpg 1333w, https:\/\/ostrowskatv.pl\/wp-content\/uploads\/2025\/02\/1000143727-1536x790.jpg 1536w\" sizes=\"auto, (max-width: 1920px) 100vw, 1920px\" \/><\/p>\n<p><img loading=\"lazy\" decoding=\"async\" src=\"https:\/\/ostrowskatv.pl\/wp-content\/uploads\/2025\/02\/1000143728.jpg\" alt=\"\" width=\"1920\" height=\"816\" class=\"alignnone size-full wp-image-33430\" srcset=\"https:\/\/ostrowskatv.pl\/wp-content\/uploads\/2025\/02\/1000143728.jpg 1920w, https:\/\/ostrowskatv.pl\/wp-content\/uploads\/2025\/02\/1000143728-300x128.jpg 300w, https:\/\/ostrowskatv.pl\/wp-content\/uploads\/2025\/02\/1000143728-1333x567.jpg 1333w, https:\/\/ostrowskatv.pl\/wp-content\/uploads\/2025\/02\/1000143728-1536x653.jpg 1536w\" sizes=\"auto, (max-width: 1920px) 100vw, 1920px\" \/><\/p>\n<p><img loading=\"lazy\" decoding=\"async\" src=\"https:\/\/ostrowskatv.pl\/wp-content\/uploads\/2025\/02\/1000143729.jpg\" alt=\"\" width=\"1920\" height=\"1085\" class=\"alignnone size-full wp-image-33429\" srcset=\"https:\/\/ostrowskatv.pl\/wp-content\/uploads\/2025\/02\/1000143729.jpg 1920w, https:\/\/ostrowskatv.pl\/wp-content\/uploads\/2025\/02\/1000143729-300x170.jpg 300w, https:\/\/ostrowskatv.pl\/wp-content\/uploads\/2025\/02\/1000143729-1333x753.jpg 1333w, https:\/\/ostrowskatv.pl\/wp-content\/uploads\/2025\/02\/1000143729-1536x868.jpg 1536w, https:\/\/ostrowskatv.pl\/wp-content\/uploads\/2025\/02\/1000143729-388x220.jpg 388w\" sizes=\"auto, (max-width: 1920px) 100vw, 1920px\" \/><\/p>\n<p><img loading=\"lazy\" decoding=\"async\" src=\"https:\/\/ostrowskatv.pl\/wp-content\/uploads\/2025\/02\/1000143730.jpg\" alt=\"\" width=\"1920\" height=\"1010\" class=\"alignnone size-full wp-image-33428\" srcset=\"https:\/\/ostrowskatv.pl\/wp-content\/uploads\/2025\/02\/1000143730.jpg 1920w, https:\/\/ostrowskatv.pl\/wp-content\/uploads\/2025\/02\/1000143730-300x158.jpg 300w, https:\/\/ostrowskatv.pl\/wp-content\/uploads\/2025\/02\/1000143730-1333x701.jpg 1333w, https:\/\/ostrowskatv.pl\/wp-content\/uploads\/2025\/02\/1000143730-1536x808.jpg 1536w\" sizes=\"auto, (max-width: 1920px) 100vw, 1920px\" \/><\/p>\n<p><img loading=\"lazy\" decoding=\"async\" src=\"https:\/\/ostrowskatv.pl\/wp-content\/uploads\/2025\/02\/1000143731.jpg\" alt=\"\" width=\"1920\" height=\"1070\" class=\"alignnone size-full wp-image-33427\" srcset=\"https:\/\/ostrowskatv.pl\/wp-content\/uploads\/2025\/02\/1000143731.jpg 1920w, https:\/\/ostrowskatv.pl\/wp-content\/uploads\/2025\/02\/1000143731-300x167.jpg 300w, https:\/\/ostrowskatv.pl\/wp-content\/uploads\/2025\/02\/1000143731-1333x743.jpg 1333w, https:\/\/ostrowskatv.pl\/wp-content\/uploads\/2025\/02\/1000143731-1536x856.jpg 1536w\" sizes=\"auto, (max-width: 1920px) 100vw, 1920px\" \/><\/p>\n","protected":false},"excerpt":{"rendered":"Dzisiaj, chwil\u0119 po godzinie 18:00, na skrzy\u017cowaniu ulic Szczeci\u0144skiej oraz Danysza w Ostrowie Wielkopolskim dosz\u0142o do gro\u017anego wypadku drogowego. W zdarzeniu bra\u0142y udzia\u0142 \n<a class=\"moretag\" href=\"https:\/\/ostrowskatv.pl\/?p=33434\"> [...]<\/a>","protected":false},"author":1,"featured_media":33427,"comment_status":"open","ping_status":"closed","sticky":false,"template":"","format":"standard","meta":{"footnotes":""},"categories":[1],"tags":[2],"class_list":["post-33434","post","type-post","status-publish","format-standard","has-post-thumbnail","hentry","category-news","tag-ostrow-wielkopolski"],"_links":{"self":[{"href":"https:\/\/ostrowskatv.pl\/index.php?rest_route=\/wp\/v2\/posts\/33434","targetHints":{"allow":["GET"]}}],"collection":[{"href":"https:\/\/ostrowskatv.pl\/index.php?rest_route=\/wp\/v2\/posts"}],"about":[{"href":"https:\/\/ostrowskatv.pl\/index.php?rest_route=\/wp\/v2\/types\/post"}],"author":[{"embeddable":true,"href":"https:\/\/ostrowskatv.pl\/index.php?rest_route=\/wp\/v2\/users\/1"}],"replies":[{"embeddable":true,"href":"https:\/\/ostrowskatv.pl\/index.php?rest_route=%2Fwp%2Fv2%2Fcomments&post=33434"}],"version-history":[{"count":1,"href":"https:\/\/ostrowskatv.pl\/index.php?rest_route=\/wp\/v2\/posts\/33434\/revisions"}],"predecessor-version":[{"id":33435,"href":"https:\/\/ostrowskatv.pl\/index.php?rest_route=\/wp\/v2\/posts\/33434\/revisions\/33435"}],"wp:featuredmedia":[{"embeddable":true,"href":"https:\/\/ostrowskatv.pl\/index.php?rest_route=\/wp\/v2\/media\/33427"}],"wp:attachment":[{"href":"https:\/\/ostrowskatv.pl\/index.php?rest_route=%2Fwp%2Fv2%2Fmedia&parent=33434"}],"wp:term":[{"taxonomy":"category","embeddable":true,"href":"https:\/\/ostrowskatv.pl\/index.php?rest_route=%2Fwp%2Fv2%2Fcategories&post=33434"},{"taxonomy":"post_tag","embeddable":true,"href":"https:\/\/ostrowskatv.pl\/index.php?rest_route=%2Fwp%2Fv2%2Ftags&post=33434"}],"curies":[{"name":"wp","href":"https:\/\/api.w.org\/{rel}","templated":true}]}}