{"id":33419,"date":"2025-02-15T16:17:15","date_gmt":"2025-02-15T15:17:15","guid":{"rendered":"https:\/\/ostrowskatv.pl\/?p=33419"},"modified":"2025-02-15T16:17:15","modified_gmt":"2025-02-15T15:17:15","slug":"protestowali-przed-lidl-em","status":"publish","type":"post","link":"https:\/\/ostrowskatv.pl\/?p=33419","title":{"rendered":"Protestowali przed LIDL-em"},"content":{"rendered":"<p><strong>W wielu miastach Polski odby\u0142y si\u0119 protesty przed sklepami sieci Lidl. Demonstracje by\u0142y wyrazem sprzeciwu wobec planowanej budowy du\u017cego centrum dystrybucyjnego tej firmy w miejscowo\u015bci Gietrzwa\u0142d. Protestuj\u0105cy argumentuj\u0105, \u017ce taka inwestycja mo\u017ce negatywnie wp\u0142yn\u0105\u0107 na unikalny charakter Gietrzwa\u0142du oraz jego walory krajobrazowe i historyczne. Podkre\u015blaj\u0105 r\u00f3wnie\u017c obawy zwi\u0105zane z mo\u017cliwym zwi\u0119kszeniem ruchu samochodowego i jego konsekwencjami dla mieszka\u0144c\u00f3w.<\/strong><\/p>\n<p>Jedna z manifestacji odby\u0142a si\u0119 tak\u017ce przed sklepem Lidl przy ulicy Pozna\u0144skiej w Ostrowie Wielkopolskim. Kilkana\u015bcie os\u00f3b zebra\u0142o si\u0119 przed wej\u015bciem, by wyrazi\u0107 swoje niezadowolenie i zaapelowa\u0107 do w\u0142adz o ponowne przeanalizowanie skutk\u00f3w planowanej inwestycji. Protestuj\u0105cy przekazywali informacje, zwracaj\u0105c uwag\u0119 na ochron\u0119 lokalnych warto\u015bci oraz konieczno\u015b\u0107 konsultacji spo\u0142ecznych w sprawie nowych projekt\u00f3w komercyjnych.<\/p>\n<p>Organizatorzy podkre\u015blaj\u0105, \u017ce ich celem nie jest sprzeciw wobec sieci Lidl jako takiej, lecz zwr\u00f3cenie uwagi na potencjalne negatywne skutki inwestycji w konkretnej lokalizacji. Apeluj\u0105 do w\u0142adz i inwestora o dialog oraz znalezienie alternatywnego rozwi\u0105zania, kt\u00f3re nie zagrozi specyfice Gietrzwa\u0142du.<\/p>\n<p><img loading=\"lazy\" decoding=\"async\" src=\"https:\/\/ostrowskatv.pl\/wp-content\/uploads\/2025\/02\/1000143650.jpg\" alt=\"\" width=\"1920\" height=\"929\" class=\"alignnone size-full wp-image-33423\" srcset=\"https:\/\/ostrowskatv.pl\/wp-content\/uploads\/2025\/02\/1000143650.jpg 1920w, https:\/\/ostrowskatv.pl\/wp-content\/uploads\/2025\/02\/1000143650-300x145.jpg 300w, https:\/\/ostrowskatv.pl\/wp-content\/uploads\/2025\/02\/1000143650-1333x645.jpg 1333w, https:\/\/ostrowskatv.pl\/wp-content\/uploads\/2025\/02\/1000143650-1536x743.jpg 1536w\" sizes=\"auto, (max-width: 1920px) 100vw, 1920px\" \/><\/p>\n<p><img loading=\"lazy\" decoding=\"async\" src=\"https:\/\/ostrowskatv.pl\/wp-content\/uploads\/2025\/02\/1000143647.jpg\" alt=\"\" width=\"1920\" height=\"1081\" class=\"alignnone size-full wp-image-33422\" srcset=\"https:\/\/ostrowskatv.pl\/wp-content\/uploads\/2025\/02\/1000143647.jpg 1920w, https:\/\/ostrowskatv.pl\/wp-content\/uploads\/2025\/02\/1000143647-300x169.jpg 300w, https:\/\/ostrowskatv.pl\/wp-content\/uploads\/2025\/02\/1000143647-1333x751.jpg 1333w, https:\/\/ostrowskatv.pl\/wp-content\/uploads\/2025\/02\/1000143647-1536x865.jpg 1536w\" sizes=\"auto, (max-width: 1920px) 100vw, 1920px\" \/><\/p>\n<p><img loading=\"lazy\" decoding=\"async\" src=\"https:\/\/ostrowskatv.pl\/wp-content\/uploads\/2025\/02\/1000143646.jpg\" alt=\"\" width=\"1920\" height=\"1081\" class=\"alignnone size-full wp-image-33421\" srcset=\"https:\/\/ostrowskatv.pl\/wp-content\/uploads\/2025\/02\/1000143646.jpg 1920w, https:\/\/ostrowskatv.pl\/wp-content\/uploads\/2025\/02\/1000143646-300x169.jpg 300w, https:\/\/ostrowskatv.pl\/wp-content\/uploads\/2025\/02\/1000143646-1333x751.jpg 1333w, https:\/\/ostrowskatv.pl\/wp-content\/uploads\/2025\/02\/1000143646-1536x865.jpg 1536w\" sizes=\"auto, (max-width: 1920px) 100vw, 1920px\" \/><\/p>\n<p><img loading=\"lazy\" decoding=\"async\" src=\"https:\/\/ostrowskatv.pl\/wp-content\/uploads\/2025\/02\/1000143645.jpg\" alt=\"\" width=\"1920\" height=\"1019\" class=\"alignnone size-full wp-image-33420\" srcset=\"https:\/\/ostrowskatv.pl\/wp-content\/uploads\/2025\/02\/1000143645.jpg 1920w, https:\/\/ostrowskatv.pl\/wp-content\/uploads\/2025\/02\/1000143645-300x159.jpg 300w, https:\/\/ostrowskatv.pl\/wp-content\/uploads\/2025\/02\/1000143645-1333x707.jpg 1333w, https:\/\/ostrowskatv.pl\/wp-content\/uploads\/2025\/02\/1000143645-1536x815.jpg 1536w\" sizes=\"auto, (max-width: 1920px) 100vw, 1920px\" \/><\/p>\n","protected":false},"excerpt":{"rendered":"W wielu miastach Polski odby\u0142y si\u0119 protesty przed sklepami sieci Lidl. Demonstracje by\u0142y wyrazem sprzeciwu wobec planowanej budowy du\u017cego centrum dystrybucyjnego tej firmy \n<a class=\"moretag\" href=\"https:\/\/ostrowskatv.pl\/?p=33419\"> [...]<\/a>","protected":false},"author":1,"featured_media":33423,"comment_status":"open","ping_status":"closed","sticky":false,"template":"","format":"standard","meta":{"footnotes":""},"categories":[1],"tags":[2],"class_list":["post-33419","post","type-post","status-publish","format-standard","has-post-thumbnail","hentry","category-news","tag-ostrow-wielkopolski"],"_links":{"self":[{"href":"https:\/\/ostrowskatv.pl\/index.php?rest_route=\/wp\/v2\/posts\/33419","targetHints":{"allow":["GET"]}}],"collection":[{"href":"https:\/\/ostrowskatv.pl\/index.php?rest_route=\/wp\/v2\/posts"}],"about":[{"href":"https:\/\/ostrowskatv.pl\/index.php?rest_route=\/wp\/v2\/types\/post"}],"author":[{"embeddable":true,"href":"https:\/\/ostrowskatv.pl\/index.php?rest_route=\/wp\/v2\/users\/1"}],"replies":[{"embeddable":true,"href":"https:\/\/ostrowskatv.pl\/index.php?rest_route=%2Fwp%2Fv2%2Fcomments&post=33419"}],"version-history":[{"count":1,"href":"https:\/\/ostrowskatv.pl\/index.php?rest_route=\/wp\/v2\/posts\/33419\/revisions"}],"predecessor-version":[{"id":33424,"href":"https:\/\/ostrowskatv.pl\/index.php?rest_route=\/wp\/v2\/posts\/33419\/revisions\/33424"}],"wp:featuredmedia":[{"embeddable":true,"href":"https:\/\/ostrowskatv.pl\/index.php?rest_route=\/wp\/v2\/media\/33423"}],"wp:attachment":[{"href":"https:\/\/ostrowskatv.pl\/index.php?rest_route=%2Fwp%2Fv2%2Fmedia&parent=33419"}],"wp:term":[{"taxonomy":"category","embeddable":true,"href":"https:\/\/ostrowskatv.pl\/index.php?rest_route=%2Fwp%2Fv2%2Fcategories&post=33419"},{"taxonomy":"post_tag","embeddable":true,"href":"https:\/\/ostrowskatv.pl\/index.php?rest_route=%2Fwp%2Fv2%2Ftags&post=33419"}],"curies":[{"name":"wp","href":"https:\/\/api.w.org\/{rel}","templated":true}]}}