{"id":33360,"date":"2025-02-04T07:51:46","date_gmt":"2025-02-04T06:51:46","guid":{"rendered":"https:\/\/ostrowskatv.pl\/?p=33360"},"modified":"2025-02-04T07:51:46","modified_gmt":"2025-02-04T06:51:46","slug":"zderzenie-dwoch-ciezarowek-w-antoninie-zdjecia","status":"publish","type":"post","link":"https:\/\/ostrowskatv.pl\/?p=33360","title":{"rendered":"Zderzenie dw\u00f3ch ci\u0119\u017car\u00f3wek w Antoninie (ZDJ\u0118CIA)"},"content":{"rendered":"<h1>W poniedzia\u0142ek po godzinie 21:00 na g\u0142\u00f3wnym skrzy\u017cowaniu w Antoninie dosz\u0142o do zderzenia dw\u00f3ch ci\u0119\u017car\u00f3wek. W wyniku kolizji ruch na tym odcinku przez d\u0142u\u017cszy czas by\u0142 utrudniony.<\/h1>\n<h2><strong>Przebieg zdarzenia<\/strong><\/h2>\n<p>Informacja o wypadku dotar\u0142a do s\u0142u\u017cb oko\u0142o godziny 21:30. Na miejsce natychmiast skierowano patrol policji, kt\u00f3ry zaj\u0105\u0142 si\u0119 wyja\u015bnianiem okoliczno\u015bci zdarzenia. Jak ustalono, w kolizji bra\u0142y udzia\u0142 dwie ci\u0119\u017car\u00f3wki prowadzone przez kierowc\u00f3w pochodz\u0105cych z zagranicy.<\/p>\n<p>Wed\u0142ug wst\u0119pnych ustale\u0144, kierowca Volvo jecha\u0142 od strony Ole\u015bnicy i zamierza\u0142 skr\u0119ci\u0107 w lewo na Ostr\u00f3w Wielkopolski. W momencie, gdy zobaczy\u0142, \u017ce inna ci\u0119\u017car\u00f3wka skr\u0119ca w prawo z drogi prowadz\u0105cej od Ostrowa Wielkopolskiego, uzna\u0142, \u017ce zd\u0105\u017cy i ruszy\u0142 z drogi podporz\u0105dkowanej. Nie zauwa\u017cy\u0142 jednak, \u017ce za skr\u0119caj\u0105c\u0105 ci\u0119\u017car\u00f3wk\u0105 nadje\u017cd\u017ca\u0142a tak\u017ce Scania, kt\u00f3ra porusza\u0142a si\u0119 prosto w kierunku Ostrzeszowa. W wyniku b\u0142\u0119dnej oceny sytuacji dosz\u0142o do zderzenia.<\/p>\n<h2><strong>Skutki wypadku<\/strong><\/h2>\n<p>Kierowca Scanii, obywatel Ukrainy, odczuwa\u0142 b\u00f3l nogi, jednak odm\u00f3wi\u0142 skorzystania z pomocy medycznej. Natomiast sprawca kolizji, kierowca Volvo pochodz\u0105cy z bardziej egzotycznego kraju, nie odni\u00f3s\u0142 \u017cadnych obra\u017ce\u0144. Kabina jego pojazdu pozosta\u0142a nienaruszona, a uderzenie nast\u0105pi\u0142o w bok naczepy.<\/p>\n<p>Po zako\u0144czeniu policyjnych czynno\u015bci na miejsce zdarzenia skierowano zast\u0119p Ochotniczej Stra\u017cy Po\u017carnej, kt\u00f3ry zaj\u0105\u0142 si\u0119 uprz\u0105tni\u0119ciem skutk\u00f3w kolizji.<\/p>\n<h2><strong>Utrudnienia w ruchu<\/strong><\/h2>\n<p>Zdarzenie spowodowa\u0142o utrudnienia w ruchu, kt\u00f3re trwa\u0142y przez d\u0142u\u017cszy czas. Dopiero po uprz\u0105tni\u0119ciu miejsca kolizji droga zosta\u0142a ca\u0142kowicie udro\u017cniona. Policja apeluje do kierowc\u00f3w o zachowanie szczeg\u00f3lnej ostro\u017cno\u015bci na tym skrzy\u017cowaniu, zw\u0142aszcza w godzinach wieczornych.<\/p>\n<p><img loading=\"lazy\" decoding=\"async\" src=\"https:\/\/ostrowskatv.pl\/wp-content\/uploads\/2025\/02\/1000140263.jpg\" alt=\"\" width=\"1920\" height=\"1074\" class=\"alignnone size-full wp-image-33361\" srcset=\"https:\/\/ostrowskatv.pl\/wp-content\/uploads\/2025\/02\/1000140263.jpg 1920w, https:\/\/ostrowskatv.pl\/wp-content\/uploads\/2025\/02\/1000140263-300x168.jpg 300w, https:\/\/ostrowskatv.pl\/wp-content\/uploads\/2025\/02\/1000140263-1333x746.jpg 1333w, https:\/\/ostrowskatv.pl\/wp-content\/uploads\/2025\/02\/1000140263-1536x859.jpg 1536w\" sizes=\"auto, (max-width: 1920px) 100vw, 1920px\" \/><\/p>\n<p><img loading=\"lazy\" decoding=\"async\" src=\"https:\/\/ostrowskatv.pl\/wp-content\/uploads\/2025\/02\/1000140256.jpg\" alt=\"\" width=\"1920\" height=\"1081\" class=\"alignnone size-full wp-image-33362\" srcset=\"https:\/\/ostrowskatv.pl\/wp-content\/uploads\/2025\/02\/1000140256.jpg 1920w, https:\/\/ostrowskatv.pl\/wp-content\/uploads\/2025\/02\/1000140256-300x169.jpg 300w, https:\/\/ostrowskatv.pl\/wp-content\/uploads\/2025\/02\/1000140256-1333x751.jpg 1333w, https:\/\/ostrowskatv.pl\/wp-content\/uploads\/2025\/02\/1000140256-1536x865.jpg 1536w\" sizes=\"auto, (max-width: 1920px) 100vw, 1920px\" \/><\/p>\n<p><img loading=\"lazy\" decoding=\"async\" src=\"https:\/\/ostrowskatv.pl\/wp-content\/uploads\/2025\/02\/1000140250.jpg\" alt=\"\" width=\"1920\" height=\"1081\" class=\"alignnone size-full wp-image-33363\" srcset=\"https:\/\/ostrowskatv.pl\/wp-content\/uploads\/2025\/02\/1000140250.jpg 1920w, https:\/\/ostrowskatv.pl\/wp-content\/uploads\/2025\/02\/1000140250-300x169.jpg 300w, https:\/\/ostrowskatv.pl\/wp-content\/uploads\/2025\/02\/1000140250-1333x751.jpg 1333w, https:\/\/ostrowskatv.pl\/wp-content\/uploads\/2025\/02\/1000140250-1536x865.jpg 1536w\" sizes=\"auto, (max-width: 1920px) 100vw, 1920px\" \/><\/p>\n<p><img loading=\"lazy\" decoding=\"async\" src=\"https:\/\/ostrowskatv.pl\/wp-content\/uploads\/2025\/02\/1000140249.jpg\" alt=\"\" width=\"1081\" height=\"1920\" class=\"alignnone size-full wp-image-33364\" srcset=\"https:\/\/ostrowskatv.pl\/wp-content\/uploads\/2025\/02\/1000140249.jpg 1081w, https:\/\/ostrowskatv.pl\/wp-content\/uploads\/2025\/02\/1000140249-169x300.jpg 169w, https:\/\/ostrowskatv.pl\/wp-content\/uploads\/2025\/02\/1000140249-751x1333.jpg 751w, https:\/\/ostrowskatv.pl\/wp-content\/uploads\/2025\/02\/1000140249-865x1536.jpg 865w\" sizes=\"auto, (max-width: 1081px) 100vw, 1081px\" \/><\/p>\n<p><img loading=\"lazy\" decoding=\"async\" src=\"https:\/\/ostrowskatv.pl\/wp-content\/uploads\/2025\/02\/1000140243.jpg\" alt=\"\" width=\"1081\" height=\"1920\" class=\"alignnone size-full wp-image-33365\" srcset=\"https:\/\/ostrowskatv.pl\/wp-content\/uploads\/2025\/02\/1000140243.jpg 1081w, https:\/\/ostrowskatv.pl\/wp-content\/uploads\/2025\/02\/1000140243-169x300.jpg 169w, https:\/\/ostrowskatv.pl\/wp-content\/uploads\/2025\/02\/1000140243-751x1333.jpg 751w, https:\/\/ostrowskatv.pl\/wp-content\/uploads\/2025\/02\/1000140243-865x1536.jpg 865w\" sizes=\"auto, (max-width: 1081px) 100vw, 1081px\" \/><\/p>\n<p><img loading=\"lazy\" decoding=\"async\" src=\"https:\/\/ostrowskatv.pl\/wp-content\/uploads\/2025\/02\/1000140242.jpg\" alt=\"\" width=\"1920\" height=\"1081\" class=\"alignnone size-full wp-image-33366\" srcset=\"https:\/\/ostrowskatv.pl\/wp-content\/uploads\/2025\/02\/1000140242.jpg 1920w, https:\/\/ostrowskatv.pl\/wp-content\/uploads\/2025\/02\/1000140242-300x169.jpg 300w, https:\/\/ostrowskatv.pl\/wp-content\/uploads\/2025\/02\/1000140242-1333x751.jpg 1333w, https:\/\/ostrowskatv.pl\/wp-content\/uploads\/2025\/02\/1000140242-1536x865.jpg 1536w\" sizes=\"auto, (max-width: 1920px) 100vw, 1920px\" \/><\/p>\n<p><img loading=\"lazy\" decoding=\"async\" src=\"https:\/\/ostrowskatv.pl\/wp-content\/uploads\/2025\/02\/1000140241.jpg\" alt=\"\" width=\"1920\" height=\"1081\" class=\"alignnone size-full wp-image-33367\" srcset=\"https:\/\/ostrowskatv.pl\/wp-content\/uploads\/2025\/02\/1000140241.jpg 1920w, https:\/\/ostrowskatv.pl\/wp-content\/uploads\/2025\/02\/1000140241-300x169.jpg 300w, https:\/\/ostrowskatv.pl\/wp-content\/uploads\/2025\/02\/1000140241-1333x751.jpg 1333w, https:\/\/ostrowskatv.pl\/wp-content\/uploads\/2025\/02\/1000140241-1536x865.jpg 1536w\" sizes=\"auto, (max-width: 1920px) 100vw, 1920px\" \/><\/p>\n<p>&nbsp;<\/p>\n","protected":false},"excerpt":{"rendered":"W poniedzia\u0142ek po godzinie 21:00 na g\u0142\u00f3wnym skrzy\u017cowaniu w Antoninie dosz\u0142o do zderzenia dw\u00f3ch ci\u0119\u017car\u00f3wek. W wyniku kolizji ruch na tym odcinku przez \n<a class=\"moretag\" href=\"https:\/\/ostrowskatv.pl\/?p=33360\"> [...]<\/a>","protected":false},"author":1,"featured_media":33363,"comment_status":"open","ping_status":"closed","sticky":false,"template":"","format":"standard","meta":{"footnotes":""},"categories":[1],"tags":[82,48],"class_list":["post-33360","post","type-post","status-publish","format-standard","has-post-thumbnail","hentry","category-news","tag-antonin","tag-kolizja"],"_links":{"self":[{"href":"https:\/\/ostrowskatv.pl\/index.php?rest_route=\/wp\/v2\/posts\/33360","targetHints":{"allow":["GET"]}}],"collection":[{"href":"https:\/\/ostrowskatv.pl\/index.php?rest_route=\/wp\/v2\/posts"}],"about":[{"href":"https:\/\/ostrowskatv.pl\/index.php?rest_route=\/wp\/v2\/types\/post"}],"author":[{"embeddable":true,"href":"https:\/\/ostrowskatv.pl\/index.php?rest_route=\/wp\/v2\/users\/1"}],"replies":[{"embeddable":true,"href":"https:\/\/ostrowskatv.pl\/index.php?rest_route=%2Fwp%2Fv2%2Fcomments&post=33360"}],"version-history":[{"count":1,"href":"https:\/\/ostrowskatv.pl\/index.php?rest_route=\/wp\/v2\/posts\/33360\/revisions"}],"predecessor-version":[{"id":33368,"href":"https:\/\/ostrowskatv.pl\/index.php?rest_route=\/wp\/v2\/posts\/33360\/revisions\/33368"}],"wp:featuredmedia":[{"embeddable":true,"href":"https:\/\/ostrowskatv.pl\/index.php?rest_route=\/wp\/v2\/media\/33363"}],"wp:attachment":[{"href":"https:\/\/ostrowskatv.pl\/index.php?rest_route=%2Fwp%2Fv2%2Fmedia&parent=33360"}],"wp:term":[{"taxonomy":"category","embeddable":true,"href":"https:\/\/ostrowskatv.pl\/index.php?rest_route=%2Fwp%2Fv2%2Fcategories&post=33360"},{"taxonomy":"post_tag","embeddable":true,"href":"https:\/\/ostrowskatv.pl\/index.php?rest_route=%2Fwp%2Fv2%2Ftags&post=33360"}],"curies":[{"name":"wp","href":"https:\/\/api.w.org\/{rel}","templated":true}]}}