{"id":3335,"date":"2017-03-05T15:41:40","date_gmt":"2017-03-05T14:41:40","guid":{"rendered":"http:\/\/ostrowska.tv\/?p=3335"},"modified":"2017-03-05T15:41:40","modified_gmt":"2017-03-05T14:41:40","slug":"znaleziono-zwloki-mezczyzny-na-skraju-lasu","status":"publish","type":"post","link":"https:\/\/ostrowskatv.pl\/?p=3335","title":{"rendered":"Znaleziono zw\u0142oki m\u0119\u017cczyzny na skraju lasu"},"content":{"rendered":"<p><strong>Od soboty poszukiwanego 41-letniego mieszka\u0144ca Topoli Ma\u0142ej. Funkcjonariusze ograniczyli teren poszukiwa\u0144 do pobliskich las\u00f3w wok\u00f3\u0142 wsi. 19 funkcjonariuszy policji wraz ze stra\u017cakami ochotnikami z jednostki OSP Topola Ma\u0142a zgromadzi\u0142o si\u0119 o godzinie 10:00 w niedziel\u0119. St\u0105d te\u017c wyruszyli w g\u0142\u0105b lasu rosn\u0105cego przy drodze Ostr\u00f3w Wlkp. &#8211; Odolan\u00f3w.<\/strong><\/p>\n<p>Po oko\u0142o 20 minutach wyszli z niego, poniewa\u017c dow\u00f3dztwo akcji otrzyma\u0142o informacj\u0119 o odnalezieniu cia\u0142a na innym obszarze. Okaza\u0142o si\u0119, \u017ce cia\u0142o m\u0119\u017cczyzny znajdowa\u0142o si\u0119 na skraju lasu, a tragicznego odkrycia dokona\u0142 spokrewniony ze zmar\u0142ym m\u0119\u017cczyzna. Wiele wskazuje na to, \u017ce denat dokona\u0142 samob\u00f3jstwa.<\/p>\n","protected":false},"excerpt":{"rendered":"Od soboty poszukiwanego 41-letniego mieszka\u0144ca Topoli Ma\u0142ej. Funkcjonariusze ograniczyli teren poszukiwa\u0144 do pobliskich las\u00f3w wok\u00f3\u0142 wsi. 19 funkcjonariuszy policji wraz ze stra\u017cakami ochotnikami \n<a class=\"moretag\" href=\"https:\/\/ostrowskatv.pl\/?p=3335\"> [...]<\/a>","protected":false},"author":1,"featured_media":3334,"comment_status":"open","ping_status":"open","sticky":false,"template":"","format":"standard","meta":{"footnotes":""},"categories":[1],"tags":[123],"class_list":["post-3335","post","type-post","status-publish","format-standard","has-post-thumbnail","hentry","category-news","tag-topola-mala"],"_links":{"self":[{"href":"https:\/\/ostrowskatv.pl\/index.php?rest_route=\/wp\/v2\/posts\/3335","targetHints":{"allow":["GET"]}}],"collection":[{"href":"https:\/\/ostrowskatv.pl\/index.php?rest_route=\/wp\/v2\/posts"}],"about":[{"href":"https:\/\/ostrowskatv.pl\/index.php?rest_route=\/wp\/v2\/types\/post"}],"author":[{"embeddable":true,"href":"https:\/\/ostrowskatv.pl\/index.php?rest_route=\/wp\/v2\/users\/1"}],"replies":[{"embeddable":true,"href":"https:\/\/ostrowskatv.pl\/index.php?rest_route=%2Fwp%2Fv2%2Fcomments&post=3335"}],"version-history":[{"count":0,"href":"https:\/\/ostrowskatv.pl\/index.php?rest_route=\/wp\/v2\/posts\/3335\/revisions"}],"wp:featuredmedia":[{"embeddable":true,"href":"https:\/\/ostrowskatv.pl\/index.php?rest_route=\/wp\/v2\/media\/3334"}],"wp:attachment":[{"href":"https:\/\/ostrowskatv.pl\/index.php?rest_route=%2Fwp%2Fv2%2Fmedia&parent=3335"}],"wp:term":[{"taxonomy":"category","embeddable":true,"href":"https:\/\/ostrowskatv.pl\/index.php?rest_route=%2Fwp%2Fv2%2Fcategories&post=3335"},{"taxonomy":"post_tag","embeddable":true,"href":"https:\/\/ostrowskatv.pl\/index.php?rest_route=%2Fwp%2Fv2%2Ftags&post=3335"}],"curies":[{"name":"wp","href":"https:\/\/api.w.org\/{rel}","templated":true}]}}