{"id":33333,"date":"2025-01-30T10:14:02","date_gmt":"2025-01-30T09:14:02","guid":{"rendered":"https:\/\/ostrowskatv.pl\/?p=33333"},"modified":"2025-01-30T10:20:49","modified_gmt":"2025-01-30T09:20:49","slug":"zaskoczenie-na-sesji-rady-miejskiej-ostatnia-taka-kawusia","status":"publish","type":"post","link":"https:\/\/ostrowskatv.pl\/?p=33333","title":{"rendered":"Zaskoczenie na Sesji Rady Miejskiej. Ostatnia taka kawusia?"},"content":{"rendered":"<p><strong>Dzisiejsza sesja Rady Miejskiej Ostrowa Wielkopolskiego rozpocz\u0119\u0142a si\u0119 od nieoczekiwanego wniosku, kt\u00f3ry wp\u0142yn\u0105\u0142 tu\u017c przed godzin\u0105 9. Sze\u015bciu radnych z\u0142o\u017cy\u0142o propozycj\u0119 odwo\u0142ania z funkcji wiceprzewodnicz\u0105cego Rady Miejskiej, Adama Wasieli, reprezentuj\u0105cego ugrupowanie Polska 2050.<\/strong><\/p>\n<h2><strong>Zaskoczenie i nieoficjalne powody decyzji<\/strong><\/h2>\n<p>Sam zainteresowany nie kry\u0142 zdziwienia, gdy us\u0142ysza\u0142 tre\u015b\u0107 wniosku. Cho\u0107 oficjalne uzasadnienie nie zosta\u0142o podane, nieoficjalnie m\u00f3wi si\u0119, \u017ce powodem mo\u017ce by\u0107 jego brak dostosowania si\u0119 do g\u0142osowa\u0144 zgodnych z wol\u0105 wi\u0119kszo\u015bci skupionej wok\u00f3\u0142 prezydent Beaty Klimek. Radni mieli uzna\u0107, \u017ce nie spe\u0142nia on ich oczekiwa\u0144 w zakresie wsp\u00f3\u0142pracy i podejmowania decyzji zgodnych z ustaleniami wi\u0119kszo\u015bci.<\/p>\n<h2><strong>Co dalej?<\/strong><\/h2>\n<p>Chocia\u017c wniosek o odwo\u0142anie zosta\u0142 z\u0142o\u017cony, na tej samej sesji nie mo\u017ce odby\u0107 si\u0119 g\u0142osowanie nad nowym kandydatem na to stanowisko. O tym, kto zast\u0105pi Adama Wasiel\u0119, radni zdecyduj\u0105 dopiero na kolejnej sesji Rady Miejskiej.<\/p>\n<p>Ostateczna decyzja dotycz\u0105ca odwo\u0142ania obecnego wiceprzewodnicz\u0105cego zapadnie pod koniec dzisiejszych obrad. Wydarzenia te pokazuj\u0105, \u017ce uk\u0142ad si\u0142 w ostrowskiej radzie mo\u017ce ulec zmianie, a przysz\u0142e g\u0142osowania mog\u0105 przybra\u0107 nowy kierunek.<\/p>\n<p>&nbsp;<\/p>\n<p><img loading=\"lazy\" decoding=\"async\" class=\"alignnone size-full wp-image-33335\" src=\"https:\/\/ostrowskatv.pl\/wp-content\/uploads\/2025\/01\/1000139194.jpg\" alt=\"\" width=\"1920\" height=\"889\" srcset=\"https:\/\/ostrowskatv.pl\/wp-content\/uploads\/2025\/01\/1000139194.jpg 1920w, https:\/\/ostrowskatv.pl\/wp-content\/uploads\/2025\/01\/1000139194-300x139.jpg 300w, https:\/\/ostrowskatv.pl\/wp-content\/uploads\/2025\/01\/1000139194-1333x617.jpg 1333w, https:\/\/ostrowskatv.pl\/wp-content\/uploads\/2025\/01\/1000139194-1536x711.jpg 1536w\" sizes=\"auto, (max-width: 1920px) 100vw, 1920px\" \/><\/p>\n<p><img loading=\"lazy\" decoding=\"async\" class=\"alignnone size-full wp-image-33336\" src=\"https:\/\/ostrowskatv.pl\/wp-content\/uploads\/2025\/01\/1000139218.jpg\" alt=\"\" width=\"1920\" height=\"963\" srcset=\"https:\/\/ostrowskatv.pl\/wp-content\/uploads\/2025\/01\/1000139218.jpg 1920w, https:\/\/ostrowskatv.pl\/wp-content\/uploads\/2025\/01\/1000139218-300x150.jpg 300w, https:\/\/ostrowskatv.pl\/wp-content\/uploads\/2025\/01\/1000139218-1333x669.jpg 1333w, https:\/\/ostrowskatv.pl\/wp-content\/uploads\/2025\/01\/1000139218-1536x770.jpg 1536w\" sizes=\"auto, (max-width: 1920px) 100vw, 1920px\" \/><\/p>\n<p><img loading=\"lazy\" decoding=\"async\" class=\"alignnone size-full wp-image-33337\" src=\"https:\/\/ostrowskatv.pl\/wp-content\/uploads\/2025\/01\/1000139222.jpg\" alt=\"\" width=\"1920\" height=\"1039\" srcset=\"https:\/\/ostrowskatv.pl\/wp-content\/uploads\/2025\/01\/1000139222.jpg 1920w, https:\/\/ostrowskatv.pl\/wp-content\/uploads\/2025\/01\/1000139222-300x162.jpg 300w, https:\/\/ostrowskatv.pl\/wp-content\/uploads\/2025\/01\/1000139222-1333x721.jpg 1333w, https:\/\/ostrowskatv.pl\/wp-content\/uploads\/2025\/01\/1000139222-1536x831.jpg 1536w\" sizes=\"auto, (max-width: 1920px) 100vw, 1920px\" \/><\/p>\n<p><img loading=\"lazy\" decoding=\"async\" class=\"alignnone size-full wp-image-33338\" src=\"https:\/\/ostrowskatv.pl\/wp-content\/uploads\/2025\/01\/1000139206.jpg\" alt=\"\" width=\"1920\" height=\"1081\" srcset=\"https:\/\/ostrowskatv.pl\/wp-content\/uploads\/2025\/01\/1000139206.jpg 1920w, https:\/\/ostrowskatv.pl\/wp-content\/uploads\/2025\/01\/1000139206-300x169.jpg 300w, https:\/\/ostrowskatv.pl\/wp-content\/uploads\/2025\/01\/1000139206-1333x751.jpg 1333w, https:\/\/ostrowskatv.pl\/wp-content\/uploads\/2025\/01\/1000139206-1536x865.jpg 1536w\" sizes=\"auto, (max-width: 1920px) 100vw, 1920px\" \/><\/p>\n<p><img loading=\"lazy\" decoding=\"async\" src=\"https:\/\/ostrowskatv.pl\/wp-content\/uploads\/2025\/01\/1000139236.jpg\" alt=\"\" width=\"1623\" height=\"874\" class=\"alignnone size-full wp-image-33334\" srcset=\"https:\/\/ostrowskatv.pl\/wp-content\/uploads\/2025\/01\/1000139236.jpg 1623w, https:\/\/ostrowskatv.pl\/wp-content\/uploads\/2025\/01\/1000139236-300x162.jpg 300w, https:\/\/ostrowskatv.pl\/wp-content\/uploads\/2025\/01\/1000139236-1333x718.jpg 1333w, https:\/\/ostrowskatv.pl\/wp-content\/uploads\/2025\/01\/1000139236-1536x827.jpg 1536w\" sizes=\"auto, (max-width: 1623px) 100vw, 1623px\" \/><\/p>\n<p><iframe loading=\"lazy\" title=\"Odwo\u0142anie Adama Wasieli - wniosek\" width=\"747\" height=\"420\" src=\"https:\/\/www.youtube.com\/embed\/dTKvAQ-rFEg?feature=oembed\" frameborder=\"0\" allow=\"accelerometer; autoplay; clipboard-write; encrypted-media; gyroscope; picture-in-picture; web-share\" referrerpolicy=\"strict-origin-when-cross-origin\" allowfullscreen><\/iframe><\/p>\n","protected":false},"excerpt":{"rendered":"Dzisiejsza sesja Rady Miejskiej Ostrowa Wielkopolskiego rozpocz\u0119\u0142a si\u0119 od nieoczekiwanego wniosku, kt\u00f3ry wp\u0142yn\u0105\u0142 tu\u017c przed godzin\u0105 9. Sze\u015bciu radnych z\u0142o\u017cy\u0142o propozycj\u0119 odwo\u0142ania z \n<a class=\"moretag\" href=\"https:\/\/ostrowskatv.pl\/?p=33333\"> [...]<\/a>","protected":false},"author":1,"featured_media":33341,"comment_status":"open","ping_status":"closed","sticky":false,"template":"","format":"standard","meta":{"footnotes":""},"categories":[1],"tags":[],"class_list":["post-33333","post","type-post","status-publish","format-standard","has-post-thumbnail","hentry","category-news"],"_links":{"self":[{"href":"https:\/\/ostrowskatv.pl\/index.php?rest_route=\/wp\/v2\/posts\/33333","targetHints":{"allow":["GET"]}}],"collection":[{"href":"https:\/\/ostrowskatv.pl\/index.php?rest_route=\/wp\/v2\/posts"}],"about":[{"href":"https:\/\/ostrowskatv.pl\/index.php?rest_route=\/wp\/v2\/types\/post"}],"author":[{"embeddable":true,"href":"https:\/\/ostrowskatv.pl\/index.php?rest_route=\/wp\/v2\/users\/1"}],"replies":[{"embeddable":true,"href":"https:\/\/ostrowskatv.pl\/index.php?rest_route=%2Fwp%2Fv2%2Fcomments&post=33333"}],"version-history":[{"count":3,"href":"https:\/\/ostrowskatv.pl\/index.php?rest_route=\/wp\/v2\/posts\/33333\/revisions"}],"predecessor-version":[{"id":33342,"href":"https:\/\/ostrowskatv.pl\/index.php?rest_route=\/wp\/v2\/posts\/33333\/revisions\/33342"}],"wp:featuredmedia":[{"embeddable":true,"href":"https:\/\/ostrowskatv.pl\/index.php?rest_route=\/wp\/v2\/media\/33341"}],"wp:attachment":[{"href":"https:\/\/ostrowskatv.pl\/index.php?rest_route=%2Fwp%2Fv2%2Fmedia&parent=33333"}],"wp:term":[{"taxonomy":"category","embeddable":true,"href":"https:\/\/ostrowskatv.pl\/index.php?rest_route=%2Fwp%2Fv2%2Fcategories&post=33333"},{"taxonomy":"post_tag","embeddable":true,"href":"https:\/\/ostrowskatv.pl\/index.php?rest_route=%2Fwp%2Fv2%2Ftags&post=33333"}],"curies":[{"name":"wp","href":"https:\/\/api.w.org\/{rel}","templated":true}]}}