{"id":33288,"date":"2025-01-27T12:21:13","date_gmt":"2025-01-27T11:21:13","guid":{"rendered":"https:\/\/ostrowskatv.pl\/?p=33288"},"modified":"2025-01-27T12:21:13","modified_gmt":"2025-01-27T11:21:13","slug":"nie-zyje-pracownik-zostal-przygnieciony","status":"publish","type":"post","link":"https:\/\/ostrowskatv.pl\/?p=33288","title":{"rendered":"Nie \u017cyje pracownik. Zosta\u0142 przygnieciony"},"content":{"rendered":"<p><strong>O godzinie 12 rozegra\u0142 si\u0119 dramat na terenie jednej z firm w Odolanowie przy ulicy Pozna\u0144skiej.<\/strong><\/p>\n<p>Pracownik zosta\u0142 przygnieciony i niestety zgin\u0105\u0142 na miejscu. Trwa ustalanie dok\u0142adnych okoliczno\u015bci zdarzenia.<\/p>\n<p>Wkr\u00f3tce wi\u0119cej informacji.<\/p>\n<p><img loading=\"lazy\" decoding=\"async\" src=\"https:\/\/ostrowskatv.pl\/wp-content\/uploads\/2025\/01\/1000138630.jpg\" alt=\"\" width=\"1919\" height=\"1022\" class=\"alignnone size-full wp-image-33289\" srcset=\"https:\/\/ostrowskatv.pl\/wp-content\/uploads\/2025\/01\/1000138630.jpg 1919w, https:\/\/ostrowskatv.pl\/wp-content\/uploads\/2025\/01\/1000138630-300x160.jpg 300w, https:\/\/ostrowskatv.pl\/wp-content\/uploads\/2025\/01\/1000138630-1333x710.jpg 1333w, https:\/\/ostrowskatv.pl\/wp-content\/uploads\/2025\/01\/1000138630-1536x818.jpg 1536w\" sizes=\"auto, (max-width: 1919px) 100vw, 1919px\" \/><\/p>\n<p><img loading=\"lazy\" decoding=\"async\" src=\"https:\/\/ostrowskatv.pl\/wp-content\/uploads\/2025\/01\/1000138620.jpg\" alt=\"\" width=\"1847\" height=\"1127\" class=\"alignnone size-full wp-image-33290\" srcset=\"https:\/\/ostrowskatv.pl\/wp-content\/uploads\/2025\/01\/1000138620.jpg 1847w, https:\/\/ostrowskatv.pl\/wp-content\/uploads\/2025\/01\/1000138620-300x183.jpg 300w, https:\/\/ostrowskatv.pl\/wp-content\/uploads\/2025\/01\/1000138620-1333x813.jpg 1333w, https:\/\/ostrowskatv.pl\/wp-content\/uploads\/2025\/01\/1000138620-1536x937.jpg 1536w\" sizes=\"auto, (max-width: 1847px) 100vw, 1847px\" \/><\/p>\n","protected":false},"excerpt":{"rendered":"O godzinie 12 rozegra\u0142 si\u0119 dramat na terenie jednej z firm w Odolanowie przy ulicy Pozna\u0144skiej. Pracownik zosta\u0142 przygnieciony i niestety zgin\u0105\u0142 na \n<a class=\"moretag\" href=\"https:\/\/ostrowskatv.pl\/?p=33288\"> [...]<\/a>","protected":false},"author":1,"featured_media":33290,"comment_status":"open","ping_status":"closed","sticky":false,"template":"","format":"standard","meta":{"footnotes":""},"categories":[1],"tags":[38],"class_list":["post-33288","post","type-post","status-publish","format-standard","has-post-thumbnail","hentry","category-news","tag-odolanow"],"_links":{"self":[{"href":"https:\/\/ostrowskatv.pl\/index.php?rest_route=\/wp\/v2\/posts\/33288","targetHints":{"allow":["GET"]}}],"collection":[{"href":"https:\/\/ostrowskatv.pl\/index.php?rest_route=\/wp\/v2\/posts"}],"about":[{"href":"https:\/\/ostrowskatv.pl\/index.php?rest_route=\/wp\/v2\/types\/post"}],"author":[{"embeddable":true,"href":"https:\/\/ostrowskatv.pl\/index.php?rest_route=\/wp\/v2\/users\/1"}],"replies":[{"embeddable":true,"href":"https:\/\/ostrowskatv.pl\/index.php?rest_route=%2Fwp%2Fv2%2Fcomments&post=33288"}],"version-history":[{"count":1,"href":"https:\/\/ostrowskatv.pl\/index.php?rest_route=\/wp\/v2\/posts\/33288\/revisions"}],"predecessor-version":[{"id":33291,"href":"https:\/\/ostrowskatv.pl\/index.php?rest_route=\/wp\/v2\/posts\/33288\/revisions\/33291"}],"wp:featuredmedia":[{"embeddable":true,"href":"https:\/\/ostrowskatv.pl\/index.php?rest_route=\/wp\/v2\/media\/33290"}],"wp:attachment":[{"href":"https:\/\/ostrowskatv.pl\/index.php?rest_route=%2Fwp%2Fv2%2Fmedia&parent=33288"}],"wp:term":[{"taxonomy":"category","embeddable":true,"href":"https:\/\/ostrowskatv.pl\/index.php?rest_route=%2Fwp%2Fv2%2Fcategories&post=33288"},{"taxonomy":"post_tag","embeddable":true,"href":"https:\/\/ostrowskatv.pl\/index.php?rest_route=%2Fwp%2Fv2%2Ftags&post=33288"}],"curies":[{"name":"wp","href":"https:\/\/api.w.org\/{rel}","templated":true}]}}