{"id":33279,"date":"2025-01-27T12:07:53","date_gmt":"2025-01-27T11:07:53","guid":{"rendered":"https:\/\/ostrowskatv.pl\/?p=33279"},"modified":"2025-01-27T12:07:53","modified_gmt":"2025-01-27T11:07:53","slug":"tir-zaladowany-tym-warzywem-przewrocil-sie-znamy-przyczyne","status":"publish","type":"post","link":"https:\/\/ostrowskatv.pl\/?p=33279","title":{"rendered":"Tir za\u0142adowany tym warzywem przewr\u00f3ci\u0142 si\u0119. Znamy przyczyn\u0119"},"content":{"rendered":"<p><strong><span style=\"font-size: 1rem;\">W poniedzia\u0142ek rano, oko\u0142o godziny 9:30, w miejscowo\u015bci Kur\u00f3w (gmina Nowe Skalmierzyce) dosz\u0142o do zdarzenia drogowego z udzia\u0142em samochodu ci\u0119\u017carowego przewo\u017c\u0105cego 23 tony cebuli w skrzyniach. Pojazd zmierza\u0142 z Inowroc\u0142awia do firmy w Ko\u015bciuszkowie, jednak na trasie dosz\u0142o do niebezpiecznego incydentu.<\/span><\/strong><\/p>\n<p>Jak wynika z relacji \u015bwiadk\u00f3w, kierowca ci\u0119\u017car\u00f3wki marki Volvo porusza\u0142 si\u0119 za ci\u0105gnikiem rolniczym, kt\u00f3ry jecha\u0142 z pr\u0119dko\u015bci\u0105 oko\u0142o 30 km\/h. W pewnym momencie z naprzeciwka nadjecha\u0142 inny samoch\u00f3d ci\u0119\u017carowy. Aby unikn\u0105\u0107 zderzenia lusterkami, kierowca Volvo podj\u0105\u0142 decyzj\u0119 o odbiciu w prawo. Niestety manewr ten zako\u0144czy\u0142 si\u0119 wypadkiem \u2013 naczepa zjecha\u0142a z drogi na mi\u0119kkie pobocze, co spowodowa\u0142o jej przewr\u00f3cenie si\u0119 na bok. Ci\u0119\u017car naczepy poci\u0105gn\u0105\u0142 za sob\u0105 ci\u0105gnik siod\u0142owy.<\/p>\n<p>Na szcz\u0119\u015bcie kierowca Volvo, oko\u0142o 35-letni m\u0119\u017cczyzna, wyszed\u0142 z wypadku bez obra\u017ce\u0144. Na miejsce zdarzenia wezwano s\u0142u\u017cby ratunkowe \u2013 w akcji bra\u0142o udzia\u0142 kilka zast\u0119p\u00f3w stra\u017cy po\u017carnej oraz policja. Stra\u017cacy zabezpieczyli teren oraz zaj\u0119li si\u0119 usuni\u0119ciem skutk\u00f3w wypadku. Na drodze wyst\u0105pi\u0142y chwilowe utrudnienia w ruchu.<\/p>\n<p>M\u0119\u017cczyzn\u0119 ukarano mandatem karnym.<\/p>\n<p><img loading=\"lazy\" decoding=\"async\" src=\"https:\/\/ostrowskatv.pl\/wp-content\/uploads\/2025\/01\/1000138563.jpg\" alt=\"\" width=\"1920\" height=\"1081\" class=\"alignnone size-full wp-image-33280\" srcset=\"https:\/\/ostrowskatv.pl\/wp-content\/uploads\/2025\/01\/1000138563.jpg 1920w, https:\/\/ostrowskatv.pl\/wp-content\/uploads\/2025\/01\/1000138563-300x169.jpg 300w, https:\/\/ostrowskatv.pl\/wp-content\/uploads\/2025\/01\/1000138563-1333x751.jpg 1333w, https:\/\/ostrowskatv.pl\/wp-content\/uploads\/2025\/01\/1000138563-1536x865.jpg 1536w\" sizes=\"auto, (max-width: 1920px) 100vw, 1920px\" \/><\/p>\n<p><img loading=\"lazy\" decoding=\"async\" src=\"https:\/\/ostrowskatv.pl\/wp-content\/uploads\/2025\/01\/1000138556.jpg\" alt=\"\" width=\"1920\" height=\"1081\" class=\"alignnone size-full wp-image-33281\" srcset=\"https:\/\/ostrowskatv.pl\/wp-content\/uploads\/2025\/01\/1000138556.jpg 1920w, https:\/\/ostrowskatv.pl\/wp-content\/uploads\/2025\/01\/1000138556-300x169.jpg 300w, https:\/\/ostrowskatv.pl\/wp-content\/uploads\/2025\/01\/1000138556-1333x751.jpg 1333w, https:\/\/ostrowskatv.pl\/wp-content\/uploads\/2025\/01\/1000138556-1536x865.jpg 1536w\" sizes=\"auto, (max-width: 1920px) 100vw, 1920px\" \/><\/p>\n<p><img loading=\"lazy\" decoding=\"async\" src=\"https:\/\/ostrowskatv.pl\/wp-content\/uploads\/2025\/01\/1000138555.jpg\" alt=\"\" width=\"1920\" height=\"1081\" class=\"alignnone size-full wp-image-33282\" srcset=\"https:\/\/ostrowskatv.pl\/wp-content\/uploads\/2025\/01\/1000138555.jpg 1920w, https:\/\/ostrowskatv.pl\/wp-content\/uploads\/2025\/01\/1000138555-300x169.jpg 300w, https:\/\/ostrowskatv.pl\/wp-content\/uploads\/2025\/01\/1000138555-1333x751.jpg 1333w, https:\/\/ostrowskatv.pl\/wp-content\/uploads\/2025\/01\/1000138555-1536x865.jpg 1536w\" sizes=\"auto, (max-width: 1920px) 100vw, 1920px\" \/><\/p>\n<p><img loading=\"lazy\" decoding=\"async\" src=\"https:\/\/ostrowskatv.pl\/wp-content\/uploads\/2025\/01\/1000138553.jpg\" alt=\"\" width=\"1920\" height=\"1106\" class=\"alignnone size-full wp-image-33283\" srcset=\"https:\/\/ostrowskatv.pl\/wp-content\/uploads\/2025\/01\/1000138553.jpg 1920w, https:\/\/ostrowskatv.pl\/wp-content\/uploads\/2025\/01\/1000138553-300x173.jpg 300w, https:\/\/ostrowskatv.pl\/wp-content\/uploads\/2025\/01\/1000138553-1333x768.jpg 1333w, https:\/\/ostrowskatv.pl\/wp-content\/uploads\/2025\/01\/1000138553-1536x885.jpg 1536w\" sizes=\"auto, (max-width: 1920px) 100vw, 1920px\" \/><\/p>\n<p><img loading=\"lazy\" decoding=\"async\" src=\"https:\/\/ostrowskatv.pl\/wp-content\/uploads\/2025\/01\/1000138552.jpg\" alt=\"\" width=\"1920\" height=\"947\" class=\"alignnone size-full wp-image-33284\" srcset=\"https:\/\/ostrowskatv.pl\/wp-content\/uploads\/2025\/01\/1000138552.jpg 1920w, https:\/\/ostrowskatv.pl\/wp-content\/uploads\/2025\/01\/1000138552-300x148.jpg 300w, https:\/\/ostrowskatv.pl\/wp-content\/uploads\/2025\/01\/1000138552-1333x657.jpg 1333w, https:\/\/ostrowskatv.pl\/wp-content\/uploads\/2025\/01\/1000138552-1536x758.jpg 1536w\" sizes=\"auto, (max-width: 1920px) 100vw, 1920px\" \/><\/p>\n<p><img loading=\"lazy\" decoding=\"async\" src=\"https:\/\/ostrowskatv.pl\/wp-content\/uploads\/2025\/01\/1000138543.jpg\" alt=\"\" width=\"1081\" height=\"1920\" class=\"alignnone size-full wp-image-33285\" srcset=\"https:\/\/ostrowskatv.pl\/wp-content\/uploads\/2025\/01\/1000138543.jpg 1081w, https:\/\/ostrowskatv.pl\/wp-content\/uploads\/2025\/01\/1000138543-169x300.jpg 169w, https:\/\/ostrowskatv.pl\/wp-content\/uploads\/2025\/01\/1000138543-751x1333.jpg 751w, https:\/\/ostrowskatv.pl\/wp-content\/uploads\/2025\/01\/1000138543-865x1536.jpg 865w\" sizes=\"auto, (max-width: 1081px) 100vw, 1081px\" \/><\/p>\n<p><img loading=\"lazy\" decoding=\"async\" src=\"https:\/\/ostrowskatv.pl\/wp-content\/uploads\/2025\/01\/1000138542.jpg\" alt=\"\" width=\"1920\" height=\"1081\" class=\"alignnone size-full wp-image-33286\" srcset=\"https:\/\/ostrowskatv.pl\/wp-content\/uploads\/2025\/01\/1000138542.jpg 1920w, https:\/\/ostrowskatv.pl\/wp-content\/uploads\/2025\/01\/1000138542-300x169.jpg 300w, https:\/\/ostrowskatv.pl\/wp-content\/uploads\/2025\/01\/1000138542-1333x751.jpg 1333w, https:\/\/ostrowskatv.pl\/wp-content\/uploads\/2025\/01\/1000138542-1536x865.jpg 1536w\" sizes=\"auto, (max-width: 1920px) 100vw, 1920px\" \/><\/p>\n","protected":false},"excerpt":{"rendered":"W poniedzia\u0142ek rano, oko\u0142o godziny 9:30, w miejscowo\u015bci Kur\u00f3w (gmina Nowe Skalmierzyce) dosz\u0142o do zdarzenia drogowego z udzia\u0142em samochodu ci\u0119\u017carowego przewo\u017c\u0105cego 23 tony \n<a class=\"moretag\" href=\"https:\/\/ostrowskatv.pl\/?p=33279\"> [...]<\/a>","protected":false},"author":1,"featured_media":33280,"comment_status":"open","ping_status":"closed","sticky":false,"template":"","format":"standard","meta":{"footnotes":""},"categories":[1],"tags":[150],"class_list":["post-33279","post","type-post","status-publish","format-standard","has-post-thumbnail","hentry","category-news","tag-gm-nowe-skalmierzyce"],"_links":{"self":[{"href":"https:\/\/ostrowskatv.pl\/index.php?rest_route=\/wp\/v2\/posts\/33279","targetHints":{"allow":["GET"]}}],"collection":[{"href":"https:\/\/ostrowskatv.pl\/index.php?rest_route=\/wp\/v2\/posts"}],"about":[{"href":"https:\/\/ostrowskatv.pl\/index.php?rest_route=\/wp\/v2\/types\/post"}],"author":[{"embeddable":true,"href":"https:\/\/ostrowskatv.pl\/index.php?rest_route=\/wp\/v2\/users\/1"}],"replies":[{"embeddable":true,"href":"https:\/\/ostrowskatv.pl\/index.php?rest_route=%2Fwp%2Fv2%2Fcomments&post=33279"}],"version-history":[{"count":1,"href":"https:\/\/ostrowskatv.pl\/index.php?rest_route=\/wp\/v2\/posts\/33279\/revisions"}],"predecessor-version":[{"id":33287,"href":"https:\/\/ostrowskatv.pl\/index.php?rest_route=\/wp\/v2\/posts\/33279\/revisions\/33287"}],"wp:featuredmedia":[{"embeddable":true,"href":"https:\/\/ostrowskatv.pl\/index.php?rest_route=\/wp\/v2\/media\/33280"}],"wp:attachment":[{"href":"https:\/\/ostrowskatv.pl\/index.php?rest_route=%2Fwp%2Fv2%2Fmedia&parent=33279"}],"wp:term":[{"taxonomy":"category","embeddable":true,"href":"https:\/\/ostrowskatv.pl\/index.php?rest_route=%2Fwp%2Fv2%2Fcategories&post=33279"},{"taxonomy":"post_tag","embeddable":true,"href":"https:\/\/ostrowskatv.pl\/index.php?rest_route=%2Fwp%2Fv2%2Ftags&post=33279"}],"curies":[{"name":"wp","href":"https:\/\/api.w.org\/{rel}","templated":true}]}}