{"id":33260,"date":"2025-01-26T17:56:36","date_gmt":"2025-01-26T16:56:36","guid":{"rendered":"https:\/\/ostrowskatv.pl\/?p=33260"},"modified":"2025-01-26T17:56:36","modified_gmt":"2025-01-26T16:56:36","slug":"wypadek-na-przejsciu-dla-pieszych-apel-o-rozwage-na-drodze-zdjecia","status":"publish","type":"post","link":"https:\/\/ostrowskatv.pl\/?p=33260","title":{"rendered":"Wypadek na przej\u015bciu dla pieszych: apel o rozwag\u0119 na drodze (ZDJ\u0118CIA)"},"content":{"rendered":"<h3><span style=\"font-family: 'Source Sans Pro', sans-serif; font-size: 1rem;\">W niedziel\u0119 po godzinie 17.00 dosz\u0142o do wypadku na przej\u015bciu dla pieszych w pobli\u017cu Forum Synagogi. Ponad 60-letni m\u0119\u017cczyzna, przechodz\u0105c w stron\u0119 ulicy Konopnickiej, zosta\u0142 potr\u0105cony przez kierowc\u0119 SUV-a marki Mercedes. Jak ustalono, kieruj\u0105cy pojazdem, oko\u0142o 55-letni m\u0119\u017cczyzna, nie zauwa\u017cy\u0142 pieszego.<\/span><\/h3>\n<p><strong>Szybka pomoc na miejscu zdarzenia<\/strong><br \/>\nNa miejsce wypadku natychmiast przybyli ratownicy z grupy poszukiwawczo-ratowniczej, kt\u00f3rzy zabezpieczyli poszkodowanego. M\u0119\u017cczyzna skar\u017cy\u0142 si\u0119 na b\u00f3l biodra, co wskazuje na mo\u017cliwo\u015b\u0107 powa\u017cniejszych obra\u017ce\u0144. Wkr\u00f3tce na miejscu pojawi\u0142 si\u0119 tak\u017ce patrol drog\u00f3wki oraz karetka pogotowia, kt\u00f3ra zaj\u0119\u0142a si\u0119 poszkodowanym.<\/p>\n<p><strong>Przestroga dla pieszych i kierowc\u00f3w<\/strong><br \/>\nDo podobnych sytuacji dochodzi coraz cz\u0119\u015bciej, co przypomina o konieczno\u015bci zachowania ostro\u017cno\u015bci zar\u00f3wno przez pieszych, jak i kierowc\u00f3w. Szczeg\u00f3lnie w okresie jesienno-zimowym, gdy widoczno\u015b\u0107 na drogach jest ograniczona, noszenie element\u00f3w odblaskowych mo\u017ce uratowa\u0107 \u017cycie.<\/p>\n<p>Warto pami\u0119ta\u0107, aby zawsze upewni\u0107 si\u0119, czy kierowca nas widzi, zanim wejdziemy na przej\u015bcie dla pieszych. Pojazdy, zw\u0142aszcza te ci\u0119\u017csze, jak SUV-y wa\u017c\u0105ce ponad p\u00f3\u0142torej tony, potrzebuj\u0105 wi\u0119cej czasu na zatrzymanie. Brak rozwagi mo\u017ce prowadzi\u0107 do tragicznych konsekwencji.<\/p>\n<p><strong>Apel o rozwag\u0119<\/strong><br \/>\nTo zdarzenie to kolejny dow\u00f3d na to, \u017ce zar\u00f3wno kierowcy, jak i piesi musz\u0105 zachowywa\u0107 wzmo\u017con\u0105 ostro\u017cno\u015b\u0107. Noszenie odblask\u00f3w, zwracanie uwagi na ruch drogowy i przestrzeganie zasad pierwsze\u0144stwa to kluczowe kroki w celu poprawy bezpiecze\u0144stwa na drogach.<\/p>\n<p><img loading=\"lazy\" decoding=\"async\" src=\"https:\/\/ostrowskatv.pl\/wp-content\/uploads\/2025\/01\/1000138319.jpg\" alt=\"\" width=\"1920\" height=\"1081\" class=\"alignnone size-full wp-image-33261\" srcset=\"https:\/\/ostrowskatv.pl\/wp-content\/uploads\/2025\/01\/1000138319.jpg 1920w, https:\/\/ostrowskatv.pl\/wp-content\/uploads\/2025\/01\/1000138319-300x169.jpg 300w, https:\/\/ostrowskatv.pl\/wp-content\/uploads\/2025\/01\/1000138319-1333x751.jpg 1333w, https:\/\/ostrowskatv.pl\/wp-content\/uploads\/2025\/01\/1000138319-1536x865.jpg 1536w\" sizes=\"auto, (max-width: 1920px) 100vw, 1920px\" \/><\/p>\n<p><img loading=\"lazy\" decoding=\"async\" src=\"https:\/\/ostrowskatv.pl\/wp-content\/uploads\/2025\/01\/1000138321.jpg\" alt=\"\" width=\"1920\" height=\"1081\" class=\"alignnone size-full wp-image-33262\" srcset=\"https:\/\/ostrowskatv.pl\/wp-content\/uploads\/2025\/01\/1000138321.jpg 1920w, https:\/\/ostrowskatv.pl\/wp-content\/uploads\/2025\/01\/1000138321-300x169.jpg 300w, https:\/\/ostrowskatv.pl\/wp-content\/uploads\/2025\/01\/1000138321-1333x751.jpg 1333w, https:\/\/ostrowskatv.pl\/wp-content\/uploads\/2025\/01\/1000138321-1536x865.jpg 1536w\" sizes=\"auto, (max-width: 1920px) 100vw, 1920px\" \/><\/p>\n<p><img loading=\"lazy\" decoding=\"async\" src=\"https:\/\/ostrowskatv.pl\/wp-content\/uploads\/2025\/01\/1000138322.jpg\" alt=\"\" width=\"1920\" height=\"977\" class=\"alignnone size-full wp-image-33263\" srcset=\"https:\/\/ostrowskatv.pl\/wp-content\/uploads\/2025\/01\/1000138322.jpg 1920w, https:\/\/ostrowskatv.pl\/wp-content\/uploads\/2025\/01\/1000138322-300x153.jpg 300w, https:\/\/ostrowskatv.pl\/wp-content\/uploads\/2025\/01\/1000138322-1333x678.jpg 1333w, https:\/\/ostrowskatv.pl\/wp-content\/uploads\/2025\/01\/1000138322-1536x782.jpg 1536w\" sizes=\"auto, (max-width: 1920px) 100vw, 1920px\" \/><\/p>\n<p><img loading=\"lazy\" decoding=\"async\" src=\"https:\/\/ostrowskatv.pl\/wp-content\/uploads\/2025\/01\/1000138325.jpg\" alt=\"\" width=\"1920\" height=\"1081\" class=\"alignnone size-full wp-image-33264\" srcset=\"https:\/\/ostrowskatv.pl\/wp-content\/uploads\/2025\/01\/1000138325.jpg 1920w, https:\/\/ostrowskatv.pl\/wp-content\/uploads\/2025\/01\/1000138325-300x169.jpg 300w, https:\/\/ostrowskatv.pl\/wp-content\/uploads\/2025\/01\/1000138325-1333x751.jpg 1333w, https:\/\/ostrowskatv.pl\/wp-content\/uploads\/2025\/01\/1000138325-1536x865.jpg 1536w\" sizes=\"auto, (max-width: 1920px) 100vw, 1920px\" \/><\/p>\n<p><img loading=\"lazy\" decoding=\"async\" src=\"https:\/\/ostrowskatv.pl\/wp-content\/uploads\/2025\/01\/1000138326.jpg\" alt=\"\" width=\"1920\" height=\"1142\" class=\"alignnone size-full wp-image-33265\" srcset=\"https:\/\/ostrowskatv.pl\/wp-content\/uploads\/2025\/01\/1000138326.jpg 1920w, https:\/\/ostrowskatv.pl\/wp-content\/uploads\/2025\/01\/1000138326-300x178.jpg 300w, https:\/\/ostrowskatv.pl\/wp-content\/uploads\/2025\/01\/1000138326-1333x793.jpg 1333w, https:\/\/ostrowskatv.pl\/wp-content\/uploads\/2025\/01\/1000138326-1536x914.jpg 1536w\" sizes=\"auto, (max-width: 1920px) 100vw, 1920px\" \/><\/p>\n<p><img loading=\"lazy\" decoding=\"async\" src=\"https:\/\/ostrowskatv.pl\/wp-content\/uploads\/2025\/01\/1000138327.jpg\" alt=\"\" width=\"1920\" height=\"823\" class=\"alignnone size-full wp-image-33266\" srcset=\"https:\/\/ostrowskatv.pl\/wp-content\/uploads\/2025\/01\/1000138327.jpg 1920w, https:\/\/ostrowskatv.pl\/wp-content\/uploads\/2025\/01\/1000138327-300x129.jpg 300w, https:\/\/ostrowskatv.pl\/wp-content\/uploads\/2025\/01\/1000138327-1333x571.jpg 1333w, https:\/\/ostrowskatv.pl\/wp-content\/uploads\/2025\/01\/1000138327-1536x658.jpg 1536w\" sizes=\"auto, (max-width: 1920px) 100vw, 1920px\" \/><\/p>\n<p><img loading=\"lazy\" decoding=\"async\" src=\"https:\/\/ostrowskatv.pl\/wp-content\/uploads\/2025\/01\/1000138328.jpg\" alt=\"\" width=\"1920\" height=\"1081\" class=\"alignnone size-full wp-image-33267\" srcset=\"https:\/\/ostrowskatv.pl\/wp-content\/uploads\/2025\/01\/1000138328.jpg 1920w, https:\/\/ostrowskatv.pl\/wp-content\/uploads\/2025\/01\/1000138328-300x169.jpg 300w, https:\/\/ostrowskatv.pl\/wp-content\/uploads\/2025\/01\/1000138328-1333x751.jpg 1333w, https:\/\/ostrowskatv.pl\/wp-content\/uploads\/2025\/01\/1000138328-1536x865.jpg 1536w\" sizes=\"auto, (max-width: 1920px) 100vw, 1920px\" \/><\/p>\n","protected":false},"excerpt":{"rendered":"W niedziel\u0119 po godzinie 17.00 dosz\u0142o do wypadku na przej\u015bciu dla pieszych w pobli\u017cu Forum Synagogi. Ponad 60-letni m\u0119\u017cczyzna, przechodz\u0105c w stron\u0119 ulicy \n<a class=\"moretag\" href=\"https:\/\/ostrowskatv.pl\/?p=33260\"> [...]<\/a>","protected":false},"author":1,"featured_media":33264,"comment_status":"open","ping_status":"closed","sticky":false,"template":"","format":"standard","meta":{"footnotes":""},"categories":[1],"tags":[2],"class_list":["post-33260","post","type-post","status-publish","format-standard","has-post-thumbnail","hentry","category-news","tag-ostrow-wielkopolski"],"_links":{"self":[{"href":"https:\/\/ostrowskatv.pl\/index.php?rest_route=\/wp\/v2\/posts\/33260","targetHints":{"allow":["GET"]}}],"collection":[{"href":"https:\/\/ostrowskatv.pl\/index.php?rest_route=\/wp\/v2\/posts"}],"about":[{"href":"https:\/\/ostrowskatv.pl\/index.php?rest_route=\/wp\/v2\/types\/post"}],"author":[{"embeddable":true,"href":"https:\/\/ostrowskatv.pl\/index.php?rest_route=\/wp\/v2\/users\/1"}],"replies":[{"embeddable":true,"href":"https:\/\/ostrowskatv.pl\/index.php?rest_route=%2Fwp%2Fv2%2Fcomments&post=33260"}],"version-history":[{"count":1,"href":"https:\/\/ostrowskatv.pl\/index.php?rest_route=\/wp\/v2\/posts\/33260\/revisions"}],"predecessor-version":[{"id":33268,"href":"https:\/\/ostrowskatv.pl\/index.php?rest_route=\/wp\/v2\/posts\/33260\/revisions\/33268"}],"wp:featuredmedia":[{"embeddable":true,"href":"https:\/\/ostrowskatv.pl\/index.php?rest_route=\/wp\/v2\/media\/33264"}],"wp:attachment":[{"href":"https:\/\/ostrowskatv.pl\/index.php?rest_route=%2Fwp%2Fv2%2Fmedia&parent=33260"}],"wp:term":[{"taxonomy":"category","embeddable":true,"href":"https:\/\/ostrowskatv.pl\/index.php?rest_route=%2Fwp%2Fv2%2Fcategories&post=33260"},{"taxonomy":"post_tag","embeddable":true,"href":"https:\/\/ostrowskatv.pl\/index.php?rest_route=%2Fwp%2Fv2%2Ftags&post=33260"}],"curies":[{"name":"wp","href":"https:\/\/api.w.org\/{rel}","templated":true}]}}