{"id":3322,"date":"2017-03-05T09:30:17","date_gmt":"2017-03-05T08:30:17","guid":{"rendered":"http:\/\/ostrowska.tv\/?p=3322"},"modified":"2017-03-05T09:32:29","modified_gmt":"2017-03-05T08:32:29","slug":"mezczyzna-w-ciezkim-stanie-znaleziony-na-ogrodkach-dzialkowych","status":"publish","type":"post","link":"https:\/\/ostrowskatv.pl\/?p=3322","title":{"rendered":"M\u0119\u017cczyzna w ci\u0119\u017ckim stanie znaleziony na ogr\u00f3dkach dzia\u0142kowych"},"content":{"rendered":"<p><strong>W sobotnie popo\u0142udnie s\u0142u\u017cby ratownicze zosta\u0142y wezwane do nieprzytomnego m\u0119\u017cczyzny. Poszkodowany znajdowa\u0142 si\u0119 w jednej z altanek na terenie ogr\u00f3dk\u00f3w dzia\u0142kowych &#8222;Relaks&#8221;, przy ul. Spichrzowej. Poza karetk\u0105 pogotowia, zadysponowano r\u00f3wnie\u017c stra\u017c po\u017carn\u0105 i policj\u0119.<\/strong><\/p>\n<p>Na miejscu zastano niespe\u0142na 80-letniego m\u0119\u017cczyzn\u0119. W altance znalaz\u0142a go \u017cona. By\u0142o podejrzenie, \u017ce z\u0142y stan m\u0119\u017cczyzny mo\u017ce wynika\u0107 z zatrucia tlenkiem w\u0119gla. Po wej\u015bciu do budynku by\u0142 wyczuwalny dym.<\/p>\n<p>Stra\u017cacy nie potwierdzili obecno\u015bci czadu, a badania w szpitalu wykaza\u0142y udar. M\u0119\u017cczyzna w stanie ci\u0119\u017ckim przebywa w ostrowskim szpitalu.<\/p>\n<div id='gallery-1' class='gallery galleryid-3322 gallery-columns-3 gallery-size-thumbnail'><figure class='gallery-item'>\n\t\t\t<div class='gallery-icon landscape'>\n\t\t\t\t<a href='https:\/\/ostrowskatv.pl\/?attachment_id=3325'><img loading=\"lazy\" decoding=\"async\" width=\"150\" height=\"150\" src=\"https:\/\/ostrowskatv.pl\/wp-content\/uploads\/2017\/03\/20170304_152819-150x150.jpg\" class=\"attachment-thumbnail size-thumbnail\" alt=\"\" \/><\/a>\n\t\t\t<\/div><\/figure><figure class='gallery-item'>\n\t\t\t<div class='gallery-icon landscape'>\n\t\t\t\t<a href='https:\/\/ostrowskatv.pl\/?attachment_id=3324'><img loading=\"lazy\" decoding=\"async\" width=\"150\" height=\"150\" src=\"https:\/\/ostrowskatv.pl\/wp-content\/uploads\/2017\/03\/20170304_160254-150x150.jpg\" class=\"attachment-thumbnail size-thumbnail\" alt=\"\" \/><\/a>\n\t\t\t<\/div><\/figure><figure class='gallery-item'>\n\t\t\t<div class='gallery-icon landscape'>\n\t\t\t\t<a href='https:\/\/ostrowskatv.pl\/?attachment_id=3323'><img loading=\"lazy\" decoding=\"async\" width=\"150\" height=\"150\" src=\"https:\/\/ostrowskatv.pl\/wp-content\/uploads\/2017\/03\/20170304_153904-150x150.jpg\" class=\"attachment-thumbnail size-thumbnail\" alt=\"\" \/><\/a>\n\t\t\t<\/div><\/figure>\n\t\t<\/div>\n\n","protected":false},"excerpt":{"rendered":"W sobotnie popo\u0142udnie s\u0142u\u017cby ratownicze zosta\u0142y wezwane do nieprzytomnego m\u0119\u017cczyzny. Poszkodowany znajdowa\u0142 si\u0119 w jednej z altanek na terenie ogr\u00f3dk\u00f3w dzia\u0142kowych &#8222;Relaks&#8221;, przy \n<a class=\"moretag\" href=\"https:\/\/ostrowskatv.pl\/?p=3322\"> [...]<\/a>","protected":false},"author":1,"featured_media":3325,"comment_status":"open","ping_status":"open","sticky":false,"template":"","format":"standard","meta":{"footnotes":""},"categories":[1],"tags":[2],"class_list":["post-3322","post","type-post","status-publish","format-standard","has-post-thumbnail","hentry","category-news","tag-ostrow-wielkopolski"],"_links":{"self":[{"href":"https:\/\/ostrowskatv.pl\/index.php?rest_route=\/wp\/v2\/posts\/3322","targetHints":{"allow":["GET"]}}],"collection":[{"href":"https:\/\/ostrowskatv.pl\/index.php?rest_route=\/wp\/v2\/posts"}],"about":[{"href":"https:\/\/ostrowskatv.pl\/index.php?rest_route=\/wp\/v2\/types\/post"}],"author":[{"embeddable":true,"href":"https:\/\/ostrowskatv.pl\/index.php?rest_route=\/wp\/v2\/users\/1"}],"replies":[{"embeddable":true,"href":"https:\/\/ostrowskatv.pl\/index.php?rest_route=%2Fwp%2Fv2%2Fcomments&post=3322"}],"version-history":[{"count":0,"href":"https:\/\/ostrowskatv.pl\/index.php?rest_route=\/wp\/v2\/posts\/3322\/revisions"}],"wp:featuredmedia":[{"embeddable":true,"href":"https:\/\/ostrowskatv.pl\/index.php?rest_route=\/wp\/v2\/media\/3325"}],"wp:attachment":[{"href":"https:\/\/ostrowskatv.pl\/index.php?rest_route=%2Fwp%2Fv2%2Fmedia&parent=3322"}],"wp:term":[{"taxonomy":"category","embeddable":true,"href":"https:\/\/ostrowskatv.pl\/index.php?rest_route=%2Fwp%2Fv2%2Fcategories&post=3322"},{"taxonomy":"post_tag","embeddable":true,"href":"https:\/\/ostrowskatv.pl\/index.php?rest_route=%2Fwp%2Fv2%2Ftags&post=3322"}],"curies":[{"name":"wp","href":"https:\/\/api.w.org\/{rel}","templated":true}]}}