{"id":33200,"date":"2025-01-23T09:49:32","date_gmt":"2025-01-23T08:49:32","guid":{"rendered":"https:\/\/ostrowskatv.pl\/?p=33200"},"modified":"2025-01-23T09:49:32","modified_gmt":"2025-01-23T08:49:32","slug":"zderzenie-citroenow-kolo-przepompowni","status":"publish","type":"post","link":"https:\/\/ostrowskatv.pl\/?p=33200","title":{"rendered":"Zderzenie Citroen\u00f3w ko\u0142o Przepompowni"},"content":{"rendered":"<p><strong>W \u015brod\u0119 wieczorem, na skrzy\u017cowaniu ulic Raszkowskiej oraz alei S\u0142owackiego w Ostrowie Wielkopolskim, dosz\u0142o do kolizji dw\u00f3ch samochod\u00f3w osobowych. W wyniku zdarzenia ucierpia\u0142y trzy osoby, jednak na szcz\u0119\u015bcie oby\u0142o si\u0119 bez powa\u017cniejszych obra\u017ce\u0144.<\/strong><\/p>\n<p>Do kolizji dosz\u0142o, gdy kierowca Citroena Xsara Picasso wyje\u017cd\u017ca\u0142 z alei S\u0142owackiego, pr\u00f3buj\u0105c wjecha\u0107 w ulic\u0119 Dworcow\u0105. W tym samym czasie na sygnalizatorze \u015bwietlnym od strony Raszkowskiej zapali\u0142a si\u0119 zielona strza\u0142ka, umo\u017cliwiaj\u0105ca warunkowy skr\u0119t w prawo. Pierwszy pojazd skorzysta\u0142 z tego przywileju, natomiast kieruj\u0105ca Citroenem Cactusem, jad\u0105c za nim, b\u0142\u0119dnie za\u0142o\u017cy\u0142a, \u017ce mo\u017ce kontynuowa\u0107 jazd\u0119 na wprost. Doprowadzi\u0142o to do zderzenia obu samochod\u00f3w.  <\/p>\n<p>Policja, kt\u00f3ra przyby\u0142a na miejsce zdarzenia, ustali\u0142a przebieg wydarze\u0144 i ukara\u0142a m\u0142od\u0105 kieruj\u0105c\u0105 Citroenem Cactusem mandatem za spowodowanie kolizji.  <\/p>\n<p>Kolizja przypomina o konieczno\u015bci zachowania szczeg\u00f3lnej ostro\u017cno\u015bci na skrzy\u017cowaniach, zw\u0142aszcza w przypadku warunkowych sygnalizacji \u015bwietlnych, kt\u00f3re cz\u0119sto bywaj\u0105 \u017ar\u00f3d\u0142em nieporozumie\u0144.<\/p>\n<p><img loading=\"lazy\" decoding=\"async\" src=\"https:\/\/ostrowskatv.pl\/wp-content\/uploads\/2025\/01\/1000137103.jpg\" alt=\"\" width=\"1920\" height=\"1081\" class=\"alignnone size-full wp-image-33201\" srcset=\"https:\/\/ostrowskatv.pl\/wp-content\/uploads\/2025\/01\/1000137103.jpg 1920w, https:\/\/ostrowskatv.pl\/wp-content\/uploads\/2025\/01\/1000137103-300x169.jpg 300w, https:\/\/ostrowskatv.pl\/wp-content\/uploads\/2025\/01\/1000137103-1333x751.jpg 1333w, https:\/\/ostrowskatv.pl\/wp-content\/uploads\/2025\/01\/1000137103-1536x865.jpg 1536w\" sizes=\"auto, (max-width: 1920px) 100vw, 1920px\" \/><\/p>\n<p><img loading=\"lazy\" decoding=\"async\" src=\"https:\/\/ostrowskatv.pl\/wp-content\/uploads\/2025\/01\/1000137102.jpg\" alt=\"\" width=\"1920\" height=\"1081\" class=\"alignnone size-full wp-image-33202\" srcset=\"https:\/\/ostrowskatv.pl\/wp-content\/uploads\/2025\/01\/1000137102.jpg 1920w, https:\/\/ostrowskatv.pl\/wp-content\/uploads\/2025\/01\/1000137102-300x169.jpg 300w, https:\/\/ostrowskatv.pl\/wp-content\/uploads\/2025\/01\/1000137102-1333x751.jpg 1333w, https:\/\/ostrowskatv.pl\/wp-content\/uploads\/2025\/01\/1000137102-1536x865.jpg 1536w\" sizes=\"auto, (max-width: 1920px) 100vw, 1920px\" \/><\/p>\n<p><img loading=\"lazy\" decoding=\"async\" src=\"https:\/\/ostrowskatv.pl\/wp-content\/uploads\/2025\/01\/1000137101.jpg\" alt=\"\" width=\"1920\" height=\"1081\" class=\"alignnone size-full wp-image-33203\" srcset=\"https:\/\/ostrowskatv.pl\/wp-content\/uploads\/2025\/01\/1000137101.jpg 1920w, https:\/\/ostrowskatv.pl\/wp-content\/uploads\/2025\/01\/1000137101-300x169.jpg 300w, https:\/\/ostrowskatv.pl\/wp-content\/uploads\/2025\/01\/1000137101-1333x751.jpg 1333w, https:\/\/ostrowskatv.pl\/wp-content\/uploads\/2025\/01\/1000137101-1536x865.jpg 1536w\" sizes=\"auto, (max-width: 1920px) 100vw, 1920px\" \/><\/p>\n<p><img loading=\"lazy\" decoding=\"async\" src=\"https:\/\/ostrowskatv.pl\/wp-content\/uploads\/2025\/01\/1000137095.jpg\" alt=\"\" width=\"1920\" height=\"1081\" class=\"alignnone size-full wp-image-33204\" srcset=\"https:\/\/ostrowskatv.pl\/wp-content\/uploads\/2025\/01\/1000137095.jpg 1920w, https:\/\/ostrowskatv.pl\/wp-content\/uploads\/2025\/01\/1000137095-300x169.jpg 300w, https:\/\/ostrowskatv.pl\/wp-content\/uploads\/2025\/01\/1000137095-1333x751.jpg 1333w, https:\/\/ostrowskatv.pl\/wp-content\/uploads\/2025\/01\/1000137095-1536x865.jpg 1536w\" sizes=\"auto, (max-width: 1920px) 100vw, 1920px\" \/><\/p>\n<p><img loading=\"lazy\" decoding=\"async\" src=\"https:\/\/ostrowskatv.pl\/wp-content\/uploads\/2025\/01\/1000137094-1.jpg\" alt=\"\" width=\"1920\" height=\"1519\" class=\"alignnone size-full wp-image-33205\" srcset=\"https:\/\/ostrowskatv.pl\/wp-content\/uploads\/2025\/01\/1000137094-1.jpg 1920w, https:\/\/ostrowskatv.pl\/wp-content\/uploads\/2025\/01\/1000137094-1-300x237.jpg 300w, https:\/\/ostrowskatv.pl\/wp-content\/uploads\/2025\/01\/1000137094-1-1333x1055.jpg 1333w, https:\/\/ostrowskatv.pl\/wp-content\/uploads\/2025\/01\/1000137094-1-1536x1215.jpg 1536w\" sizes=\"auto, (max-width: 1920px) 100vw, 1920px\" \/><\/p>\n<p><img loading=\"lazy\" decoding=\"async\" src=\"https:\/\/ostrowskatv.pl\/wp-content\/uploads\/2025\/01\/1000137094.jpg\" alt=\"\" width=\"1920\" height=\"1081\" class=\"alignnone size-full wp-image-33206\" srcset=\"https:\/\/ostrowskatv.pl\/wp-content\/uploads\/2025\/01\/1000137094.jpg 1920w, https:\/\/ostrowskatv.pl\/wp-content\/uploads\/2025\/01\/1000137094-300x169.jpg 300w, https:\/\/ostrowskatv.pl\/wp-content\/uploads\/2025\/01\/1000137094-1333x751.jpg 1333w, https:\/\/ostrowskatv.pl\/wp-content\/uploads\/2025\/01\/1000137094-1536x865.jpg 1536w\" sizes=\"auto, (max-width: 1920px) 100vw, 1920px\" \/><\/p>\n","protected":false},"excerpt":{"rendered":"W \u015brod\u0119 wieczorem, na skrzy\u017cowaniu ulic Raszkowskiej oraz alei S\u0142owackiego w Ostrowie Wielkopolskim, dosz\u0142o do kolizji dw\u00f3ch samochod\u00f3w osobowych. W wyniku zdarzenia ucierpia\u0142y \n<a class=\"moretag\" href=\"https:\/\/ostrowskatv.pl\/?p=33200\"> [...]<\/a>","protected":false},"author":1,"featured_media":33201,"comment_status":"open","ping_status":"closed","sticky":false,"template":"","format":"standard","meta":{"footnotes":""},"categories":[1],"tags":[48,2],"class_list":["post-33200","post","type-post","status-publish","format-standard","has-post-thumbnail","hentry","category-news","tag-kolizja","tag-ostrow-wielkopolski"],"_links":{"self":[{"href":"https:\/\/ostrowskatv.pl\/index.php?rest_route=\/wp\/v2\/posts\/33200","targetHints":{"allow":["GET"]}}],"collection":[{"href":"https:\/\/ostrowskatv.pl\/index.php?rest_route=\/wp\/v2\/posts"}],"about":[{"href":"https:\/\/ostrowskatv.pl\/index.php?rest_route=\/wp\/v2\/types\/post"}],"author":[{"embeddable":true,"href":"https:\/\/ostrowskatv.pl\/index.php?rest_route=\/wp\/v2\/users\/1"}],"replies":[{"embeddable":true,"href":"https:\/\/ostrowskatv.pl\/index.php?rest_route=%2Fwp%2Fv2%2Fcomments&post=33200"}],"version-history":[{"count":1,"href":"https:\/\/ostrowskatv.pl\/index.php?rest_route=\/wp\/v2\/posts\/33200\/revisions"}],"predecessor-version":[{"id":33207,"href":"https:\/\/ostrowskatv.pl\/index.php?rest_route=\/wp\/v2\/posts\/33200\/revisions\/33207"}],"wp:featuredmedia":[{"embeddable":true,"href":"https:\/\/ostrowskatv.pl\/index.php?rest_route=\/wp\/v2\/media\/33201"}],"wp:attachment":[{"href":"https:\/\/ostrowskatv.pl\/index.php?rest_route=%2Fwp%2Fv2%2Fmedia&parent=33200"}],"wp:term":[{"taxonomy":"category","embeddable":true,"href":"https:\/\/ostrowskatv.pl\/index.php?rest_route=%2Fwp%2Fv2%2Fcategories&post=33200"},{"taxonomy":"post_tag","embeddable":true,"href":"https:\/\/ostrowskatv.pl\/index.php?rest_route=%2Fwp%2Fv2%2Ftags&post=33200"}],"curies":[{"name":"wp","href":"https:\/\/api.w.org\/{rel}","templated":true}]}}