{"id":3316,"date":"2017-03-02T18:13:17","date_gmt":"2017-03-02T17:13:17","guid":{"rendered":"http:\/\/ostrowska.tv\/?p=3316"},"modified":"2017-03-02T18:13:17","modified_gmt":"2017-03-02T17:13:17","slug":"wiatr-zerwal-polowe-dachu","status":"publish","type":"post","link":"https:\/\/ostrowskatv.pl\/?p=3316","title":{"rendered":"Wiatr zerwa\u0142 po\u0142ow\u0119 dachu"},"content":{"rendered":"<p><strong>Porywiste podmuchy wiatru doprowadzi\u0142y na terenie po\u0142udniowej Wielkopolski do kilku powa\u017cniejszych zniszcze\u0144. We wsi R\u0105bczyn (gm. Raszk\u00f3w) wiatr doprowadzi\u0142 do zerwania i zawalenia si\u0119 po\u0142owy dachu na budynku gospodarczym.<\/strong><\/p>\n<p>Na dole znajdowa\u0142y si\u0119 zwierz\u0119ta. Na szcz\u0119\u015bcie nic im si\u0119 nie sta\u0142o, poniewa\u017c nad nimi znajdowa\u0142 si\u0119 jeszcze betonowy strop. Wielko\u015b\u0107 ca\u0142ego budynku to a\u017c 300 metr\u00f3w kwadratowych.<\/p>\n<div id='gallery-1' class='gallery galleryid-3316 gallery-columns-3 gallery-size-thumbnail'><figure class='gallery-item'>\n\t\t\t<div class='gallery-icon landscape'>\n\t\t\t\t<a href='https:\/\/ostrowskatv.pl\/?attachment_id=3317'><img loading=\"lazy\" decoding=\"async\" width=\"150\" height=\"150\" src=\"https:\/\/ostrowskatv.pl\/wp-content\/uploads\/2017\/03\/rabczyn-dach01-150x150.jpg\" class=\"attachment-thumbnail size-thumbnail\" alt=\"\" \/><\/a>\n\t\t\t<\/div><\/figure><figure class='gallery-item'>\n\t\t\t<div class='gallery-icon landscape'>\n\t\t\t\t<a href='https:\/\/ostrowskatv.pl\/?attachment_id=3318'><img loading=\"lazy\" decoding=\"async\" width=\"150\" height=\"150\" src=\"https:\/\/ostrowskatv.pl\/wp-content\/uploads\/2017\/03\/rabczyn-dach02-150x150.jpg\" class=\"attachment-thumbnail size-thumbnail\" alt=\"\" \/><\/a>\n\t\t\t<\/div><\/figure><figure class='gallery-item'>\n\t\t\t<div class='gallery-icon landscape'>\n\t\t\t\t<a href='https:\/\/ostrowskatv.pl\/?attachment_id=3319'><img loading=\"lazy\" decoding=\"async\" width=\"150\" height=\"150\" src=\"https:\/\/ostrowskatv.pl\/wp-content\/uploads\/2017\/03\/rabczyn-dach03-150x150.jpg\" class=\"attachment-thumbnail size-thumbnail\" alt=\"\" \/><\/a>\n\t\t\t<\/div><\/figure><figure class='gallery-item'>\n\t\t\t<div class='gallery-icon landscape'>\n\t\t\t\t<a href='https:\/\/ostrowskatv.pl\/?attachment_id=3320'><img loading=\"lazy\" decoding=\"async\" width=\"150\" height=\"150\" src=\"https:\/\/ostrowskatv.pl\/wp-content\/uploads\/2017\/03\/rabczyn-dach04-150x150.jpg\" class=\"attachment-thumbnail size-thumbnail\" alt=\"\" \/><\/a>\n\t\t\t<\/div><\/figure>\n\t\t<\/div>\n\n","protected":false},"excerpt":{"rendered":"Porywiste podmuchy wiatru doprowadzi\u0142y na terenie po\u0142udniowej Wielkopolski do kilku powa\u017cniejszych zniszcze\u0144. We wsi R\u0105bczyn (gm. Raszk\u00f3w) wiatr doprowadzi\u0142 do zerwania i zawalenia \n<a class=\"moretag\" href=\"https:\/\/ostrowskatv.pl\/?p=3316\"> [...]<\/a>","protected":false},"author":1,"featured_media":3317,"comment_status":"open","ping_status":"open","sticky":false,"template":"","format":"standard","meta":{"footnotes":""},"categories":[1],"tags":[110],"class_list":["post-3316","post","type-post","status-publish","format-standard","has-post-thumbnail","hentry","category-news","tag-rabczyn"],"_links":{"self":[{"href":"https:\/\/ostrowskatv.pl\/index.php?rest_route=\/wp\/v2\/posts\/3316","targetHints":{"allow":["GET"]}}],"collection":[{"href":"https:\/\/ostrowskatv.pl\/index.php?rest_route=\/wp\/v2\/posts"}],"about":[{"href":"https:\/\/ostrowskatv.pl\/index.php?rest_route=\/wp\/v2\/types\/post"}],"author":[{"embeddable":true,"href":"https:\/\/ostrowskatv.pl\/index.php?rest_route=\/wp\/v2\/users\/1"}],"replies":[{"embeddable":true,"href":"https:\/\/ostrowskatv.pl\/index.php?rest_route=%2Fwp%2Fv2%2Fcomments&post=3316"}],"version-history":[{"count":0,"href":"https:\/\/ostrowskatv.pl\/index.php?rest_route=\/wp\/v2\/posts\/3316\/revisions"}],"wp:featuredmedia":[{"embeddable":true,"href":"https:\/\/ostrowskatv.pl\/index.php?rest_route=\/wp\/v2\/media\/3317"}],"wp:attachment":[{"href":"https:\/\/ostrowskatv.pl\/index.php?rest_route=%2Fwp%2Fv2%2Fmedia&parent=3316"}],"wp:term":[{"taxonomy":"category","embeddable":true,"href":"https:\/\/ostrowskatv.pl\/index.php?rest_route=%2Fwp%2Fv2%2Fcategories&post=3316"},{"taxonomy":"post_tag","embeddable":true,"href":"https:\/\/ostrowskatv.pl\/index.php?rest_route=%2Fwp%2Fv2%2Ftags&post=3316"}],"curies":[{"name":"wp","href":"https:\/\/api.w.org\/{rel}","templated":true}]}}