{"id":33103,"date":"2025-01-15T21:12:07","date_gmt":"2025-01-15T20:12:07","guid":{"rendered":"https:\/\/ostrowskatv.pl\/?p=33103"},"modified":"2025-01-15T21:12:07","modified_gmt":"2025-01-15T20:12:07","slug":"kampania-prezydencka-2025-ruszyla-karol-nawrocki-w-centrum-uwagi","status":"publish","type":"post","link":"https:\/\/ostrowskatv.pl\/?p=33103","title":{"rendered":"Kampania prezydencka 2025 ruszy\u0142a. Karol Nawrocki w centrum uwagi"},"content":{"rendered":"<p><strong>Dzisiaj oficjalnie rozpocz\u0119\u0142a si\u0119 kampania prezydencka na urz\u0105d Prezydenta Rzeczypospolitej Polskiej. W\u015br\u00f3d kandydat\u00f3w wyr\u00f3\u017cnia si\u0119 Karol Nawrocki, przedstawiany jako kandydat obywatelski, cho\u0107 jego bliskie zwi\u0105zki z obozem Zjednoczonej Prawicy, obejmuj\u0105cym Prawo i Sprawiedliwo\u015b\u0107 oraz Solidarn\u0105 Polsk\u0119, s\u0105 powszechnie znane.<\/strong><\/p>\n<h3>Pleszew: Medyczny start kampanii<\/h3>\n<p>Pierwszym przystankiem na po\u0142udniowo-wielkopolskiej trasie Karola Nawrockiego by\u0142 Pleszew, gdzie odwiedzi\u0142 Pleszewskie Centrum Medyczne. Podczas konferencji prasowej skupi\u0142 si\u0119 na problemach polskiej s\u0142u\u017cby zdrowia, krytykuj\u0105c aktualny stan finans\u00f3w publicznych.<\/p>\n<blockquote><p>\u2013 \u201eStan polskich finans\u00f3w publicznych doprowadzi\u0142 do tego, \u017ce w polskiej s\u0142u\u017cbie zdrowia dzi\u015b brakuje co najmniej 20 miliard\u00f3w z\u0142otych. (&#8230;) \u017badnemu polskiemu rz\u0105dowi w III RP nie uda\u0142o si\u0119 naprawi\u0107 w spos\u00f3b kompleksowy s\u0142u\u017cby zdrowia. By\u0142y lepsze momenty, czyli lata 2015-2023\u201d \u2013 m\u00f3wi\u0142 Nawrocki, nawi\u0105zuj\u0105c do wzrostu bud\u017cetu Narodowego Funduszu Zdrowia.<\/p><\/blockquote>\n<h3>T\u0142umy w Kaliszu<\/h3>\n<p>Kolejnym przystankiem by\u0142 Kalisz, gdzie zorganizowano spotkanie z mieszka\u0144cami w salce na 100 os\u00f3b. Wydarzenie przyci\u0105gn\u0119\u0142o ponad 200 os\u00f3b, co doprowadzi\u0142o do pewnych logistycznych trudno\u015bci, takich jak problemy z nag\u0142o\u015bnieniem, kt\u00f3re musiano zast\u0105pi\u0107 sprz\u0119tem zast\u0119pczym oraz problemy z wentylacj\u0105.<\/p>\n<p>Podczas spotkania Nawrocki odni\u00f3s\u0142 si\u0119 do lokalnych atut\u00f3w Kalisza, takich jak niskie bezrobocie i rozw\u00f3j bran\u017cy spo\u017cywczej oraz lotniczej. Zapowiedzia\u0142 r\u00f3wnie\u017c, \u017ce jego pierwsza podr\u00f3\u017c zagraniczna jako prezydenta odb\u0119dzie si\u0119 do Watykanu, mimo sugestii doradc\u00f3w, by wybra\u0142 Stany Zjednoczone.<\/p>\n<p>Jeden z uczestnik\u00f3w wspomnia\u0142 o znaczeniu \u015awi\u0119tego J\u00f3zefa dla Kalisza, co kandydat skomentowa\u0142 z u\u015bmiechem jako dobry omen dla swojej kampanii.<\/p>\n<h3>Pojedynek z \u201ePiastem\u201d?<\/h3>\n<p>Niespodziewanie podczas spotkania w Kaliszu pojawi\u0142 si\u0119 przedstawiciel rodu Piast\u00f3w, kt\u00f3ry og\u0142osi\u0142 swoje plany startu w wyborach. W odpowiedzi Karol Nawrocki \u017cartobliwie \u017cyczy\u0142 mu spotkania w drugiej turze wybor\u00f3w, co wywo\u0142a\u0142o \u015bmiech zgromadzonych.<\/p>\n<h3>Rodzina i zdj\u0119cia na zako\u0144czenie<\/h3>\n<p>Pytania zadawane podczas spotkania mia\u0142y raczej charakter formalny. Jeden z mieszka\u0144c\u00f3w zapyta\u0142 o plany wspierania roli rodziny, co Nawrocki potwierdzi\u0142 jako jeden z priorytet\u00f3w swojej prezydentury. Na koniec ka\u017cdy z uczestnik\u00f3w mia\u0142 okazj\u0119 zrobi\u0107 sobie zdj\u0119cie z kandydatem.<\/p>\n<p>W\u015br\u00f3d go\u015bci pojawi\u0142y si\u0119 ostrowskie osobisto\u015bci, takie jak radni Dawid Korzeniewski i Lech Wito\u0144, a tak\u017ce Katarzyna S\u00f3jka, by\u0142a minister zdrowia, co podkre\u015bla\u0142o polityczny charakter wydarzenia.<\/p>\n<h3>Pocz\u0105tek rywalizacji<\/h3>\n<p>Kampania prezydencka dopiero si\u0119 rozpoczyna, ale Karol Nawrocki zdaje si\u0119 stawia\u0107 na intensywn\u0105 obecno\u015b\u0107 w terenie i budowanie relacji z wyborcami. Wizyta w Pleszewie i Kaliszu pokaza\u0142a, \u017ce kandydat nie unika temat\u00f3w trudnych, ale jednocze\u015bnie potrafi wykorzysta\u0107 lokalne konteksty i tradycje do zjednywania sobie sympatii wyborc\u00f3w. Jak potoczy si\u0119 jego dalsza kampania? Czas poka\u017ce.<\/p>\n<p><img loading=\"lazy\" decoding=\"async\" class=\"alignnone size-full wp-image-33104\" src=\"https:\/\/ostrowskatv.pl\/wp-content\/uploads\/2025\/01\/1000135611.jpg\" alt=\"\" width=\"1920\" height=\"1081\" srcset=\"https:\/\/ostrowskatv.pl\/wp-content\/uploads\/2025\/01\/1000135611.jpg 1920w, https:\/\/ostrowskatv.pl\/wp-content\/uploads\/2025\/01\/1000135611-300x169.jpg 300w, https:\/\/ostrowskatv.pl\/wp-content\/uploads\/2025\/01\/1000135611-1333x751.jpg 1333w, https:\/\/ostrowskatv.pl\/wp-content\/uploads\/2025\/01\/1000135611-1536x865.jpg 1536w\" sizes=\"auto, (max-width: 1920px) 100vw, 1920px\" \/><\/p>\n<p><img loading=\"lazy\" decoding=\"async\" class=\"alignnone size-full wp-image-33105\" src=\"https:\/\/ostrowskatv.pl\/wp-content\/uploads\/2025\/01\/1000135612.jpg\" alt=\"\" width=\"1920\" height=\"1081\" srcset=\"https:\/\/ostrowskatv.pl\/wp-content\/uploads\/2025\/01\/1000135612.jpg 1920w, https:\/\/ostrowskatv.pl\/wp-content\/uploads\/2025\/01\/1000135612-300x169.jpg 300w, https:\/\/ostrowskatv.pl\/wp-content\/uploads\/2025\/01\/1000135612-1333x751.jpg 1333w, https:\/\/ostrowskatv.pl\/wp-content\/uploads\/2025\/01\/1000135612-1536x865.jpg 1536w\" sizes=\"auto, (max-width: 1920px) 100vw, 1920px\" \/><\/p>\n<p><img loading=\"lazy\" decoding=\"async\" class=\"alignnone size-full wp-image-33106\" src=\"https:\/\/ostrowskatv.pl\/wp-content\/uploads\/2025\/01\/1000135613.jpg\" alt=\"\" width=\"1920\" height=\"1081\" srcset=\"https:\/\/ostrowskatv.pl\/wp-content\/uploads\/2025\/01\/1000135613.jpg 1920w, https:\/\/ostrowskatv.pl\/wp-content\/uploads\/2025\/01\/1000135613-300x169.jpg 300w, https:\/\/ostrowskatv.pl\/wp-content\/uploads\/2025\/01\/1000135613-1333x751.jpg 1333w, https:\/\/ostrowskatv.pl\/wp-content\/uploads\/2025\/01\/1000135613-1536x865.jpg 1536w\" sizes=\"auto, (max-width: 1920px) 100vw, 1920px\" \/><\/p>\n<p><img loading=\"lazy\" decoding=\"async\" class=\"alignnone size-full wp-image-33107\" src=\"https:\/\/ostrowskatv.pl\/wp-content\/uploads\/2025\/01\/1000135614.jpg\" alt=\"\" width=\"1920\" height=\"1081\" srcset=\"https:\/\/ostrowskatv.pl\/wp-content\/uploads\/2025\/01\/1000135614.jpg 1920w, https:\/\/ostrowskatv.pl\/wp-content\/uploads\/2025\/01\/1000135614-300x169.jpg 300w, https:\/\/ostrowskatv.pl\/wp-content\/uploads\/2025\/01\/1000135614-1333x751.jpg 1333w, https:\/\/ostrowskatv.pl\/wp-content\/uploads\/2025\/01\/1000135614-1536x865.jpg 1536w\" sizes=\"auto, (max-width: 1920px) 100vw, 1920px\" \/><\/p>\n<p><img loading=\"lazy\" decoding=\"async\" class=\"alignnone size-full wp-image-33108\" src=\"https:\/\/ostrowskatv.pl\/wp-content\/uploads\/2025\/01\/1000135615.jpg\" alt=\"\" width=\"1920\" height=\"1081\" srcset=\"https:\/\/ostrowskatv.pl\/wp-content\/uploads\/2025\/01\/1000135615.jpg 1920w, https:\/\/ostrowskatv.pl\/wp-content\/uploads\/2025\/01\/1000135615-300x169.jpg 300w, https:\/\/ostrowskatv.pl\/wp-content\/uploads\/2025\/01\/1000135615-1333x751.jpg 1333w, https:\/\/ostrowskatv.pl\/wp-content\/uploads\/2025\/01\/1000135615-1536x865.jpg 1536w\" sizes=\"auto, (max-width: 1920px) 100vw, 1920px\" \/><\/p>\n<p><img loading=\"lazy\" decoding=\"async\" class=\"alignnone size-full wp-image-33109\" src=\"https:\/\/ostrowskatv.pl\/wp-content\/uploads\/2025\/01\/1000135616.jpg\" alt=\"\" width=\"1920\" height=\"1081\" srcset=\"https:\/\/ostrowskatv.pl\/wp-content\/uploads\/2025\/01\/1000135616.jpg 1920w, https:\/\/ostrowskatv.pl\/wp-content\/uploads\/2025\/01\/1000135616-300x169.jpg 300w, https:\/\/ostrowskatv.pl\/wp-content\/uploads\/2025\/01\/1000135616-1333x751.jpg 1333w, https:\/\/ostrowskatv.pl\/wp-content\/uploads\/2025\/01\/1000135616-1536x865.jpg 1536w\" sizes=\"auto, (max-width: 1920px) 100vw, 1920px\" \/><\/p>\n<p><img loading=\"lazy\" decoding=\"async\" class=\"alignnone size-full wp-image-33110\" src=\"https:\/\/ostrowskatv.pl\/wp-content\/uploads\/2025\/01\/1000135617.jpg\" alt=\"\" width=\"1920\" height=\"1081\" srcset=\"https:\/\/ostrowskatv.pl\/wp-content\/uploads\/2025\/01\/1000135617.jpg 1920w, https:\/\/ostrowskatv.pl\/wp-content\/uploads\/2025\/01\/1000135617-300x169.jpg 300w, https:\/\/ostrowskatv.pl\/wp-content\/uploads\/2025\/01\/1000135617-1333x751.jpg 1333w, https:\/\/ostrowskatv.pl\/wp-content\/uploads\/2025\/01\/1000135617-1536x865.jpg 1536w\" sizes=\"auto, (max-width: 1920px) 100vw, 1920px\" \/><\/p>\n<p><img loading=\"lazy\" decoding=\"async\" class=\"alignnone size-full wp-image-33111\" src=\"https:\/\/ostrowskatv.pl\/wp-content\/uploads\/2025\/01\/1000135618.jpg\" alt=\"\" width=\"1920\" height=\"1081\" srcset=\"https:\/\/ostrowskatv.pl\/wp-content\/uploads\/2025\/01\/1000135618.jpg 1920w, https:\/\/ostrowskatv.pl\/wp-content\/uploads\/2025\/01\/1000135618-300x169.jpg 300w, https:\/\/ostrowskatv.pl\/wp-content\/uploads\/2025\/01\/1000135618-1333x751.jpg 1333w, https:\/\/ostrowskatv.pl\/wp-content\/uploads\/2025\/01\/1000135618-1536x865.jpg 1536w\" sizes=\"auto, (max-width: 1920px) 100vw, 1920px\" \/><\/p>\n<p><img loading=\"lazy\" decoding=\"async\" class=\"alignnone size-full wp-image-33112\" src=\"https:\/\/ostrowskatv.pl\/wp-content\/uploads\/2025\/01\/1000135632.jpg\" alt=\"\" width=\"1920\" height=\"1081\" srcset=\"https:\/\/ostrowskatv.pl\/wp-content\/uploads\/2025\/01\/1000135632.jpg 1920w, https:\/\/ostrowskatv.pl\/wp-content\/uploads\/2025\/01\/1000135632-300x169.jpg 300w, https:\/\/ostrowskatv.pl\/wp-content\/uploads\/2025\/01\/1000135632-1333x751.jpg 1333w, https:\/\/ostrowskatv.pl\/wp-content\/uploads\/2025\/01\/1000135632-1536x865.jpg 1536w\" sizes=\"auto, (max-width: 1920px) 100vw, 1920px\" \/><\/p>\n<p><img loading=\"lazy\" decoding=\"async\" class=\"alignnone size-full wp-image-33113\" src=\"https:\/\/ostrowskatv.pl\/wp-content\/uploads\/2025\/01\/1000135623.jpg\" alt=\"\" width=\"1920\" height=\"1081\" srcset=\"https:\/\/ostrowskatv.pl\/wp-content\/uploads\/2025\/01\/1000135623.jpg 1920w, https:\/\/ostrowskatv.pl\/wp-content\/uploads\/2025\/01\/1000135623-300x169.jpg 300w, https:\/\/ostrowskatv.pl\/wp-content\/uploads\/2025\/01\/1000135623-1333x751.jpg 1333w, https:\/\/ostrowskatv.pl\/wp-content\/uploads\/2025\/01\/1000135623-1536x865.jpg 1536w\" sizes=\"auto, (max-width: 1920px) 100vw, 1920px\" \/><\/p>\n<p><img loading=\"lazy\" decoding=\"async\" class=\"alignnone size-full wp-image-33114\" src=\"https:\/\/ostrowskatv.pl\/wp-content\/uploads\/2025\/01\/1000135627.jpg\" alt=\"\" width=\"1920\" height=\"1081\" srcset=\"https:\/\/ostrowskatv.pl\/wp-content\/uploads\/2025\/01\/1000135627.jpg 1920w, https:\/\/ostrowskatv.pl\/wp-content\/uploads\/2025\/01\/1000135627-300x169.jpg 300w, https:\/\/ostrowskatv.pl\/wp-content\/uploads\/2025\/01\/1000135627-1333x751.jpg 1333w, https:\/\/ostrowskatv.pl\/wp-content\/uploads\/2025\/01\/1000135627-1536x865.jpg 1536w\" sizes=\"auto, (max-width: 1920px) 100vw, 1920px\" \/><\/p>\n<p><img loading=\"lazy\" decoding=\"async\" class=\"alignnone size-full wp-image-33115\" src=\"https:\/\/ostrowskatv.pl\/wp-content\/uploads\/2025\/01\/1000135633.jpg\" alt=\"\" width=\"1920\" height=\"1081\" srcset=\"https:\/\/ostrowskatv.pl\/wp-content\/uploads\/2025\/01\/1000135633.jpg 1920w, https:\/\/ostrowskatv.pl\/wp-content\/uploads\/2025\/01\/1000135633-300x169.jpg 300w, https:\/\/ostrowskatv.pl\/wp-content\/uploads\/2025\/01\/1000135633-1333x751.jpg 1333w, https:\/\/ostrowskatv.pl\/wp-content\/uploads\/2025\/01\/1000135633-1536x865.jpg 1536w\" sizes=\"auto, (max-width: 1920px) 100vw, 1920px\" \/><\/p>\n<p><img loading=\"lazy\" decoding=\"async\" class=\"alignnone size-full wp-image-33116\" src=\"https:\/\/ostrowskatv.pl\/wp-content\/uploads\/2025\/01\/1000135635.jpg\" alt=\"\" width=\"1920\" height=\"1081\" srcset=\"https:\/\/ostrowskatv.pl\/wp-content\/uploads\/2025\/01\/1000135635.jpg 1920w, https:\/\/ostrowskatv.pl\/wp-content\/uploads\/2025\/01\/1000135635-300x169.jpg 300w, https:\/\/ostrowskatv.pl\/wp-content\/uploads\/2025\/01\/1000135635-1333x751.jpg 1333w, https:\/\/ostrowskatv.pl\/wp-content\/uploads\/2025\/01\/1000135635-1536x865.jpg 1536w\" sizes=\"auto, (max-width: 1920px) 100vw, 1920px\" \/><\/p>\n<p><img loading=\"lazy\" decoding=\"async\" class=\"alignnone size-full wp-image-33117\" src=\"https:\/\/ostrowskatv.pl\/wp-content\/uploads\/2025\/01\/1000135636.jpg\" alt=\"\" width=\"1920\" height=\"1081\" srcset=\"https:\/\/ostrowskatv.pl\/wp-content\/uploads\/2025\/01\/1000135636.jpg 1920w, https:\/\/ostrowskatv.pl\/wp-content\/uploads\/2025\/01\/1000135636-300x169.jpg 300w, https:\/\/ostrowskatv.pl\/wp-content\/uploads\/2025\/01\/1000135636-1333x751.jpg 1333w, https:\/\/ostrowskatv.pl\/wp-content\/uploads\/2025\/01\/1000135636-1536x865.jpg 1536w\" sizes=\"auto, (max-width: 1920px) 100vw, 1920px\" \/><\/p>\n<p><img loading=\"lazy\" decoding=\"async\" class=\"alignnone size-full wp-image-33118\" src=\"https:\/\/ostrowskatv.pl\/wp-content\/uploads\/2025\/01\/1000135640.jpg\" alt=\"\" width=\"1920\" height=\"1081\" srcset=\"https:\/\/ostrowskatv.pl\/wp-content\/uploads\/2025\/01\/1000135640.jpg 1920w, https:\/\/ostrowskatv.pl\/wp-content\/uploads\/2025\/01\/1000135640-300x169.jpg 300w, https:\/\/ostrowskatv.pl\/wp-content\/uploads\/2025\/01\/1000135640-1333x751.jpg 1333w, https:\/\/ostrowskatv.pl\/wp-content\/uploads\/2025\/01\/1000135640-1536x865.jpg 1536w\" sizes=\"auto, (max-width: 1920px) 100vw, 1920px\" \/><\/p>\n<p><img loading=\"lazy\" decoding=\"async\" class=\"alignnone size-full wp-image-33119\" src=\"https:\/\/ostrowskatv.pl\/wp-content\/uploads\/2025\/01\/1000135641.jpg\" alt=\"\" width=\"1920\" height=\"1081\" srcset=\"https:\/\/ostrowskatv.pl\/wp-content\/uploads\/2025\/01\/1000135641.jpg 1920w, https:\/\/ostrowskatv.pl\/wp-content\/uploads\/2025\/01\/1000135641-300x169.jpg 300w, https:\/\/ostrowskatv.pl\/wp-content\/uploads\/2025\/01\/1000135641-1333x751.jpg 1333w, https:\/\/ostrowskatv.pl\/wp-content\/uploads\/2025\/01\/1000135641-1536x865.jpg 1536w\" sizes=\"auto, (max-width: 1920px) 100vw, 1920px\" \/><\/p>\n<p><img loading=\"lazy\" decoding=\"async\" class=\"alignnone size-full wp-image-33120\" src=\"https:\/\/ostrowskatv.pl\/wp-content\/uploads\/2025\/01\/1000135643.jpg\" alt=\"\" width=\"1920\" height=\"1125\" srcset=\"https:\/\/ostrowskatv.pl\/wp-content\/uploads\/2025\/01\/1000135643.jpg 1920w, https:\/\/ostrowskatv.pl\/wp-content\/uploads\/2025\/01\/1000135643-300x176.jpg 300w, https:\/\/ostrowskatv.pl\/wp-content\/uploads\/2025\/01\/1000135643-1333x781.jpg 1333w, https:\/\/ostrowskatv.pl\/wp-content\/uploads\/2025\/01\/1000135643-1536x900.jpg 1536w, https:\/\/ostrowskatv.pl\/wp-content\/uploads\/2025\/01\/1000135643-752x440.jpg 752w\" sizes=\"auto, (max-width: 1920px) 100vw, 1920px\" \/><\/p>\n","protected":false},"excerpt":{"rendered":"Dzisiaj oficjalnie rozpocz\u0119\u0142a si\u0119 kampania prezydencka na urz\u0105d Prezydenta Rzeczypospolitej Polskiej. W\u015br\u00f3d kandydat\u00f3w wyr\u00f3\u017cnia si\u0119 Karol Nawrocki, przedstawiany jako kandydat obywatelski, cho\u0107 jego \n<a class=\"moretag\" href=\"https:\/\/ostrowskatv.pl\/?p=33103\"> [...]<\/a>","protected":false},"author":1,"featured_media":0,"comment_status":"open","ping_status":"closed","sticky":false,"template":"","format":"standard","meta":{"footnotes":""},"categories":[1],"tags":[24],"class_list":["post-33103","post","type-post","status-publish","format-standard","hentry","category-news","tag-polityka"],"_links":{"self":[{"href":"https:\/\/ostrowskatv.pl\/index.php?rest_route=\/wp\/v2\/posts\/33103","targetHints":{"allow":["GET"]}}],"collection":[{"href":"https:\/\/ostrowskatv.pl\/index.php?rest_route=\/wp\/v2\/posts"}],"about":[{"href":"https:\/\/ostrowskatv.pl\/index.php?rest_route=\/wp\/v2\/types\/post"}],"author":[{"embeddable":true,"href":"https:\/\/ostrowskatv.pl\/index.php?rest_route=\/wp\/v2\/users\/1"}],"replies":[{"embeddable":true,"href":"https:\/\/ostrowskatv.pl\/index.php?rest_route=%2Fwp%2Fv2%2Fcomments&post=33103"}],"version-history":[{"count":2,"href":"https:\/\/ostrowskatv.pl\/index.php?rest_route=\/wp\/v2\/posts\/33103\/revisions"}],"predecessor-version":[{"id":33124,"href":"https:\/\/ostrowskatv.pl\/index.php?rest_route=\/wp\/v2\/posts\/33103\/revisions\/33124"}],"wp:attachment":[{"href":"https:\/\/ostrowskatv.pl\/index.php?rest_route=%2Fwp%2Fv2%2Fmedia&parent=33103"}],"wp:term":[{"taxonomy":"category","embeddable":true,"href":"https:\/\/ostrowskatv.pl\/index.php?rest_route=%2Fwp%2Fv2%2Fcategories&post=33103"},{"taxonomy":"post_tag","embeddable":true,"href":"https:\/\/ostrowskatv.pl\/index.php?rest_route=%2Fwp%2Fv2%2Ftags&post=33103"}],"curies":[{"name":"wp","href":"https:\/\/api.w.org\/{rel}","templated":true}]}}