{"id":33093,"date":"2025-01-15T10:58:53","date_gmt":"2025-01-15T09:58:53","guid":{"rendered":"https:\/\/ostrowskatv.pl\/?p=33093"},"modified":"2025-01-15T10:58:53","modified_gmt":"2025-01-15T09:58:53","slug":"potracenie-rowerzysty-przy-ksiedza-majorka","status":"publish","type":"post","link":"https:\/\/ostrowskatv.pl\/?p=33093","title":{"rendered":"Potr\u0105cenie rowerzysty przy ksi\u0119dza Majorka"},"content":{"rendered":"<p><strong>Dzi\u015b rano, tu\u017c przed godzin\u0105 9:00, na ulicy ksi\u0119dza Czes\u0142awa Majorka w Ostrowie Wielkopolskim dosz\u0142o do gro\u017anie wygl\u0105daj\u0105cego zdarzenia drogowego. W trakcie opadu deszczu, na rondzie w rejonie ulic Strzeleckiej i ksi\u0119dza Majorka, kieruj\u0105ca peugeotem 34-latka potr\u0105ci\u0142a 33-letniego rowerzyst\u0119.<\/strong><\/p>\n<h3>Szcz\u0119\u015bliwy fina\u0142 gro\u017anego zdarzenia<\/h3>\n<p>Pomimo niebezpiecznej sytuacji, m\u0119\u017cczyzna nie odni\u00f3s\u0142 \u017cadnych obra\u017ce\u0144. Zar\u00f3wno kieruj\u0105ca samochodem, jak i rowerzysta byli trze\u017awi. Ostatecznie ca\u0142e zdarzenie zako\u0144czy\u0142o si\u0119 ukaraniem kieruj\u0105cej peugeotem mandatem karnym w wysoko\u015bci <strong>1500 z\u0142otych<\/strong> oraz na\u0142o\u017ceniem na ni\u0105 <strong>10 punkt\u00f3w karnych<\/strong>.<\/p>\n<h3>Niebezpieczne warunki na drodze<\/h3>\n<p>Poranne opady deszczu mog\u0142y przyczyni\u0107 si\u0119 do ograniczonej widoczno\u015bci oraz trudniejszych warunk\u00f3w na drodze, co wymaga\u0142o szczeg\u00f3lnej ostro\u017cno\u015bci zar\u00f3wno od kierowc\u00f3w, jak i rowerzyst\u00f3w. Zdarzenie to przypomina o konieczno\u015bci zachowania szczeg\u00f3lnej uwagi, zw\u0142aszcza w rejonie rond, przejazd\u00f3w rowerowych oraz w warunkach ograniczonej przyczepno\u015bci nawierzchni.<\/p>\n<h3>Apel o ostro\u017cno\u015b\u0107<\/h3>\n<p>Sytuacja, mimo \u017ce zako\u0144czy\u0142a si\u0119 szcz\u0119\u015bliwie, powinna by\u0107 przestrog\u0105 dla wszystkich uczestnik\u00f3w ruchu drogowego. Przypominamy, \u017ce rondo, jako miejsce o zwi\u0119kszonej liczbie manewr\u00f3w, wymaga od kierowc\u00f3w maksymalnej uwagi.<\/p>\n<p>Policja apeluje o przestrzeganie przepis\u00f3w ruchu drogowego i dostosowywanie pr\u0119dko\u015bci do panuj\u0105cych warunk\u00f3w atmosferycznych. Rowerzystom przypomina si\u0119 o konieczno\u015bci u\u017cywania element\u00f3w odblaskowych i zachowania szczeg\u00f3lnej czujno\u015bci w miejscach, gdzie przecinaj\u0105 si\u0119 trasy samochodowe i rowerowe.<\/p>\n<p><strong>Pami\u0119tajmy: bezpiecze\u0144stwo na drodze to wsp\u00f3lna odpowiedzialno\u015b\u0107!<\/strong><\/p>\n<p><img loading=\"lazy\" decoding=\"async\" src=\"https:\/\/ostrowskatv.pl\/wp-content\/uploads\/2025\/01\/1000124540-1.jpg\" alt=\"\" width=\"1920\" height=\"1096\" class=\"alignnone size-full wp-image-33100\" srcset=\"https:\/\/ostrowskatv.pl\/wp-content\/uploads\/2025\/01\/1000124540-1.jpg 1920w, https:\/\/ostrowskatv.pl\/wp-content\/uploads\/2025\/01\/1000124540-1-300x171.jpg 300w, https:\/\/ostrowskatv.pl\/wp-content\/uploads\/2025\/01\/1000124540-1-1333x761.jpg 1333w, https:\/\/ostrowskatv.pl\/wp-content\/uploads\/2025\/01\/1000124540-1-1536x877.jpg 1536w, https:\/\/ostrowskatv.pl\/wp-content\/uploads\/2025\/01\/1000124540-1-388x220.jpg 388w\" sizes=\"auto, (max-width: 1920px) 100vw, 1920px\" \/><\/p>\n<p><img loading=\"lazy\" decoding=\"async\" src=\"https:\/\/ostrowskatv.pl\/wp-content\/uploads\/2025\/01\/1000124541-1.jpg\" alt=\"\" width=\"1920\" height=\"1081\" class=\"alignnone size-full wp-image-33099\" srcset=\"https:\/\/ostrowskatv.pl\/wp-content\/uploads\/2025\/01\/1000124541-1.jpg 1920w, https:\/\/ostrowskatv.pl\/wp-content\/uploads\/2025\/01\/1000124541-1-300x169.jpg 300w, https:\/\/ostrowskatv.pl\/wp-content\/uploads\/2025\/01\/1000124541-1-1333x751.jpg 1333w, https:\/\/ostrowskatv.pl\/wp-content\/uploads\/2025\/01\/1000124541-1-1536x865.jpg 1536w\" sizes=\"auto, (max-width: 1920px) 100vw, 1920px\" \/><\/p>\n<p><img loading=\"lazy\" decoding=\"async\" src=\"https:\/\/ostrowskatv.pl\/wp-content\/uploads\/2025\/01\/1000124542-1.jpg\" alt=\"\" width=\"1920\" height=\"1081\" class=\"alignnone size-full wp-image-33098\" srcset=\"https:\/\/ostrowskatv.pl\/wp-content\/uploads\/2025\/01\/1000124542-1.jpg 1920w, https:\/\/ostrowskatv.pl\/wp-content\/uploads\/2025\/01\/1000124542-1-300x169.jpg 300w, https:\/\/ostrowskatv.pl\/wp-content\/uploads\/2025\/01\/1000124542-1-1333x751.jpg 1333w, https:\/\/ostrowskatv.pl\/wp-content\/uploads\/2025\/01\/1000124542-1-1536x865.jpg 1536w\" sizes=\"auto, (max-width: 1920px) 100vw, 1920px\" \/><\/p>\n<p><img loading=\"lazy\" decoding=\"async\" src=\"https:\/\/ostrowskatv.pl\/wp-content\/uploads\/2025\/01\/1000124543-1.jpg\" alt=\"\" width=\"1920\" height=\"1092\" class=\"alignnone size-full wp-image-33097\" srcset=\"https:\/\/ostrowskatv.pl\/wp-content\/uploads\/2025\/01\/1000124543-1.jpg 1920w, https:\/\/ostrowskatv.pl\/wp-content\/uploads\/2025\/01\/1000124543-1-300x171.jpg 300w, https:\/\/ostrowskatv.pl\/wp-content\/uploads\/2025\/01\/1000124543-1-1333x758.jpg 1333w, https:\/\/ostrowskatv.pl\/wp-content\/uploads\/2025\/01\/1000124543-1-1536x874.jpg 1536w, https:\/\/ostrowskatv.pl\/wp-content\/uploads\/2025\/01\/1000124543-1-388x220.jpg 388w\" sizes=\"auto, (max-width: 1920px) 100vw, 1920px\" \/><\/p>\n<p><img loading=\"lazy\" decoding=\"async\" src=\"https:\/\/ostrowskatv.pl\/wp-content\/uploads\/2025\/01\/1000124544-1.jpg\" alt=\"\" width=\"1919\" height=\"945\" class=\"alignnone size-full wp-image-33096\" srcset=\"https:\/\/ostrowskatv.pl\/wp-content\/uploads\/2025\/01\/1000124544-1.jpg 1919w, https:\/\/ostrowskatv.pl\/wp-content\/uploads\/2025\/01\/1000124544-1-300x148.jpg 300w, https:\/\/ostrowskatv.pl\/wp-content\/uploads\/2025\/01\/1000124544-1-1333x656.jpg 1333w, https:\/\/ostrowskatv.pl\/wp-content\/uploads\/2025\/01\/1000124544-1-1536x756.jpg 1536w\" sizes=\"auto, (max-width: 1919px) 100vw, 1919px\" \/><\/p>\n","protected":false},"excerpt":{"rendered":"Dzi\u015b rano, tu\u017c przed godzin\u0105 9:00, na ulicy ksi\u0119dza Czes\u0142awa Majorka w Ostrowie Wielkopolskim dosz\u0142o do gro\u017anie wygl\u0105daj\u0105cego zdarzenia drogowego. W trakcie opadu \n<a class=\"moretag\" href=\"https:\/\/ostrowskatv.pl\/?p=33093\"> [...]<\/a>","protected":false},"author":1,"featured_media":33096,"comment_status":"open","ping_status":"closed","sticky":false,"template":"","format":"standard","meta":{"footnotes":""},"categories":[1],"tags":[2],"class_list":["post-33093","post","type-post","status-publish","format-standard","has-post-thumbnail","hentry","category-news","tag-ostrow-wielkopolski"],"_links":{"self":[{"href":"https:\/\/ostrowskatv.pl\/index.php?rest_route=\/wp\/v2\/posts\/33093","targetHints":{"allow":["GET"]}}],"collection":[{"href":"https:\/\/ostrowskatv.pl\/index.php?rest_route=\/wp\/v2\/posts"}],"about":[{"href":"https:\/\/ostrowskatv.pl\/index.php?rest_route=\/wp\/v2\/types\/post"}],"author":[{"embeddable":true,"href":"https:\/\/ostrowskatv.pl\/index.php?rest_route=\/wp\/v2\/users\/1"}],"replies":[{"embeddable":true,"href":"https:\/\/ostrowskatv.pl\/index.php?rest_route=%2Fwp%2Fv2%2Fcomments&post=33093"}],"version-history":[{"count":3,"href":"https:\/\/ostrowskatv.pl\/index.php?rest_route=\/wp\/v2\/posts\/33093\/revisions"}],"predecessor-version":[{"id":33102,"href":"https:\/\/ostrowskatv.pl\/index.php?rest_route=\/wp\/v2\/posts\/33093\/revisions\/33102"}],"wp:featuredmedia":[{"embeddable":true,"href":"https:\/\/ostrowskatv.pl\/index.php?rest_route=\/wp\/v2\/media\/33096"}],"wp:attachment":[{"href":"https:\/\/ostrowskatv.pl\/index.php?rest_route=%2Fwp%2Fv2%2Fmedia&parent=33093"}],"wp:term":[{"taxonomy":"category","embeddable":true,"href":"https:\/\/ostrowskatv.pl\/index.php?rest_route=%2Fwp%2Fv2%2Fcategories&post=33093"},{"taxonomy":"post_tag","embeddable":true,"href":"https:\/\/ostrowskatv.pl\/index.php?rest_route=%2Fwp%2Fv2%2Ftags&post=33093"}],"curies":[{"name":"wp","href":"https:\/\/api.w.org\/{rel}","templated":true}]}}