{"id":33080,"date":"2025-01-14T15:01:23","date_gmt":"2025-01-14T14:01:23","guid":{"rendered":"https:\/\/ostrowskatv.pl\/?p=33080"},"modified":"2025-01-14T15:01:23","modified_gmt":"2025-01-14T14:01:23","slug":"najechala-na-tyl-busa-zdjecia","status":"publish","type":"post","link":"https:\/\/ostrowskatv.pl\/?p=33080","title":{"rendered":"Najecha\u0142a na ty\u0142 busa (ZDJ\u0118CIA)"},"content":{"rendered":"<p><strong>Do niegro\u017anej, ale gro\u017anie wygl\u0105daj\u0105cej kolizji drogowej dosz\u0142o dzi\u015b rano, oko\u0142o godziny 8, w miejscowo\u015bci Rososzyca. Uczestnikami zdarzenia byli kieruj\u0105ca samochodem osobowym renault oraz kierowca busa Renault Trafic.<\/strong><\/p>\n<p>Wed\u0142ug ustale\u0144 policji, 53-letnia kobieta prowadz\u0105ca osobowe Renault nie zachowa\u0142a ostro\u017cno\u015bci i najecha\u0142a na ty\u0142 busa, kt\u00f3rym kierowa\u0142 46-letni m\u0119\u017cczyzna. Na szcz\u0119\u015bcie oboje uczestnicy zdarzenia byli trze\u017awi.<\/p>\n<h3>Uszkodzenia pojazd\u00f3w i dzia\u0142ania s\u0142u\u017cb<\/h3>\n<p>Prz\u00f3d osobowego Renault zosta\u0142 powa\u017cnie uszkodzony, co mo\u017ce wskazywa\u0107 na znacz\u0105c\u0105 r\u00f3\u017cnic\u0119 pr\u0119dko\u015bci pomi\u0119dzy pojazdami. Na miejscu zdarzenia konieczna by\u0142a interwencja lokalnej Ochotniczej Stra\u017cy Po\u017carnej, kt\u00f3ra zaj\u0119\u0142a si\u0119 neutralizacj\u0105 wycieku p\u0142yn\u00f3w eksploatacyjnych z uszkodzonego samochodu.<\/p>\n<h3>Mandat i konsekwencje dla sprawczyni<\/h3>\n<p>Sprawczyni kolizji zosta\u0142a ukarana mandatem w wysoko\u015bci 1050 z\u0142 oraz otrzyma\u0142a 10 punkt\u00f3w karnych za spowodowanie zdarzenia.<\/p>\n<p>Cho\u0107 zdarzenie spowodowa\u0142o chwilowe utrudnienia w ruchu, nie odnotowano \u017cadnych obra\u017ce\u0144 cia\u0142a w\u015br\u00f3d uczestnik\u00f3w. Dzi\u0119ki szybkiej interwencji s\u0142u\u017cb porz\u0105dkowych oraz stra\u017cak\u00f3w uda\u0142o si\u0119 szybko zabezpieczy\u0107 miejsce zdarzenia i przywr\u00f3ci\u0107 p\u0142ynno\u015b\u0107 ruchu na drodze.<\/p>\n<p><img loading=\"lazy\" decoding=\"async\" src=\"https:\/\/ostrowskatv.pl\/wp-content\/uploads\/2025\/01\/1000124268.jpg\" alt=\"\" width=\"934\" height=\"552\" class=\"alignnone size-full wp-image-33081\" srcset=\"https:\/\/ostrowskatv.pl\/wp-content\/uploads\/2025\/01\/1000124268.jpg 934w, https:\/\/ostrowskatv.pl\/wp-content\/uploads\/2025\/01\/1000124268-300x177.jpg 300w\" sizes=\"auto, (max-width: 934px) 100vw, 934px\" \/><\/p>\n","protected":false},"excerpt":{"rendered":"Do niegro\u017anej, ale gro\u017anie wygl\u0105daj\u0105cej kolizji drogowej dosz\u0142o dzi\u015b rano, oko\u0142o godziny 8, w miejscowo\u015bci Rososzyca. Uczestnikami zdarzenia byli kieruj\u0105ca samochodem osobowym renault \n<a class=\"moretag\" href=\"https:\/\/ostrowskatv.pl\/?p=33080\"> [...]<\/a>","protected":false},"author":1,"featured_media":33082,"comment_status":"open","ping_status":"closed","sticky":false,"template":"","format":"standard","meta":{"footnotes":""},"categories":[1],"tags":[132],"class_list":["post-33080","post","type-post","status-publish","format-standard","has-post-thumbnail","hentry","category-news","tag-rososzyca"],"_links":{"self":[{"href":"https:\/\/ostrowskatv.pl\/index.php?rest_route=\/wp\/v2\/posts\/33080","targetHints":{"allow":["GET"]}}],"collection":[{"href":"https:\/\/ostrowskatv.pl\/index.php?rest_route=\/wp\/v2\/posts"}],"about":[{"href":"https:\/\/ostrowskatv.pl\/index.php?rest_route=\/wp\/v2\/types\/post"}],"author":[{"embeddable":true,"href":"https:\/\/ostrowskatv.pl\/index.php?rest_route=\/wp\/v2\/users\/1"}],"replies":[{"embeddable":true,"href":"https:\/\/ostrowskatv.pl\/index.php?rest_route=%2Fwp%2Fv2%2Fcomments&post=33080"}],"version-history":[{"count":1,"href":"https:\/\/ostrowskatv.pl\/index.php?rest_route=\/wp\/v2\/posts\/33080\/revisions"}],"predecessor-version":[{"id":33083,"href":"https:\/\/ostrowskatv.pl\/index.php?rest_route=\/wp\/v2\/posts\/33080\/revisions\/33083"}],"wp:featuredmedia":[{"embeddable":true,"href":"https:\/\/ostrowskatv.pl\/index.php?rest_route=\/wp\/v2\/media\/33082"}],"wp:attachment":[{"href":"https:\/\/ostrowskatv.pl\/index.php?rest_route=%2Fwp%2Fv2%2Fmedia&parent=33080"}],"wp:term":[{"taxonomy":"category","embeddable":true,"href":"https:\/\/ostrowskatv.pl\/index.php?rest_route=%2Fwp%2Fv2%2Fcategories&post=33080"},{"taxonomy":"post_tag","embeddable":true,"href":"https:\/\/ostrowskatv.pl\/index.php?rest_route=%2Fwp%2Fv2%2Ftags&post=33080"}],"curies":[{"name":"wp","href":"https:\/\/api.w.org\/{rel}","templated":true}]}}