{"id":33053,"date":"2025-01-12T16:36:41","date_gmt":"2025-01-12T15:36:41","guid":{"rendered":"https:\/\/ostrowskatv.pl\/?p=33053"},"modified":"2025-01-12T16:36:41","modified_gmt":"2025-01-12T15:36:41","slug":"katastrofalny-odcinek-drogi-szesc-aut-wjechalo-do-rowu","status":"publish","type":"post","link":"https:\/\/ostrowskatv.pl\/?p=33053","title":{"rendered":"Katastrofalny odcinek drogi. Sze\u015b\u0107 aut wjecha\u0142o do rowu"},"content":{"rendered":"<p><span style=\"font-size: 1rem;\">Mieszka\u0144cy regionu Kalisz-Turek do\u015bwiadczyli dzisiaj dramatycznych wydarze\u0144 na drodze wojew\u00f3dzkiej w miejscowo\u015bci Skarszew. Po po\u0142udniu, w nied\u0142ugim odst\u0119pie czasu, dosz\u0142o do dw\u00f3ch niebezpiecznych zdarze\u0144 drogowych na kr\u00f3tkim, dwustumetrowym odcinku drogi. Przyczyn\u0105 okaza\u0142y si\u0119 skrajnie trudne warunki pogodowe, kt\u00f3re zamieni\u0142y drog\u0119 w lodowisko.<\/span><\/p>\n<h3>Pierwszy wypadek \u2013 dwa auta w rowie<\/h3>\n<p>Oko\u0142o godziny 12:00 dwa samochody osobowe zjecha\u0142y do rowu. Na miejscu zdarzenia interweniowa\u0142 patrol drog\u00f3wki, kt\u00f3ry zabezpieczy\u0142 miejsce. Sytuacja wydawa\u0142a si\u0119 opanowana, jednak ledwo uporano si\u0119 z usuni\u0119ciem skutk\u00f3w pierwszego wypadku, dosz\u0142o do kolejnego zdarzenia.<\/p>\n<h3>Kolejne cztery pojazdy na poboczu<\/h3>\n<p>Chwil\u0119 p\u00f3\u017aniej na tym samym odcinku drogi dosz\u0142o do kolejnego zdarzenia. Cztery samochody, w wyniku utraty przyczepno\u015bci, zjecha\u0142y do rowu po przeciwnej stronie drogi, ni\u017c w pierwszym zdarzeniu. \u0141\u0105cznie podr\u00f3\u017cowa\u0142o nimi osiem os\u00f3b, a jedna z nich \u2013 z urazem barku \u2013 zosta\u0142a przetransportowana do szpitala. Na szcz\u0119\u015bcie nikt inny nie odni\u00f3s\u0142 powa\u017cniejszych obra\u017ce\u0144, ale zdarzenie by\u0142o wyj\u0105tkowo gro\u017ane.<\/p>\n<h3>Tragiczne warunki drogowe<\/h3>\n<p>Przyczyn\u0105 obu wypadk\u00f3w by\u0142y fatalne warunki na drodze. Silny wiatr nawiewa\u0142 \u015bnieg z pobliskich p\u00f3l, kt\u00f3ry tworzy\u0142 niebezpieczn\u0105 warstw\u0119 \u015bniegolodu. Pomimo licznych ostrze\u017ce\u0144 meteorologicznych, p\u0142ugo-solarka pojawi\u0142a si\u0119 na miejscu dopiero oko\u0142o godziny 15:30, a jej praca pozostawia\u0142a wiele do \u017cyczenia. Pan od p\u0142ugu stwierdzi\u0142, \u017ce winna jest firma z Konina, kt\u00f3ra odpowiada za ten odcinek i to do nich nale\u017cy mie\u0107 pretensje.<\/p>\n<h3>Kto zawini\u0142?<\/h3>\n<p>Za utrzymanie tego odcinka drogi odpowiada firma z Konina. Mieszka\u0144cy oraz kierowcy wyra\u017caj\u0105 swoje oburzenie i domagaj\u0105 si\u0119 wyci\u0105gni\u0119cia konsekwencji wobec odpowiedzialnych za zaniedbanie. Pan Ryszard, kt\u00f3ry podr\u00f3\u017cowa\u0142 jednym z aut twierdzi, \u017ce ma jedynie pretensje do&#8230; zimy.<\/p>\n<p><img loading=\"lazy\" decoding=\"async\" src=\"https:\/\/ostrowskatv.pl\/wp-content\/uploads\/2025\/01\/1000123838.jpg\" alt=\"\" width=\"1920\" height=\"1081\" class=\"alignnone size-full wp-image-33054\" srcset=\"https:\/\/ostrowskatv.pl\/wp-content\/uploads\/2025\/01\/1000123838.jpg 1920w, https:\/\/ostrowskatv.pl\/wp-content\/uploads\/2025\/01\/1000123838-300x169.jpg 300w, https:\/\/ostrowskatv.pl\/wp-content\/uploads\/2025\/01\/1000123838-1333x751.jpg 1333w, https:\/\/ostrowskatv.pl\/wp-content\/uploads\/2025\/01\/1000123838-1536x865.jpg 1536w\" sizes=\"auto, (max-width: 1920px) 100vw, 1920px\" \/><\/p>\n<p><img loading=\"lazy\" decoding=\"async\" src=\"https:\/\/ostrowskatv.pl\/wp-content\/uploads\/2025\/01\/1000123837.jpg\" alt=\"\" width=\"1920\" height=\"1081\" class=\"alignnone size-full wp-image-33055\" srcset=\"https:\/\/ostrowskatv.pl\/wp-content\/uploads\/2025\/01\/1000123837.jpg 1920w, https:\/\/ostrowskatv.pl\/wp-content\/uploads\/2025\/01\/1000123837-300x169.jpg 300w, https:\/\/ostrowskatv.pl\/wp-content\/uploads\/2025\/01\/1000123837-1333x751.jpg 1333w, https:\/\/ostrowskatv.pl\/wp-content\/uploads\/2025\/01\/1000123837-1536x865.jpg 1536w\" sizes=\"auto, (max-width: 1920px) 100vw, 1920px\" \/><\/p>\n<p><img loading=\"lazy\" decoding=\"async\" src=\"https:\/\/ostrowskatv.pl\/wp-content\/uploads\/2025\/01\/1000123836.jpg\" alt=\"\" width=\"1920\" height=\"1081\" class=\"alignnone size-full wp-image-33056\" srcset=\"https:\/\/ostrowskatv.pl\/wp-content\/uploads\/2025\/01\/1000123836.jpg 1920w, https:\/\/ostrowskatv.pl\/wp-content\/uploads\/2025\/01\/1000123836-300x169.jpg 300w, https:\/\/ostrowskatv.pl\/wp-content\/uploads\/2025\/01\/1000123836-1333x751.jpg 1333w, https:\/\/ostrowskatv.pl\/wp-content\/uploads\/2025\/01\/1000123836-1536x865.jpg 1536w\" sizes=\"auto, (max-width: 1920px) 100vw, 1920px\" \/><\/p>\n<p><img loading=\"lazy\" decoding=\"async\" src=\"https:\/\/ostrowskatv.pl\/wp-content\/uploads\/2025\/01\/1000123835.jpg\" alt=\"\" width=\"1920\" height=\"1081\" class=\"alignnone size-full wp-image-33057\" srcset=\"https:\/\/ostrowskatv.pl\/wp-content\/uploads\/2025\/01\/1000123835.jpg 1920w, https:\/\/ostrowskatv.pl\/wp-content\/uploads\/2025\/01\/1000123835-300x169.jpg 300w, https:\/\/ostrowskatv.pl\/wp-content\/uploads\/2025\/01\/1000123835-1333x751.jpg 1333w, https:\/\/ostrowskatv.pl\/wp-content\/uploads\/2025\/01\/1000123835-1536x865.jpg 1536w\" sizes=\"auto, (max-width: 1920px) 100vw, 1920px\" \/><\/p>\n<p><img loading=\"lazy\" decoding=\"async\" src=\"https:\/\/ostrowskatv.pl\/wp-content\/uploads\/2025\/01\/1000123834.jpg\" alt=\"\" width=\"1920\" height=\"1081\" class=\"alignnone size-full wp-image-33058\" srcset=\"https:\/\/ostrowskatv.pl\/wp-content\/uploads\/2025\/01\/1000123834.jpg 1920w, https:\/\/ostrowskatv.pl\/wp-content\/uploads\/2025\/01\/1000123834-300x169.jpg 300w, https:\/\/ostrowskatv.pl\/wp-content\/uploads\/2025\/01\/1000123834-1333x751.jpg 1333w, https:\/\/ostrowskatv.pl\/wp-content\/uploads\/2025\/01\/1000123834-1536x865.jpg 1536w\" sizes=\"auto, (max-width: 1920px) 100vw, 1920px\" \/><\/p>\n<p><img loading=\"lazy\" decoding=\"async\" src=\"https:\/\/ostrowskatv.pl\/wp-content\/uploads\/2025\/01\/1000123833.jpg\" alt=\"\" width=\"1920\" height=\"784\" class=\"alignnone size-full wp-image-33059\" srcset=\"https:\/\/ostrowskatv.pl\/wp-content\/uploads\/2025\/01\/1000123833.jpg 1920w, https:\/\/ostrowskatv.pl\/wp-content\/uploads\/2025\/01\/1000123833-300x123.jpg 300w, https:\/\/ostrowskatv.pl\/wp-content\/uploads\/2025\/01\/1000123833-1333x544.jpg 1333w, https:\/\/ostrowskatv.pl\/wp-content\/uploads\/2025\/01\/1000123833-1536x627.jpg 1536w\" sizes=\"auto, (max-width: 1920px) 100vw, 1920px\" \/><\/p>\n<p><img loading=\"lazy\" decoding=\"async\" src=\"https:\/\/ostrowskatv.pl\/wp-content\/uploads\/2025\/01\/1000123832.jpg\" alt=\"\" width=\"1920\" height=\"1081\" class=\"alignnone size-full wp-image-33060\" srcset=\"https:\/\/ostrowskatv.pl\/wp-content\/uploads\/2025\/01\/1000123832.jpg 1920w, https:\/\/ostrowskatv.pl\/wp-content\/uploads\/2025\/01\/1000123832-300x169.jpg 300w, https:\/\/ostrowskatv.pl\/wp-content\/uploads\/2025\/01\/1000123832-1333x751.jpg 1333w, https:\/\/ostrowskatv.pl\/wp-content\/uploads\/2025\/01\/1000123832-1536x865.jpg 1536w\" sizes=\"auto, (max-width: 1920px) 100vw, 1920px\" \/><\/p>\n<h3>Apel do kierowc\u00f3w<\/h3>\n<p>Policja apeluje do kierowc\u00f3w o ostro\u017cno\u015b\u0107, szczeg\u00f3lnie w trudnych warunkach atmosferycznych. Jak podkre\u015blaj\u0105 funkcjonariusze, dostosowanie pr\u0119dko\u015bci do warunk\u00f3w na drodze oraz zwi\u0119kszenie czujno\u015bci mog\u0105 zapobiec wielu tragediom.<\/p>\n","protected":false},"excerpt":{"rendered":"Mieszka\u0144cy regionu Kalisz-Turek do\u015bwiadczyli dzisiaj dramatycznych wydarze\u0144 na drodze wojew\u00f3dzkiej w miejscowo\u015bci Skarszew. Po po\u0142udniu, w nied\u0142ugim odst\u0119pie czasu, dosz\u0142o do dw\u00f3ch niebezpiecznych \n<a class=\"moretag\" href=\"https:\/\/ostrowskatv.pl\/?p=33053\"> [...]<\/a>","protected":false},"author":1,"featured_media":33060,"comment_status":"open","ping_status":"closed","sticky":false,"template":"","format":"standard","meta":{"footnotes":""},"categories":[1],"tags":[48,175,72,317,230],"class_list":["post-33053","post","type-post","status-publish","format-standard","has-post-thumbnail","hentry","category-news","tag-kolizja","tag-powiat-kaliski","tag-samochod","tag-snieg","tag-wiatr"],"_links":{"self":[{"href":"https:\/\/ostrowskatv.pl\/index.php?rest_route=\/wp\/v2\/posts\/33053","targetHints":{"allow":["GET"]}}],"collection":[{"href":"https:\/\/ostrowskatv.pl\/index.php?rest_route=\/wp\/v2\/posts"}],"about":[{"href":"https:\/\/ostrowskatv.pl\/index.php?rest_route=\/wp\/v2\/types\/post"}],"author":[{"embeddable":true,"href":"https:\/\/ostrowskatv.pl\/index.php?rest_route=\/wp\/v2\/users\/1"}],"replies":[{"embeddable":true,"href":"https:\/\/ostrowskatv.pl\/index.php?rest_route=%2Fwp%2Fv2%2Fcomments&post=33053"}],"version-history":[{"count":1,"href":"https:\/\/ostrowskatv.pl\/index.php?rest_route=\/wp\/v2\/posts\/33053\/revisions"}],"predecessor-version":[{"id":33061,"href":"https:\/\/ostrowskatv.pl\/index.php?rest_route=\/wp\/v2\/posts\/33053\/revisions\/33061"}],"wp:featuredmedia":[{"embeddable":true,"href":"https:\/\/ostrowskatv.pl\/index.php?rest_route=\/wp\/v2\/media\/33060"}],"wp:attachment":[{"href":"https:\/\/ostrowskatv.pl\/index.php?rest_route=%2Fwp%2Fv2%2Fmedia&parent=33053"}],"wp:term":[{"taxonomy":"category","embeddable":true,"href":"https:\/\/ostrowskatv.pl\/index.php?rest_route=%2Fwp%2Fv2%2Fcategories&post=33053"},{"taxonomy":"post_tag","embeddable":true,"href":"https:\/\/ostrowskatv.pl\/index.php?rest_route=%2Fwp%2Fv2%2Ftags&post=33053"}],"curies":[{"name":"wp","href":"https:\/\/api.w.org\/{rel}","templated":true}]}}