{"id":33021,"date":"2025-01-11T07:07:13","date_gmt":"2025-01-11T06:07:13","guid":{"rendered":"https:\/\/ostrowskatv.pl\/?p=33021"},"modified":"2025-01-11T07:07:13","modified_gmt":"2025-01-11T06:07:13","slug":"bus-na-boku-w-srodku-8-osob","status":"publish","type":"post","link":"https:\/\/ostrowskatv.pl\/?p=33021","title":{"rendered":"Bus na boku. W \u015brodku 8 os\u00f3b"},"content":{"rendered":"<p>### Gro\u017any wypadek busa w porannych godzinach<\/p>\n<p>Dzi\u015b, kwadrans po godzinie 6 rano, dosz\u0142o do powa\u017cnego wypadku drogowego. Bus marki Opel wypad\u0142 z drogi i przewr\u00f3ci\u0142 si\u0119 na bok. W poje\u017adzie podr\u00f3\u017cowa\u0142o osiem os\u00f3b, z kt\u00f3rych trzy zosta\u0142y zakwalifikowane jako poszkodowane. Dwie z nich, w wyniku odniesionych obra\u017ce\u0144, maj\u0105 zosta\u0107 przetransportowane do szpitala.<\/p>\n<p>Z relacji \u015bwiadk\u00f3w wynika, \u017ce droga w miejscu zdarzenia by\u0142a wyj\u0105tkowo \u015bliska, co mog\u0142o przyczyni\u0107 si\u0119 do utraty kontroli nad pojazdem. Wst\u0119pne ustalenia sugeruj\u0105, \u017ce pasa\u017cerowie busa mog\u0105 by\u0107 obcokrajowcami, cho\u0107 ta informacja nie zosta\u0142a jeszcze oficjalnie potwierdzona.<\/p>\n<p>Na miejscu zdarzenia pracuj\u0105 s\u0142u\u017cby ratunkowe, kt\u00f3re zabezpieczy\u0142y teren i udzielaj\u0105 pomocy poszkodowanym. Przyczyny wypadku b\u0119d\u0105 szczeg\u00f3\u0142owo wyja\u015bniane w toku dalszego post\u0119powania.<\/p>\n<p><img loading=\"lazy\" decoding=\"async\" src=\"https:\/\/ostrowskatv.pl\/wp-content\/uploads\/2025\/01\/1000123375.jpg\" alt=\"\" width=\"865\" height=\"1919\" class=\"alignnone size-full wp-image-33022\" srcset=\"https:\/\/ostrowskatv.pl\/wp-content\/uploads\/2025\/01\/1000123375.jpg 865w, https:\/\/ostrowskatv.pl\/wp-content\/uploads\/2025\/01\/1000123375-135x300.jpg 135w, https:\/\/ostrowskatv.pl\/wp-content\/uploads\/2025\/01\/1000123375-601x1333.jpg 601w, https:\/\/ostrowskatv.pl\/wp-content\/uploads\/2025\/01\/1000123375-692x1536.jpg 692w\" sizes=\"auto, (max-width: 865px) 100vw, 865px\" \/><\/p>\n<p><img loading=\"lazy\" decoding=\"async\" src=\"https:\/\/ostrowskatv.pl\/wp-content\/uploads\/2025\/01\/1000123358.jpg\" alt=\"\" width=\"1600\" height=\"1200\" class=\"alignnone size-full wp-image-33023\" srcset=\"https:\/\/ostrowskatv.pl\/wp-content\/uploads\/2025\/01\/1000123358.jpg 1600w, https:\/\/ostrowskatv.pl\/wp-content\/uploads\/2025\/01\/1000123358-300x225.jpg 300w, https:\/\/ostrowskatv.pl\/wp-content\/uploads\/2025\/01\/1000123358-1333x1000.jpg 1333w, https:\/\/ostrowskatv.pl\/wp-content\/uploads\/2025\/01\/1000123358-1536x1152.jpg 1536w\" sizes=\"auto, (max-width: 1600px) 100vw, 1600px\" \/><\/p>\n<p><img loading=\"lazy\" decoding=\"async\" src=\"https:\/\/ostrowskatv.pl\/wp-content\/uploads\/2025\/01\/1000123355.jpg\" alt=\"\" width=\"1600\" height=\"1200\" class=\"alignnone size-full wp-image-33024\" srcset=\"https:\/\/ostrowskatv.pl\/wp-content\/uploads\/2025\/01\/1000123355.jpg 1600w, https:\/\/ostrowskatv.pl\/wp-content\/uploads\/2025\/01\/1000123355-300x225.jpg 300w, https:\/\/ostrowskatv.pl\/wp-content\/uploads\/2025\/01\/1000123355-1333x1000.jpg 1333w, https:\/\/ostrowskatv.pl\/wp-content\/uploads\/2025\/01\/1000123355-1536x1152.jpg 1536w\" sizes=\"auto, (max-width: 1600px) 100vw, 1600px\" \/><\/p>\n<p><img loading=\"lazy\" decoding=\"async\" src=\"https:\/\/ostrowskatv.pl\/wp-content\/uploads\/2025\/01\/1000123354.jpg\" alt=\"\" width=\"1077\" height=\"759\" class=\"alignnone size-full wp-image-33025\" srcset=\"https:\/\/ostrowskatv.pl\/wp-content\/uploads\/2025\/01\/1000123354.jpg 1077w, https:\/\/ostrowskatv.pl\/wp-content\/uploads\/2025\/01\/1000123354-300x211.jpg 300w, https:\/\/ostrowskatv.pl\/wp-content\/uploads\/2025\/01\/1000123354-120x85.jpg 120w\" sizes=\"auto, (max-width: 1077px) 100vw, 1077px\" \/><\/p>\n<p><img loading=\"lazy\" decoding=\"async\" src=\"https:\/\/ostrowskatv.pl\/wp-content\/uploads\/2025\/01\/1000123366.jpg\" alt=\"\" width=\"1334\" height=\"760\" class=\"alignnone size-full wp-image-33026\" srcset=\"https:\/\/ostrowskatv.pl\/wp-content\/uploads\/2025\/01\/1000123366.jpg 1334w, https:\/\/ostrowskatv.pl\/wp-content\/uploads\/2025\/01\/1000123366-300x171.jpg 300w, https:\/\/ostrowskatv.pl\/wp-content\/uploads\/2025\/01\/1000123366-388x220.jpg 388w\" sizes=\"auto, (max-width: 1334px) 100vw, 1334px\" \/><\/p>\n<p><img loading=\"lazy\" decoding=\"async\" src=\"https:\/\/ostrowskatv.pl\/wp-content\/uploads\/2025\/01\/1000123356.jpg\" alt=\"\" width=\"1265\" height=\"755\" class=\"alignnone size-full wp-image-33027\" srcset=\"https:\/\/ostrowskatv.pl\/wp-content\/uploads\/2025\/01\/1000123356.jpg 1265w, https:\/\/ostrowskatv.pl\/wp-content\/uploads\/2025\/01\/1000123356-300x179.jpg 300w\" sizes=\"auto, (max-width: 1265px) 100vw, 1265px\" \/><\/p>\n<p><img loading=\"lazy\" decoding=\"async\" src=\"https:\/\/ostrowskatv.pl\/wp-content\/uploads\/2025\/01\/1000123339.jpg\" alt=\"\" width=\"1920\" height=\"1065\" class=\"alignnone size-full wp-image-33028\" srcset=\"https:\/\/ostrowskatv.pl\/wp-content\/uploads\/2025\/01\/1000123339.jpg 1920w, https:\/\/ostrowskatv.pl\/wp-content\/uploads\/2025\/01\/1000123339-300x166.jpg 300w, https:\/\/ostrowskatv.pl\/wp-content\/uploads\/2025\/01\/1000123339-1333x739.jpg 1333w, https:\/\/ostrowskatv.pl\/wp-content\/uploads\/2025\/01\/1000123339-1536x852.jpg 1536w\" sizes=\"auto, (max-width: 1920px) 100vw, 1920px\" \/><\/p>\n<p><img loading=\"lazy\" decoding=\"async\" src=\"https:\/\/ostrowskatv.pl\/wp-content\/uploads\/2025\/01\/1000123343.jpg\" alt=\"\" width=\"1920\" height=\"1062\" class=\"alignnone size-full wp-image-33029\" srcset=\"https:\/\/ostrowskatv.pl\/wp-content\/uploads\/2025\/01\/1000123343.jpg 1920w, https:\/\/ostrowskatv.pl\/wp-content\/uploads\/2025\/01\/1000123343-300x166.jpg 300w, https:\/\/ostrowskatv.pl\/wp-content\/uploads\/2025\/01\/1000123343-1333x737.jpg 1333w, https:\/\/ostrowskatv.pl\/wp-content\/uploads\/2025\/01\/1000123343-1536x850.jpg 1536w\" sizes=\"auto, (max-width: 1920px) 100vw, 1920px\" \/><\/p>\n<p><img loading=\"lazy\" decoding=\"async\" src=\"https:\/\/ostrowskatv.pl\/wp-content\/uploads\/2025\/01\/1000123203.jpg\" alt=\"\" width=\"1920\" height=\"1440\" class=\"alignnone size-full wp-image-33030\" srcset=\"https:\/\/ostrowskatv.pl\/wp-content\/uploads\/2025\/01\/1000123203.jpg 1920w, https:\/\/ostrowskatv.pl\/wp-content\/uploads\/2025\/01\/1000123203-300x225.jpg 300w, https:\/\/ostrowskatv.pl\/wp-content\/uploads\/2025\/01\/1000123203-1333x1000.jpg 1333w, https:\/\/ostrowskatv.pl\/wp-content\/uploads\/2025\/01\/1000123203-1536x1152.jpg 1536w\" sizes=\"auto, (max-width: 1920px) 100vw, 1920px\" \/><\/p>\n<p>OSP Dobrzyca <\/p>\n","protected":false},"excerpt":{"rendered":"### Gro\u017any wypadek busa w porannych godzinach Dzi\u015b, kwadrans po godzinie 6 rano, dosz\u0142o do powa\u017cnego wypadku drogowego. Bus marki Opel wypad\u0142 z \n<a class=\"moretag\" href=\"https:\/\/ostrowskatv.pl\/?p=33021\"> [...]<\/a>","protected":false},"author":1,"featured_media":33026,"comment_status":"open","ping_status":"closed","sticky":false,"template":"","format":"standard","meta":{"footnotes":""},"categories":[1],"tags":[],"class_list":["post-33021","post","type-post","status-publish","format-standard","has-post-thumbnail","hentry","category-news"],"_links":{"self":[{"href":"https:\/\/ostrowskatv.pl\/index.php?rest_route=\/wp\/v2\/posts\/33021","targetHints":{"allow":["GET"]}}],"collection":[{"href":"https:\/\/ostrowskatv.pl\/index.php?rest_route=\/wp\/v2\/posts"}],"about":[{"href":"https:\/\/ostrowskatv.pl\/index.php?rest_route=\/wp\/v2\/types\/post"}],"author":[{"embeddable":true,"href":"https:\/\/ostrowskatv.pl\/index.php?rest_route=\/wp\/v2\/users\/1"}],"replies":[{"embeddable":true,"href":"https:\/\/ostrowskatv.pl\/index.php?rest_route=%2Fwp%2Fv2%2Fcomments&post=33021"}],"version-history":[{"count":1,"href":"https:\/\/ostrowskatv.pl\/index.php?rest_route=\/wp\/v2\/posts\/33021\/revisions"}],"predecessor-version":[{"id":33031,"href":"https:\/\/ostrowskatv.pl\/index.php?rest_route=\/wp\/v2\/posts\/33021\/revisions\/33031"}],"wp:featuredmedia":[{"embeddable":true,"href":"https:\/\/ostrowskatv.pl\/index.php?rest_route=\/wp\/v2\/media\/33026"}],"wp:attachment":[{"href":"https:\/\/ostrowskatv.pl\/index.php?rest_route=%2Fwp%2Fv2%2Fmedia&parent=33021"}],"wp:term":[{"taxonomy":"category","embeddable":true,"href":"https:\/\/ostrowskatv.pl\/index.php?rest_route=%2Fwp%2Fv2%2Fcategories&post=33021"},{"taxonomy":"post_tag","embeddable":true,"href":"https:\/\/ostrowskatv.pl\/index.php?rest_route=%2Fwp%2Fv2%2Ftags&post=33021"}],"curies":[{"name":"wp","href":"https:\/\/api.w.org\/{rel}","templated":true}]}}