{"id":330,"date":"2016-02-09T11:20:26","date_gmt":"2016-02-09T10:20:26","guid":{"rendered":"http:\/\/ostrowska.tv\/?p=330"},"modified":"2016-02-09T11:25:30","modified_gmt":"2016-02-09T10:25:30","slug":"dyrektor-ii-lo-sie-poddaje","status":"publish","type":"post","link":"https:\/\/ostrowskatv.pl\/?p=330","title":{"rendered":"Dyrektor II LO si\u0119 poddaje?"},"content":{"rendered":"<p><strong>W pa\u017adzierniku ubieg\u0142ego roku informowali\u015bmy o trudnej sytuacji w II Liceum Og\u00f3lnokszta\u0142c\u0105cym, gdzie dosz\u0142o do konfliktu pomi\u0119dzy cz\u0119\u015bci\u0105 nauczycieli, a dyrektorem Karolem Marsza\u0142em.<\/strong><\/p>\n<p>O ca\u0142ej sprawie dowiedzieli\u015bmy si\u0119 z anonim\u00f3w, kt\u00f3re trafia\u0142y regularnie trafia\u0142y do lokalnych dziennikarzy i instytucji. Cz\u0119\u015b\u0107 nauczycieli zarzuca\u0142a swojemu szefowi stosowanie mobbingu. Ten zaprzecza\u0142 i prosi\u0142 o spok\u00f3j. <strong>Karol Marsza\u0142<\/strong> zapewnia\u0142 r\u00f3wnie\u017c, \u017ce ma wizj\u0119 i wie, jak wyprowadzi\u0107 szko\u0142\u0119 z kryzysu, w kt\u00f3rym nie znalaz\u0142a.<\/p>\n<p>Od tego czasu min\u0119\u0142o kilka miesi\u0119cy. Co si\u0119 zmieni\u0142o? II Liceum Og\u00f3lnokszta\u0142c\u0105ce ju\u017c wkr\u00f3tce mo\u017ce zosta\u0107 bez dyrektora. Jak uda\u0142o nam si\u0119 ustali\u0107, <strong>Karol Marsza\u0142<\/strong> zg\u0142osi\u0142 si\u0119 do konkursu na dyrektora w jednej ze szk\u00f3\u0142 w gminie Raszk\u00f3w (prawdopodobnie chodzi o Szko\u0142\u0119 Podstawow\u0105 im. Arkadego Fiedlera). &#8211; <em>Mam takie prawo i z niego korzystam. Nic si\u0119 jeszcze nie wydarzy\u0142o, bo procedury w tej sprawie trwaj\u0105. Do tematu nie mam zamiaru si\u0119 szerzej ustosunkowywa\u0107. Wszystkie osoby, kt\u00f3re powinny wiedzie\u0107 o moich dzia\u0142aniach, zosta\u0142y o nich poinformowane<\/em> &#8211; powiedzia\u0142 <strong>Karol Marsza\u0142<\/strong>.<\/p>\n<p><strong>Karol Marsza\u0142<\/strong> twierdzi, \u017ce poinformowa\u0142 o swoich planach wszystkie osoby, kt\u00f3rym powinny by\u0107 one znane. Wiele wskazuje jednak na to, \u017ce jego decyzja mo\u017ce by\u0107 zaskoczeniem dla Starosty Powiatu Ostrowskiego. <strong>Paw\u0142a Rajskiego<\/strong> o temat dyrektora II LO pytali\u015bmy 23 stycznia i przyzna\u0142, \u017ce nic na ten temat nie wie, a pan <strong>Marsza\u0142<\/strong> ma kontrakt do sierpnia 2017 roku.<\/p>\n<p>Wszystko wskazuje jednak na to, \u017ce aktualny wci\u0105\u017c dyrektor II LO nie zamierza do ko\u0144ca wype\u0142ni\u0107 swojej umowy. Na pytanie dziennikarza czy decyzj\u0119 o starcie na dyrektora innej szko\u0142y mo\u017cna traktowa\u0107 jako ucieczka z ton\u0105cego okr\u0119tu, odpowiedzia\u0142, \u017ce \u201emo\u017cna tak te\u017c to odbiera\u0107\u201d. A jak Pa\u0144stwo odbieraj\u0105 ca\u0142\u0105 sytuacj\u0119? <strong>Zach\u0119camy do dyskusji w komentarzach<\/strong>.<\/p>\n","protected":false},"excerpt":{"rendered":"W pa\u017adzierniku ubieg\u0142ego roku informowali\u015bmy o trudnej sytuacji w II Liceum Og\u00f3lnokszta\u0142c\u0105cym, gdzie dosz\u0142o do konfliktu pomi\u0119dzy cz\u0119\u015bci\u0105 nauczycieli, a dyrektorem Karolem Marsza\u0142em. \n<a class=\"moretag\" href=\"https:\/\/ostrowskatv.pl\/?p=330\"> [...]<\/a>","protected":false},"author":1,"featured_media":331,"comment_status":"open","ping_status":"open","sticky":false,"template":"","format":"standard","meta":{"footnotes":""},"categories":[1],"tags":[44],"class_list":["post-330","post","type-post","status-publish","format-standard","has-post-thumbnail","hentry","category-news","tag-powiat"],"_links":{"self":[{"href":"https:\/\/ostrowskatv.pl\/index.php?rest_route=\/wp\/v2\/posts\/330","targetHints":{"allow":["GET"]}}],"collection":[{"href":"https:\/\/ostrowskatv.pl\/index.php?rest_route=\/wp\/v2\/posts"}],"about":[{"href":"https:\/\/ostrowskatv.pl\/index.php?rest_route=\/wp\/v2\/types\/post"}],"author":[{"embeddable":true,"href":"https:\/\/ostrowskatv.pl\/index.php?rest_route=\/wp\/v2\/users\/1"}],"replies":[{"embeddable":true,"href":"https:\/\/ostrowskatv.pl\/index.php?rest_route=%2Fwp%2Fv2%2Fcomments&post=330"}],"version-history":[{"count":0,"href":"https:\/\/ostrowskatv.pl\/index.php?rest_route=\/wp\/v2\/posts\/330\/revisions"}],"wp:featuredmedia":[{"embeddable":true,"href":"https:\/\/ostrowskatv.pl\/index.php?rest_route=\/wp\/v2\/media\/331"}],"wp:attachment":[{"href":"https:\/\/ostrowskatv.pl\/index.php?rest_route=%2Fwp%2Fv2%2Fmedia&parent=330"}],"wp:term":[{"taxonomy":"category","embeddable":true,"href":"https:\/\/ostrowskatv.pl\/index.php?rest_route=%2Fwp%2Fv2%2Fcategories&post=330"},{"taxonomy":"post_tag","embeddable":true,"href":"https:\/\/ostrowskatv.pl\/index.php?rest_route=%2Fwp%2Fv2%2Ftags&post=330"}],"curies":[{"name":"wp","href":"https:\/\/api.w.org\/{rel}","templated":true}]}}