{"id":33,"date":"2015-12-18T19:28:40","date_gmt":"2015-12-18T18:28:40","guid":{"rendered":"http:\/\/ostrowska.tv\/?p=33"},"modified":"2015-12-18T19:28:40","modified_gmt":"2015-12-18T18:28:40","slug":"pozar-kurnika-w-chynowej","status":"publish","type":"post","link":"https:\/\/ostrowskatv.pl\/?p=33","title":{"rendered":"Po\u017car kurnika w Chynowej"},"content":{"rendered":"<p>W pi\u0105tek o godzinie 16:00 dosz\u0142o do po\u017caru kurnika we wsi Chynowa k. Przygodzic (powiat ostrowski\/ woj. wielkopolskie). Po\u017car zauwa\u017cyli okoliczni mieszka\u0144cy. Gdy przyby\u0142y na miejsce pierwsze jednostki stra\u017cy po\u017carnej, ca\u0142y budynek by\u0142 obj\u0119ty ogniem. Dzie\u0144 wcze\u015bniej w\u0142a\u015bciciele wpu\u015bcili do \u015brodka kurnika malutkie kurcz\u0119ta. W wyniku po\u017caru wszystkie zgin\u0119\u0142y. Budynek by\u0142 o rozmiarach 100 x 15 metr\u00f3w.<\/p>\n<p><iframe loading=\"lazy\" width=\"640\" height=\"360\" src=\"https:\/\/www.youtube.com\/embed\/ASbMv_7LboI?rel=0&amp;showinfo=0\" frameborder=\"0\" allowfullscreen><\/iframe><\/p>\n","protected":false},"excerpt":{"rendered":"W pi\u0105tek o godzinie 16:00 dosz\u0142o do po\u017caru kurnika we wsi Chynowa k. Przygodzic (powiat ostrowski\/ woj. wielkopolskie). Po\u017car zauwa\u017cyli okoliczni mieszka\u0144cy. Gdy \n<a class=\"moretag\" href=\"https:\/\/ostrowskatv.pl\/?p=33\"> [...]<\/a>","protected":false},"author":1,"featured_media":34,"comment_status":"open","ping_status":"open","sticky":false,"template":"","format":"standard","meta":{"footnotes":""},"categories":[1],"tags":[7],"class_list":["post-33","post","type-post","status-publish","format-standard","has-post-thumbnail","hentry","category-news","tag-pozar"],"_links":{"self":[{"href":"https:\/\/ostrowskatv.pl\/index.php?rest_route=\/wp\/v2\/posts\/33","targetHints":{"allow":["GET"]}}],"collection":[{"href":"https:\/\/ostrowskatv.pl\/index.php?rest_route=\/wp\/v2\/posts"}],"about":[{"href":"https:\/\/ostrowskatv.pl\/index.php?rest_route=\/wp\/v2\/types\/post"}],"author":[{"embeddable":true,"href":"https:\/\/ostrowskatv.pl\/index.php?rest_route=\/wp\/v2\/users\/1"}],"replies":[{"embeddable":true,"href":"https:\/\/ostrowskatv.pl\/index.php?rest_route=%2Fwp%2Fv2%2Fcomments&post=33"}],"version-history":[{"count":0,"href":"https:\/\/ostrowskatv.pl\/index.php?rest_route=\/wp\/v2\/posts\/33\/revisions"}],"wp:featuredmedia":[{"embeddable":true,"href":"https:\/\/ostrowskatv.pl\/index.php?rest_route=\/wp\/v2\/media\/34"}],"wp:attachment":[{"href":"https:\/\/ostrowskatv.pl\/index.php?rest_route=%2Fwp%2Fv2%2Fmedia&parent=33"}],"wp:term":[{"taxonomy":"category","embeddable":true,"href":"https:\/\/ostrowskatv.pl\/index.php?rest_route=%2Fwp%2Fv2%2Fcategories&post=33"},{"taxonomy":"post_tag","embeddable":true,"href":"https:\/\/ostrowskatv.pl\/index.php?rest_route=%2Fwp%2Fv2%2Ftags&post=33"}],"curies":[{"name":"wp","href":"https:\/\/api.w.org\/{rel}","templated":true}]}}